{"id":901,"date":"2021-09-15T08:00:14","date_gmt":"2021-09-15T08:00:14","guid":{"rendered":"https:\/\/ecobnb.es\/blog\/?p=901"},"modified":"2021-07-15T06:41:52","modified_gmt":"2021-07-15T06:41:52","slug":"lugares-hojas-otono-europa","status":"publish","type":"post","link":"https:\/\/ecobnb.es\/blog\/2021\/09\/lugares-hojas-otono-europa\/","title":{"rendered":"10 Lugares Para Disfrutar De Las Hojas Del Oto\u00f1o"},"content":{"rendered":"<p>Llega el <strong>oto\u00f1o<\/strong>, la estaci\u00f3n de las setas, las casta\u00f1as y por supuesto, el follaje. Las <strong>hojas del oto\u00f1o<\/strong> empiezan a cambiar de color, se ti\u00f1en de<strong> rojo y naranja<\/strong> y los bosques parecen una <strong>explosi\u00f3n de colores<\/strong>. En cada rinc\u00f3n de <strong>Europa<\/strong> nos esperan paisajes fant\u00e1sticos e id\u00edlicos: el oto\u00f1o es la temporada perfecta para hacer un<strong> viaje por la naturaleza<\/strong>; empieza la temporada baja y los precios disminuyen pero la naturaleza es m\u00e1s <strong>m\u00e1gica<\/strong> todav\u00eda. Descubramos juntos los mejores destinos de Europa para disfrutar del follaje.<\/p>\n<h2>Parque Nacional de Tara, Serbia<\/h2>\n<p><img class=\"alignnone wp-image-903 size-full\" src=\"https:\/\/ecobnb.es\/blog\/app\/uploads\/sites\/6\/2016\/10\/Kanjon_Ra\u010de_sa_vidikovca_Crnjeskovo_Nacionalni_park_Tara-870x490.jpg\" alt=\"Kanjon_Ra\u010de_sa_vidikovca_Crnjeskovo_Nacionalni_park_Tara-870x490\" width=\"870\" height=\"490\" srcset=\"https:\/\/ecobnb.es\/blog\/app\/uploads\/sites\/6\/2016\/10\/Kanjon_Ra\u010de_sa_vidikovca_Crnjeskovo_Nacionalni_park_Tara-870x490.jpg 870w, https:\/\/ecobnb.es\/blog\/app\/uploads\/sites\/6\/2016\/10\/Kanjon_Ra\u010de_sa_vidikovca_Crnjeskovo_Nacionalni_park_Tara-870x490-536x302.jpg 536w, https:\/\/ecobnb.es\/blog\/app\/uploads\/sites\/6\/2016\/10\/Kanjon_Ra\u010de_sa_vidikovca_Crnjeskovo_Nacionalni_park_Tara-870x490-570x320.jpg 570w, https:\/\/ecobnb.es\/blog\/app\/uploads\/sites\/6\/2016\/10\/Kanjon_Ra\u010de_sa_vidikovca_Crnjeskovo_Nacionalni_park_Tara-870x490-344x194.jpg 344w\" sizes=\"(max-width: 870px) 100vw, 870px\" \/><\/p>\n<p><strong>Serbia<\/strong> todav\u00eda es un destino desconocido por el turismo de masas, pero ofrece a sus visitantes una naturaleza incontaminada y una gran cantidad de lugares maravillosos, entre ellos el <strong>Parque Nacional de Tara<\/strong>. Sum\u00e9rgete en un bosque con\u00edfero y abetos rojos, descubre las cimas de las monta\u00f1as, explora su asombroso ca\u00f1\u00f3n y goza de los colores del oto\u00f1o que envuelven los r\u00edos.<\/p>\n<p><strong>D\u00f3nde dormir<\/strong>: pasa tus vacaciones en un pueblo t\u00edpico, aloj\u00e1ndote en <a href=\"https:\/\/ecobnb.es\/RS-zlatibor-district\/accommodation\/kremna-housholding-ivanovic\/T814J\" target=\"_blank\" rel=\"noopener\">casas de madera ecol\u00f3gicas<\/a>.<\/p>\n<h2>Lago de Bled, Eslovenia<\/h2>\n<div id=\"attachment_904\" class=\"thumbnail alignnone\"><img class=\"wp-image-904 size-full\" src=\"https:\/\/ecobnb.es\/blog\/app\/uploads\/sites\/6\/2016\/10\/Foto-de-Malcolm-Carlaw-v\u00eda-Flickr.jpg\" alt=\"Foto de Malcolm Carlaw v\u00eda Flickr\" width=\"870\" height=\"490\" srcset=\"https:\/\/ecobnb.es\/blog\/app\/uploads\/sites\/6\/2016\/10\/Foto-de-Malcolm-Carlaw-v\u00eda-Flickr.jpg 870w, https:\/\/ecobnb.es\/blog\/app\/uploads\/sites\/6\/2016\/10\/Foto-de-Malcolm-Carlaw-v\u00eda-Flickr-536x302.jpg 536w, https:\/\/ecobnb.es\/blog\/app\/uploads\/sites\/6\/2016\/10\/Foto-de-Malcolm-Carlaw-v\u00eda-Flickr-570x320.jpg 570w, https:\/\/ecobnb.es\/blog\/app\/uploads\/sites\/6\/2016\/10\/Foto-de-Malcolm-Carlaw-v\u00eda-Flickr-344x194.jpg 344w\" sizes=\"(max-width: 870px) 100vw, 870px\" \/><div class=\"caption\">Foto de Malcolm Carlaw v\u00eda Flickr<\/div><\/div>\n<p>El famoso <strong>lago de Bled<\/strong> merece ser visitado en todas las estaciones del a\u00f1o, pero la mejor temporada es el oto\u00f1o. Los d\u00edas todav\u00eda no son muy fr\u00edos y rodear el lago andando es una experiencia maravillosa. Esta <strong>joya de Eslovenia<\/strong> est\u00e1 rodeada de \u00e1rboles y de sus miles matices, un espect\u00e1culo incre\u00edble.<\/p>\n<p><strong>D\u00f3nde dormir<\/strong>: \u00a1descubre la experiencia del <a href=\"https:\/\/ecobnb.es\/SI-bled\/camping\/glamping-gozdne-vile\/63f4Q\" target=\"_blank\" rel=\"noopener\">glamping<\/a> a pocos pasos del lago!<\/p>\n<h2>Tirol, Austria<\/h2>\n<div id=\"attachment_905\" class=\"thumbnail alignnone\"><img class=\"wp-image-905 size-full\" src=\"https:\/\/ecobnb.es\/blog\/app\/uploads\/sites\/6\/2016\/10\/Foto-de-Giorgio___-v\u00eda-Flickr.jpg\" alt=\"Foto de Giorgio___ v\u00eda Flickr\" width=\"870\" height=\"490\" srcset=\"https:\/\/ecobnb.es\/blog\/app\/uploads\/sites\/6\/2016\/10\/Foto-de-Giorgio___-v\u00eda-Flickr.jpg 870w, https:\/\/ecobnb.es\/blog\/app\/uploads\/sites\/6\/2016\/10\/Foto-de-Giorgio___-v\u00eda-Flickr-536x302.jpg 536w, https:\/\/ecobnb.es\/blog\/app\/uploads\/sites\/6\/2016\/10\/Foto-de-Giorgio___-v\u00eda-Flickr-570x320.jpg 570w, https:\/\/ecobnb.es\/blog\/app\/uploads\/sites\/6\/2016\/10\/Foto-de-Giorgio___-v\u00eda-Flickr-344x194.jpg 344w\" sizes=\"(max-width: 870px) 100vw, 870px\" \/><div class=\"caption\">Foto de Giorgio___ v\u00eda Flickr<\/div><\/div>\n<p>Nos montamos en bici y vamos al descubrimiento de los bosques del Tirol, que reflejan sus mejores colores, del oro amarillento a un rojo profundo. Aqu\u00ed nos espera una <strong>red de carriles bici<\/strong> de m\u00e1s de 3800 km entre pueblos y bosques; adem\u00e1s, esta es la temporada de fiestas locales y ferias. No te puedes perder el <strong>Gro\u00dfer Ahornboden<\/strong>, un bosque enorme lleno de arces rojos a 1200 metros de altura.<\/p>\n<p><strong>D\u00f3nde dormir<\/strong>: \u00a1No hay nada mejor que un desayuno biol\u00f3gico y una sauna t\u00edpica del Tirol para disfrutar de tus vacaciones en Austria! El <a href=\"https:\/\/ecobnb.es\/AT-innsbruck\/hotel\/bio-landpension-monika\/7gWT1\" target=\"_blank\" rel=\"noopener\">Bio-Landpension Monika<\/a> te espera.<\/p>\n<h2>Valle de Blenio, Suiza<\/h2>\n<div id=\"attachment_906\" class=\"thumbnail alignnone\"><img class=\"wp-image-906 size-full\" src=\"https:\/\/ecobnb.es\/blog\/app\/uploads\/sites\/6\/2016\/10\/San-Carlo-di-Negrentino-visto-desde-el-valle-di-Blenio-Canton-Tesino-foto-de-Roland-Gerth-v\u00eda-swiss-image.ch_.jpg\" alt=\"San Carlo di Negrentino visto desde el valle di Blenio, Canton Tesino, foto de Roland Gerth, v\u00eda swiss-image.ch\" width=\"700\" height=\"467\" srcset=\"https:\/\/ecobnb.es\/blog\/app\/uploads\/sites\/6\/2016\/10\/San-Carlo-di-Negrentino-visto-desde-el-valle-di-Blenio-Canton-Tesino-foto-de-Roland-Gerth-v\u00eda-swiss-image.ch_.jpg 700w, https:\/\/ecobnb.es\/blog\/app\/uploads\/sites\/6\/2016\/10\/San-Carlo-di-Negrentino-visto-desde-el-valle-di-Blenio-Canton-Tesino-foto-de-Roland-Gerth-v\u00eda-swiss-image.ch_-536x358.jpg 536w, https:\/\/ecobnb.es\/blog\/app\/uploads\/sites\/6\/2016\/10\/San-Carlo-di-Negrentino-visto-desde-el-valle-di-Blenio-Canton-Tesino-foto-de-Roland-Gerth-v\u00eda-swiss-image.ch_-344x229.jpg 344w\" sizes=\"(max-width: 700px) 100vw, 700px\" \/><div class=\"caption\">San Carlo di Negrentino visto desde el valle di Blenio, Canton Tesino, foto de Roland Gerth, v\u00eda swiss-image.ch<\/div><\/div>\n<p><strong>Suiza<\/strong> tambi\u00e9n es un destino perfecto para disfrutar del follaje: te aconsejamos visitar el valle t\u00edpico de los Alpes, el <strong>Valle de Blenio<\/strong> en el <strong>cant\u00f3n de Tesino<\/strong>. Puedes recorrerlo andando por senderos entre vi\u00f1edos, reba\u00f1os y bosques de este rinc\u00f3n de Suiza iluminado por el sol.<\/p>\n<p><strong>D\u00f3nde dormir<\/strong>: \u00a1Descubre todos los <a href=\"https:\/\/ecobnb.es\/s\/Suiza?guest=1&amp;bounds=47.808455%2C10.49234%2C45.81792%2C5.95608\" target=\"_blank\" rel=\"noopener\">alojamientos eco-sostenibles de Suiza<\/a>!<\/p>\n<h2>Loira, Francia<\/h2>\n<div id=\"attachment_907\" class=\"thumbnail alignnone\"><img class=\"wp-image-907 size-full\" src=\"https:\/\/ecobnb.es\/blog\/app\/uploads\/sites\/6\/2016\/10\/Foto-de-Francisco-Gonzalez-v\u00eda-Flickr.jpg\" alt=\"Foto de Francisco Gonzalez v\u00eda Flickr\" width=\"870\" height=\"490\" srcset=\"https:\/\/ecobnb.es\/blog\/app\/uploads\/sites\/6\/2016\/10\/Foto-de-Francisco-Gonzalez-v\u00eda-Flickr.jpg 870w, https:\/\/ecobnb.es\/blog\/app\/uploads\/sites\/6\/2016\/10\/Foto-de-Francisco-Gonzalez-v\u00eda-Flickr-536x302.jpg 536w, https:\/\/ecobnb.es\/blog\/app\/uploads\/sites\/6\/2016\/10\/Foto-de-Francisco-Gonzalez-v\u00eda-Flickr-570x320.jpg 570w, https:\/\/ecobnb.es\/blog\/app\/uploads\/sites\/6\/2016\/10\/Foto-de-Francisco-Gonzalez-v\u00eda-Flickr-344x194.jpg 344w\" sizes=\"(max-width: 870px) 100vw, 870px\" \/><div class=\"caption\">Foto de Francisco Gonzalez v\u00eda Flickr<\/div><\/div>\n<p>Esta c\u00e9lebre zona de <strong>Francia<\/strong> regala, en los meses de octubre y noviembre, espect\u00e1culos incre\u00edbles: el follaje de los vi\u00f1edos hace a\u00fan m\u00e1s atractivos los paisajes que rodean los famosos castillos.<\/p>\n<p><strong>D\u00f3nde dormir<\/strong>: \u00a1reserva ya tu <a href=\"https:\/\/ecobnb.es\/FR-loire\/ecovillage\/les-cabanes-de-la-croix-couverte\/S001T\" target=\"_blank\" rel=\"noopener\">caba\u00f1a\u00a0en el bosque<\/a>!<\/p>\n<h2>La ruta de los vinos: Alemania<\/h2>\n<p><img class=\"alignnone wp-image-908 size-full\" src=\"https:\/\/ecobnb.es\/blog\/app\/uploads\/sites\/6\/2016\/10\/dragon-rock-522780_1920-870x490.jpg\" alt=\"dragon-rock-522780_1920-870x490\" width=\"870\" height=\"490\" srcset=\"https:\/\/ecobnb.es\/blog\/app\/uploads\/sites\/6\/2016\/10\/dragon-rock-522780_1920-870x490.jpg 870w, https:\/\/ecobnb.es\/blog\/app\/uploads\/sites\/6\/2016\/10\/dragon-rock-522780_1920-870x490-536x302.jpg 536w, https:\/\/ecobnb.es\/blog\/app\/uploads\/sites\/6\/2016\/10\/dragon-rock-522780_1920-870x490-570x320.jpg 570w, https:\/\/ecobnb.es\/blog\/app\/uploads\/sites\/6\/2016\/10\/dragon-rock-522780_1920-870x490-344x194.jpg 344w\" sizes=\"(max-width: 870px) 100vw, 870px\" \/><\/p>\n<p>En Alemania tambi\u00e9n existe un lugar perfecto para los amantes del vino: se trata de <strong>Deutsche Weinstra\u00dfe<\/strong> que empieza en Bocknheim y llega hasta la frontera con Francia. Recorrerla significa sumergirse en paisajes y vi\u00f1edos rojos y amarillos, donde se pueden ver bonitos pueblos.<\/p>\n<p><strong>D\u00f3nde dormir<\/strong>: reserva tus vacaciones en <a href=\"https:\/\/ecobnb.es\/DE-bad-kreuznach\/bed-breakfast\/ganz\/p8c9g\" target=\"_blank\" rel=\"noopener\">Biohotel G\u00e4nz<\/a> para pasar unos d\u00edas de relax en una de las zonas de vi\u00f1edos m\u00e1s hermosa de Alemania.<\/p>\n<h2>Highlands, Escocia<\/h2>\n<div id=\"attachment_909\" class=\"thumbnail alignnone\"><img class=\"wp-image-909 size-full\" src=\"https:\/\/ecobnb.es\/blog\/app\/uploads\/sites\/6\/2016\/10\/Foto-de-Jacob-Martin-v\u00eda-Flickr.jpg\" alt=\"Foto de Jacob Martin v\u00eda Flickr\" width=\"870\" height=\"490\" srcset=\"https:\/\/ecobnb.es\/blog\/app\/uploads\/sites\/6\/2016\/10\/Foto-de-Jacob-Martin-v\u00eda-Flickr.jpg 870w, https:\/\/ecobnb.es\/blog\/app\/uploads\/sites\/6\/2016\/10\/Foto-de-Jacob-Martin-v\u00eda-Flickr-536x302.jpg 536w, https:\/\/ecobnb.es\/blog\/app\/uploads\/sites\/6\/2016\/10\/Foto-de-Jacob-Martin-v\u00eda-Flickr-570x320.jpg 570w, https:\/\/ecobnb.es\/blog\/app\/uploads\/sites\/6\/2016\/10\/Foto-de-Jacob-Martin-v\u00eda-Flickr-344x194.jpg 344w\" sizes=\"(max-width: 870px) 100vw, 870px\" \/><div class=\"caption\">Foto de Jacob Martin v\u00eda Flickr<\/div><\/div>\n<p>El oto\u00f1o de <strong>Escocia<\/strong> es encantador, sobre todo cuando la naturaleza salvaje de las Highlands se enciende de rojo y amarillo. Todos los visitantes se quedan sin palabras frente a esta belleza de la naturaleza.<\/p>\n<p><strong>D\u00f3nde dormir<\/strong>: el <a href=\"https:\/\/ecobnb.es\/GB-highland\/bed-breakfast\/huntingtower-lodge\/9F85c\" target=\"_blank\" rel=\"noopener\">Huntingtower Lodge<\/a> es un lugar muy especial, un B&amp;B lujoso pero ecol\u00f3gico, donde disfrutar de \u00f3ptimos desayunos.<\/p>\n<h2>Connemara, Irlanda<\/h2>\n<div id=\"attachment_910\" class=\"thumbnail alignnone\"><img class=\"wp-image-910 size-full\" src=\"https:\/\/ecobnb.es\/blog\/app\/uploads\/sites\/6\/2016\/10\/Foto-de-Francesco-Crippa-v\u00eda-Flickr.jpg\" alt=\"Foto de Francesco Crippa v\u00eda Flickr\" width=\"870\" height=\"490\" srcset=\"https:\/\/ecobnb.es\/blog\/app\/uploads\/sites\/6\/2016\/10\/Foto-de-Francesco-Crippa-v\u00eda-Flickr.jpg 870w, https:\/\/ecobnb.es\/blog\/app\/uploads\/sites\/6\/2016\/10\/Foto-de-Francesco-Crippa-v\u00eda-Flickr-536x302.jpg 536w, https:\/\/ecobnb.es\/blog\/app\/uploads\/sites\/6\/2016\/10\/Foto-de-Francesco-Crippa-v\u00eda-Flickr-570x320.jpg 570w, https:\/\/ecobnb.es\/blog\/app\/uploads\/sites\/6\/2016\/10\/Foto-de-Francesco-Crippa-v\u00eda-Flickr-344x194.jpg 344w\" sizes=\"(max-width: 870px) 100vw, 870px\" \/><div class=\"caption\">Foto de Francesco Crippa v\u00eda Flickr<\/div><\/div>\n<p>Nos movemos a una de las zonas m\u00e1s atrayentes de Irlanda, <strong>las tierras\u00a0de Connemara<\/strong>. Estos meses de oto\u00f1o se ti\u00f1en de nuevos colores ofreciendo a los visitantes unos paisajes incre\u00edbles. Un paseo para recoger moras se convertir\u00e1 en una experiencia \u00fanica.<\/p>\n<p><strong>D\u00f3nde dormir:<\/strong> en <a href=\"https:\/\/ecobnb.es\/IE-galway\/ecovillage\/crann-og-eco-farm\/gpFHn\" target=\"_blank\" rel=\"noopener\">Crann Og Eco<\/a> puedes dormir en una tienda preciosa o en una yurta en total contacto con la naturaleza.<\/p>\n<h2>Baviera, Alemania<\/h2>\n<div id=\"attachment_911\" class=\"thumbnail alignnone\"><img class=\"wp-image-911 size-full\" src=\"https:\/\/ecobnb.es\/blog\/app\/uploads\/sites\/6\/2016\/10\/Foto-de-Waldemar-Merger-v\u00eda-Flickr.jpg\" alt=\"Foto de Waldemar Merger v\u00eda Flickr\" width=\"870\" height=\"490\" srcset=\"https:\/\/ecobnb.es\/blog\/app\/uploads\/sites\/6\/2016\/10\/Foto-de-Waldemar-Merger-v\u00eda-Flickr.jpg 870w, https:\/\/ecobnb.es\/blog\/app\/uploads\/sites\/6\/2016\/10\/Foto-de-Waldemar-Merger-v\u00eda-Flickr-536x302.jpg 536w, https:\/\/ecobnb.es\/blog\/app\/uploads\/sites\/6\/2016\/10\/Foto-de-Waldemar-Merger-v\u00eda-Flickr-570x320.jpg 570w, https:\/\/ecobnb.es\/blog\/app\/uploads\/sites\/6\/2016\/10\/Foto-de-Waldemar-Merger-v\u00eda-Flickr-344x194.jpg 344w\" sizes=\"(max-width: 870px) 100vw, 870px\" \/><div class=\"caption\">Foto de Waldemar Merger v\u00eda Flickr<\/div><\/div>\n<p>Entre los Alpes y las colinas, los paisajes que el <strong>r\u00edo Danubio<\/strong> traza se convierten en verdaderos espect\u00e1culos de la naturaleza en oto\u00f1o. Con un<em> strudel<\/em> entre las manos te enamorar\u00e1s de la magia de esta naturaleza<\/p>\n<p><strong>D\u00f3nde dormir<\/strong>: a pocos pasos de M\u00fanich, se encuentra un<a href=\"https:\/\/ecobnb.es\/DE-upper-bavaria\/hotel\/amvieh-theater\/1BlJB\" target=\"_blank\" rel=\"noopener\"> hotel hecho con bioarquitectura y con electricidad procedente de fuentes renovables<\/a>.<\/p>\n<h2>Valle de Non, Italia<\/h2>\n<div id=\"attachment_912\" class=\"thumbnail alignnone\"><img class=\"wp-image-912 size-full\" src=\"https:\/\/ecobnb.es\/blog\/app\/uploads\/sites\/6\/2016\/10\/Foto-de-Daniele-Dalledonne-v\u00eda-Flickr.jpg\" alt=\"Foto de Daniele Dalledonne v\u00eda Flickr\" width=\"870\" height=\"490\" srcset=\"https:\/\/ecobnb.es\/blog\/app\/uploads\/sites\/6\/2016\/10\/Foto-de-Daniele-Dalledonne-v\u00eda-Flickr.jpg 870w, https:\/\/ecobnb.es\/blog\/app\/uploads\/sites\/6\/2016\/10\/Foto-de-Daniele-Dalledonne-v\u00eda-Flickr-536x302.jpg 536w, https:\/\/ecobnb.es\/blog\/app\/uploads\/sites\/6\/2016\/10\/Foto-de-Daniele-Dalledonne-v\u00eda-Flickr-570x320.jpg 570w, https:\/\/ecobnb.es\/blog\/app\/uploads\/sites\/6\/2016\/10\/Foto-de-Daniele-Dalledonne-v\u00eda-Flickr-344x194.jpg 344w\" sizes=\"(max-width: 870px) 100vw, 870px\" \/><div class=\"caption\">Foto de Daniele Dalledonne v\u00eda Flickr<\/div><\/div>\n<p>Llegamos al \u00faltimo destino de nuestro viaje entre los colores del oto\u00f1o: el <strong>valle de Trentino<\/strong> es, quiz\u00e1s, uno de los lugares m\u00e1s bonitos de Italia para apreciar este fen\u00f3meno. Los vi\u00f1edos y los campos de manzanos se ti\u00f1en de rojo convirti\u00e9ndose en un cuadro impresionista. No te puedes perder la ruta por el <strong>lago Tovel<\/strong>.<\/p>\n<p><strong>D\u00f3nde dormir<\/strong>: el <a href=\"https:\/\/ecobnb.es\/IT-trento\/resort\/pineta-naturalmente-hotels\/cLFLc\" target=\"_blank\" rel=\"noopener\">Pineta Naturalmente Hotels<\/a> ofrece bonitas habitaciones y maravillosos chalets rodeados por las Dolomitas y una \u00f3ptima comida local.<\/p>\n","protected":false},"excerpt":{"rendered":"<p>Llega el oto\u00f1o, la estaci\u00f3n de las setas, las casta\u00f1as y por supuesto, el follaje. Las hojas del oto\u00f1o empiezan a cambiar de color, se ti\u00f1en de rojo y naranja y los bosques parecen una explosi\u00f3n de colores. En cada rinc\u00f3n de Europa nos esperan paisajes fant\u00e1sticos e id\u00edlicos: el oto\u00f1o es la temporada perfecta [&hellip;]<\/p>\n","protected":false},"author":62,"featured_media":902,"comment_status":"closed","ping_status":"open","sticky":false,"template":"","format":"standard","meta":[],"categories":[40,92],"tags":[145,447,128,478,39,94,480,35,479,38,477,454,37,183],"acf":[],"yoast_head":"<!-- This site is optimized with the Yoast SEO plugin v19.9 - https:\/\/yoast.com\/wordpress\/plugins\/seo\/ -->\n<title>10 Lugares Para Disfrutar De Las Hojas Del Oto\u00f1o - Ecobnb<\/title>\n<meta name=\"description\" content=\"\u00a1Es oto\u00f1o! Descubre lo mejor de esta \u00e9poca en uno de estos 10 destinos de ensue\u00f1o donde la naturaleza te regala incre\u00edbles colores entre las hojas del oto\u00f1o\" \/>\n<meta name=\"robots\" content=\"index, follow, max-snippet:-1, max-image-preview:large, max-video-preview:-1\" \/>\n<link rel=\"canonical\" href=\"https:\/\/ecobnb.es\/blog\/2021\/09\/lugares-hojas-otono-europa\/\" \/>\n<meta property=\"og:locale\" content=\"es_ES\" \/>\n<meta property=\"og:type\" content=\"article\" \/>\n<meta property=\"og:title\" content=\"10 Lugares Para Disfrutar De Las Hojas Del Oto\u00f1o - Ecobnb\" \/>\n<meta property=\"og:description\" content=\"\u00a1Es oto\u00f1o! Descubre lo mejor de esta \u00e9poca en uno de estos 10 destinos de ensue\u00f1o donde la naturaleza te regala incre\u00edbles colores entre las hojas del oto\u00f1o\" \/>\n<meta property=\"og:url\" content=\"https:\/\/ecobnb.es\/blog\/2021\/09\/lugares-hojas-otono-europa\/\" \/>\n<meta property=\"og:site_name\" content=\"Ecobnb\" \/>\n<meta property=\"article:published_time\" content=\"2021-09-15T08:00:14+00:00\" \/>\n<meta property=\"article:modified_time\" content=\"2021-07-15T06:41:52+00:00\" \/>\n<meta property=\"og:image\" content=\"https:\/\/ecobnb.es\/blog\/app\/uploads\/sites\/6\/2016\/10\/Follaje-de-oto\u00f1o.jpg\" \/>\n\t<meta property=\"og:image:width\" content=\"1170\" \/>\n\t<meta property=\"og:image:height\" content=\"490\" \/>\n\t<meta property=\"og:image:type\" content=\"image\/jpeg\" \/>\n<meta name=\"author\" content=\"Isabel Gaval\" \/>\n<meta name=\"twitter:card\" content=\"summary_large_image\" \/>\n<meta name=\"twitter:label1\" content=\"Written by\" \/>\n\t<meta name=\"twitter:data1\" content=\"Isabel Gaval\" \/>\n\t<meta name=\"twitter:label2\" content=\"Est. reading time\" \/>\n\t<meta name=\"twitter:data2\" content=\"5 minutes\" \/>\n<!-- \/ Yoast SEO plugin. -->","yoast_head_json":{"title":"10 Lugares Para Disfrutar De Las Hojas Del Oto\u00f1o - Ecobnb","description":"\u00a1Es oto\u00f1o! Descubre lo mejor de esta \u00e9poca en uno de estos 10 destinos de ensue\u00f1o donde la naturaleza te regala incre\u00edbles colores entre las hojas del oto\u00f1o","robots":{"index":"index","follow":"follow","max-snippet":"max-snippet:-1","max-image-preview":"max-image-preview:large","max-video-preview":"max-video-preview:-1"},"canonical":"https:\/\/ecobnb.es\/blog\/2021\/09\/lugares-hojas-otono-europa\/","og_locale":"es_ES","og_type":"article","og_title":"10 Lugares Para Disfrutar De Las Hojas Del Oto\u00f1o - Ecobnb","og_description":"\u00a1Es oto\u00f1o! Descubre lo mejor de esta \u00e9poca en uno de estos 10 destinos de ensue\u00f1o donde la naturaleza te regala incre\u00edbles colores entre las hojas del oto\u00f1o","og_url":"https:\/\/ecobnb.es\/blog\/2021\/09\/lugares-hojas-otono-europa\/","og_site_name":"Ecobnb","article_published_time":"2021-09-15T08:00:14+00:00","article_modified_time":"2021-07-15T06:41:52+00:00","og_image":[{"width":1170,"height":490,"url":"https:\/\/ecobnb.es\/blog\/app\/uploads\/sites\/6\/2016\/10\/Follaje-de-oto\u00f1o.jpg","type":"image\/jpeg"}],"author":"Isabel Gaval","twitter_card":"summary_large_image","twitter_misc":{"Written by":"Isabel Gaval","Est. reading time":"5 minutes"},"schema":{"@context":"https:\/\/schema.org","@graph":[{"@type":"WebPage","@id":"https:\/\/ecobnb.es\/blog\/2021\/09\/lugares-hojas-otono-europa\/","url":"https:\/\/ecobnb.es\/blog\/2021\/09\/lugares-hojas-otono-europa\/","name":"10 Lugares Para Disfrutar De Las Hojas Del Oto\u00f1o - Ecobnb","isPartOf":{"@id":"https:\/\/ecobnb.es\/blog\/#website"},"datePublished":"2021-09-15T08:00:14+00:00","dateModified":"2021-07-15T06:41:52+00:00","author":{"@id":"https:\/\/ecobnb.es\/blog\/#\/schema\/person\/328fbcbc31ff5918842f18633ac2c6fa"},"description":"\u00a1Es oto\u00f1o! Descubre lo mejor de esta \u00e9poca en uno de estos 10 destinos de ensue\u00f1o donde la naturaleza te regala incre\u00edbles colores entre las hojas del oto\u00f1o","breadcrumb":{"@id":"https:\/\/ecobnb.es\/blog\/2021\/09\/lugares-hojas-otono-europa\/#breadcrumb"},"inLanguage":"es-ES","potentialAction":[{"@type":"ReadAction","target":["https:\/\/ecobnb.es\/blog\/2021\/09\/lugares-hojas-otono-europa\/"]}]},{"@type":"BreadcrumbList","@id":"https:\/\/ecobnb.es\/blog\/2021\/09\/lugares-hojas-otono-europa\/#breadcrumb","itemListElement":[{"@type":"ListItem","position":1,"name":"Home","item":"https:\/\/ecobnb.es\/blog\/"},{"@type":"ListItem","position":2,"name":"10 Lugares Para Disfrutar De Las Hojas Del Oto\u00f1o"}]},{"@type":"WebSite","@id":"https:\/\/ecobnb.es\/blog\/#website","url":"https:\/\/ecobnb.es\/blog\/","name":"Ecobnb","description":"Find sustainable accommodation","potentialAction":[{"@type":"SearchAction","target":{"@type":"EntryPoint","urlTemplate":"https:\/\/ecobnb.es\/blog\/?s={search_term_string}"},"query-input":"required name=search_term_string"}],"inLanguage":"es-ES"},{"@type":"Person","@id":"https:\/\/ecobnb.es\/blog\/#\/schema\/person\/328fbcbc31ff5918842f18633ac2c6fa","name":"Isabel Gaval","image":{"@type":"ImageObject","inLanguage":"es-ES","@id":"https:\/\/ecobnb.es\/blog\/#\/schema\/person\/image\/","url":"https:\/\/secure.gravatar.com\/avatar\/202916cf62cc2b37edf5a28f71bab540?s=96&d=monsterid&r=g","contentUrl":"https:\/\/secure.gravatar.com\/avatar\/202916cf62cc2b37edf5a28f71bab540?s=96&d=monsterid&r=g","caption":"Isabel Gaval"},"description":"Trips, literature and the different languages and cultures which exist inspire me. I\u2019ve studied a degree in Translation, and then I\u2019ve decided to use my knowledge to work in sustainable tourism all around the planet. Professional traveller, always looking for sustainability, I\u2019ve decided to explore the planet and, all together, make our best for improving it.","url":"https:\/\/ecobnb.es\/blog\/author\/isabel\/"}]}},"_links":{"self":[{"href":"https:\/\/ecobnb.es\/blog\/wp-json\/wp\/v2\/posts\/901"}],"collection":[{"href":"https:\/\/ecobnb.es\/blog\/wp-json\/wp\/v2\/posts"}],"about":[{"href":"https:\/\/ecobnb.es\/blog\/wp-json\/wp\/v2\/types\/post"}],"author":[{"embeddable":true,"href":"https:\/\/ecobnb.es\/blog\/wp-json\/wp\/v2\/users\/62"}],"replies":[{"embeddable":true,"href":"https:\/\/ecobnb.es\/blog\/wp-json\/wp\/v2\/comments?post=901"}],"version-history":[{"count":7,"href":"https:\/\/ecobnb.es\/blog\/wp-json\/wp\/v2\/posts\/901\/revisions"}],"predecessor-version":[{"id":5710,"href":"https:\/\/ecobnb.es\/blog\/wp-json\/wp\/v2\/posts\/901\/revisions\/5710"}],"wp:featuredmedia":[{"embeddable":true,"href":"https:\/\/ecobnb.es\/blog\/wp-json\/wp\/v2\/media\/902"}],"wp:attachment":[{"href":"https:\/\/ecobnb.es\/blog\/wp-json\/wp\/v2\/media?parent=901"}],"wp:term":[{"taxonomy":"category","embeddable":true,"href":"https:\/\/ecobnb.es\/blog\/wp-json\/wp\/v2\/categories?post=901"},{"taxonomy":"post_tag","embeddable":true,"href":"https:\/\/ecobnb.es\/blog\/wp-json\/wp\/v2\/tags?post=901"}],"curies":[{"name":"wp","href":"https:\/\/api.w.org\/{rel}","templated":true}]}}