{"id":819,"date":"2020-03-21T08:00:05","date_gmt":"2020-03-21T08:00:05","guid":{"rendered":"https:\/\/ecobnb.es\/blog\/?p=819"},"modified":"2020-01-21T11:59:04","modified_gmt":"2020-01-21T11:59:04","slug":"caminata-poetas-valle-de-zoldo-italia","status":"publish","type":"post","link":"https:\/\/ecobnb.es\/blog\/2020\/03\/caminata-poetas-valle-de-zoldo-italia\/","title":{"rendered":"La caminata de los poetas viandantes, en el Valle de Zoldo (Italia)"},"content":{"rendered":"<p>En el Valle de Zoldo (Italia), justo antes de las <strong>Dolomitas de Belluno<\/strong>, nos espera la incre\u00edble caminata de los poetas viandantes (conocida como &#8220;The wayfaring poets trek&#8221;), que en siete d\u00edas nos deja ver los principales macizos, entre atrevidas bifurcaciones y verdes y pl\u00e1cidos valles.<\/p>\n<div id=\"attachment_821\" class=\"thumbnail alignnone\"><a href=\"https:\/\/ecobnb.es\/blog\/app\/uploads\/sites\/6\/2016\/10\/Anello-Zoldano-tappa-4-6_b-870x490.jpg\"><img class=\"size-full wp-image-821\" src=\"https:\/\/ecobnb.es\/blog\/app\/uploads\/sites\/6\/2016\/10\/Anello-Zoldano-tappa-4-6_b-870x490.jpg\" alt=\"Foto de Franco Voglino y Annalisa Porporato\" width=\"870\" height=\"490\" srcset=\"https:\/\/ecobnb.es\/blog\/app\/uploads\/sites\/6\/2016\/10\/Anello-Zoldano-tappa-4-6_b-870x490.jpg 870w, https:\/\/ecobnb.es\/blog\/app\/uploads\/sites\/6\/2016\/10\/Anello-Zoldano-tappa-4-6_b-870x490-536x302.jpg 536w, https:\/\/ecobnb.es\/blog\/app\/uploads\/sites\/6\/2016\/10\/Anello-Zoldano-tappa-4-6_b-870x490-570x320.jpg 570w, https:\/\/ecobnb.es\/blog\/app\/uploads\/sites\/6\/2016\/10\/Anello-Zoldano-tappa-4-6_b-870x490-344x194.jpg 344w\" sizes=\"(max-width: 870px) 100vw, 870px\" \/><\/a><div class=\"caption\">Foto de Franco Voglino y Annalisa Porporato<\/div><\/div>\n<p><a href=\"https:\/\/ecobnb.es\/blog\/2016\/09\/caminar-bosque\/\" target=\"_blank\" rel=\"noopener\"><strong>Caminar<\/strong> <\/a>est\u00e1 relacionado con el pensamiento. Bien lo sab\u00edan nuestros ancestros, desde los fil\u00f3sofos griegos a los poetas japoneses, que compusieron sus mejores obras paseando. Hacer un <strong>senderismo<\/strong> de varios d\u00edas en las monta\u00f1as italianas puede ser la excusa perfecta para permitir que nuestra mente vague en libertad, saboreando la lentitud y perseverancia de caminar.<\/p>\n<p>Por supuesto, el <strong>Valle de Zoldo<\/strong> nos brinda esta meditaci\u00f3n. \u00c1spero y salvaje, se encuentra lejos de los abarrotados y m\u00e1s conocidos senderos de las <strong>Dolomitas,<\/strong> y precisamente por esto nos ofrece amplios espacios naturales donde sentirse en armon\u00eda, sobre todo uno mismo.<\/p>\n<div id=\"attachment_822\" class=\"thumbnail alignnone\"><a href=\"https:\/\/ecobnb.es\/blog\/app\/uploads\/sites\/6\/2016\/10\/Anello-Zoldano-tappa-3-384_b-870x490.jpg\"><img class=\"size-full wp-image-822\" src=\"https:\/\/ecobnb.es\/blog\/app\/uploads\/sites\/6\/2016\/10\/Anello-Zoldano-tappa-3-384_b-870x490.jpg\" alt=\"Foto de Franco Voglino y Annalisa Porporato\" width=\"870\" height=\"490\" srcset=\"https:\/\/ecobnb.es\/blog\/app\/uploads\/sites\/6\/2016\/10\/Anello-Zoldano-tappa-3-384_b-870x490.jpg 870w, https:\/\/ecobnb.es\/blog\/app\/uploads\/sites\/6\/2016\/10\/Anello-Zoldano-tappa-3-384_b-870x490-536x302.jpg 536w, https:\/\/ecobnb.es\/blog\/app\/uploads\/sites\/6\/2016\/10\/Anello-Zoldano-tappa-3-384_b-870x490-570x320.jpg 570w, https:\/\/ecobnb.es\/blog\/app\/uploads\/sites\/6\/2016\/10\/Anello-Zoldano-tappa-3-384_b-870x490-344x194.jpg 344w\" sizes=\"(max-width: 870px) 100vw, 870px\" \/><\/a><div class=\"caption\">Foto de Franco Voglino y Annalisa Porporato<\/div><\/div>\n<p>A 20 kil\u00f3metros al norte de <a href=\"https:\/\/ecobnb.com\/belluno\" target=\"_blank\" rel=\"noopener\"><strong>Belluno<\/strong><\/a>, y otros 20 al sur de <strong>Pieve di Cadore<\/strong>, se encuentra <strong>Longarone<\/strong>, que sufri\u00f3 una terrible fatalidad (la noche del 9 de octubre de 1963, el monte Toc se desprendi\u00f3 hacia el lago, provocando una ola que destruy\u00f3 el pueblo, as\u00ed como calles enteras de otras villas, causando unas 1910 v\u00edctimas). Desde Longarone por el estrecho valle de s\u00f3lo 10 kil\u00f3metros se abre el primer y encantador pueblo: Forno di Zoldo desde el que despu\u00e9s continuaremos hasta llegar a Zoldo Alto.<\/p>\n<div id=\"attachment_823\" class=\"thumbnail alignnone\"><a href=\"https:\/\/ecobnb.es\/blog\/app\/uploads\/sites\/6\/2016\/10\/Anello-Zoldano-tappa-4-95_b-870x490.jpg\"><img class=\"size-full wp-image-823\" src=\"https:\/\/ecobnb.es\/blog\/app\/uploads\/sites\/6\/2016\/10\/Anello-Zoldano-tappa-4-95_b-870x490.jpg\" alt=\"Foto de Franco Voglino y Annalisa Porporato\" width=\"870\" height=\"490\" srcset=\"https:\/\/ecobnb.es\/blog\/app\/uploads\/sites\/6\/2016\/10\/Anello-Zoldano-tappa-4-95_b-870x490.jpg 870w, https:\/\/ecobnb.es\/blog\/app\/uploads\/sites\/6\/2016\/10\/Anello-Zoldano-tappa-4-95_b-870x490-536x302.jpg 536w, https:\/\/ecobnb.es\/blog\/app\/uploads\/sites\/6\/2016\/10\/Anello-Zoldano-tappa-4-95_b-870x490-570x320.jpg 570w, https:\/\/ecobnb.es\/blog\/app\/uploads\/sites\/6\/2016\/10\/Anello-Zoldano-tappa-4-95_b-870x490-344x194.jpg 344w\" sizes=\"(max-width: 870px) 100vw, 870px\" \/><\/a><div class=\"caption\">Foto de Franco Voglino y Annalisa Porporato<\/div><\/div>\n<p>Recorriendo este valle menos conocido, encontramos el grupo del Bosconero a nuestras espaldas, el grupo de los Spiz di Mezzod\u00ec a la izquierda, y el grupo que incluye Tamer y San Sebastiano. De frente se alza majestuoso el magn\u00edfico grupo de la Moiazza y del Civetta. A la derecha, aislado, se levanta impasible el solemne \u201ccareg\u00f2n del Padreterno\u201d (el trono de Dios) y el Pelmo, magn\u00edfico monte rocoso que mide 3.168 metros, primera cima dolom\u00edtica en escalarse (en 1857 por el irland\u00e9s John Ball) y en cuya falda est\u00e1 el <strong>primer refugio italiano de las Dolomitas<\/strong>.<\/p>\n<div id=\"attachment_824\" class=\"thumbnail alignnone\"><a href=\"https:\/\/ecobnb.es\/blog\/app\/uploads\/sites\/6\/2016\/10\/Anello-Zoldano-tappa-4-2_b-870x490.jpg\"><img class=\"size-full wp-image-824\" src=\"https:\/\/ecobnb.es\/blog\/app\/uploads\/sites\/6\/2016\/10\/Anello-Zoldano-tappa-4-2_b-870x490.jpg\" alt=\"Foto de Franco Voglino y Annalisa Porporato\" width=\"870\" height=\"490\" srcset=\"https:\/\/ecobnb.es\/blog\/app\/uploads\/sites\/6\/2016\/10\/Anello-Zoldano-tappa-4-2_b-870x490.jpg 870w, https:\/\/ecobnb.es\/blog\/app\/uploads\/sites\/6\/2016\/10\/Anello-Zoldano-tappa-4-2_b-870x490-536x302.jpg 536w, https:\/\/ecobnb.es\/blog\/app\/uploads\/sites\/6\/2016\/10\/Anello-Zoldano-tappa-4-2_b-870x490-570x320.jpg 570w, https:\/\/ecobnb.es\/blog\/app\/uploads\/sites\/6\/2016\/10\/Anello-Zoldano-tappa-4-2_b-870x490-344x194.jpg 344w\" sizes=\"(max-width: 870px) 100vw, 870px\" \/><\/a><div class=\"caption\">Foto de Franco Voglino y Annalisa Porporato<\/div><\/div>\n<p>Ante nosotros, claras piedras que representan el esp\u00edritu de las <strong>Dolomitas<\/strong>: suaves <strong>prados<\/strong> con bosques sombr\u00edos y soleadas y pronunciadas <strong>bifurcaciones<\/strong>, y una incre\u00edble<strong> vista<\/strong> de 360\u00ba, la \u00fanica en el Monte Rite, de 2.183 metros de altitud.<\/p>\n<p><strong><a href=\"http:\/\/www.anellozoldano.com\/en\/\" target=\"_blank\" rel=\"noopener\">El trekking de los poetas viandantes<\/a><\/strong> pasa a lo largo de todas estas cordilleras monta\u00f1osas, haciendo una ruta circular con una duraci\u00f3n de<strong> siete d\u00edas<\/strong> siguiendo <strong>la ruta circular de Dolomitas de Zoldo<\/strong>. Este camino se recomienda a <strong>excursionistas con experiencia<\/strong> ya que tiene algunos tramos muy t\u00e9cnicos, pronunciados y expuestos, y porque es necesario llevar sobre los hombros una mochila varios d\u00edas.<\/p>\n<div id=\"attachment_825\" class=\"thumbnail alignnone\"><a href=\"https:\/\/ecobnb.es\/blog\/app\/uploads\/sites\/6\/2016\/10\/Anello-Zoldano-tappa-3-246_b-870x490.jpg\"><img class=\"size-full wp-image-825\" src=\"https:\/\/ecobnb.es\/blog\/app\/uploads\/sites\/6\/2016\/10\/Anello-Zoldano-tappa-3-246_b-870x490.jpg\" alt=\"Foto de Franco Voglino y Annalisa Porporato\" width=\"870\" height=\"490\" srcset=\"https:\/\/ecobnb.es\/blog\/app\/uploads\/sites\/6\/2016\/10\/Anello-Zoldano-tappa-3-246_b-870x490.jpg 870w, https:\/\/ecobnb.es\/blog\/app\/uploads\/sites\/6\/2016\/10\/Anello-Zoldano-tappa-3-246_b-870x490-536x302.jpg 536w, https:\/\/ecobnb.es\/blog\/app\/uploads\/sites\/6\/2016\/10\/Anello-Zoldano-tappa-3-246_b-870x490-570x320.jpg 570w, https:\/\/ecobnb.es\/blog\/app\/uploads\/sites\/6\/2016\/10\/Anello-Zoldano-tappa-3-246_b-870x490-344x194.jpg 344w\" sizes=\"(max-width: 870px) 100vw, 870px\" \/><\/a><div class=\"caption\">Foto de Franco Voglino y Annalisa Porporato<\/div><\/div>\n<p>La caminata empieza desde <strong>Forno di Zoldo<\/strong> y, subiendo por las laderas del grupo de Spiz se llega al refugio Sora L\u2019Sass-Giovanni Angelini (1.588 m). Contin\u00faa hacia el id\u00edlico valle Pramper hasta Col de Michiel, que rodeando las laderas del grupo de San Sebastiano, linda con el asombroso campamento V. Angelini (1.680 m) y alcanza el Paso de Dur\u00e1n (1.605 m).<\/p>\n<div id=\"attachment_826\" class=\"thumbnail alignnone\"><a href=\"https:\/\/ecobnb.es\/blog\/app\/uploads\/sites\/6\/2016\/10\/Anello-Zoldano-tappa-2-16_b-870x490.jpg\"><img class=\"size-full wp-image-826\" src=\"https:\/\/ecobnb.es\/blog\/app\/uploads\/sites\/6\/2016\/10\/Anello-Zoldano-tappa-2-16_b-870x490.jpg\" alt=\"Foto de Franco Voglino y Annalisa Porporato\" width=\"870\" height=\"490\" srcset=\"https:\/\/ecobnb.es\/blog\/app\/uploads\/sites\/6\/2016\/10\/Anello-Zoldano-tappa-2-16_b-870x490.jpg 870w, https:\/\/ecobnb.es\/blog\/app\/uploads\/sites\/6\/2016\/10\/Anello-Zoldano-tappa-2-16_b-870x490-536x302.jpg 536w, https:\/\/ecobnb.es\/blog\/app\/uploads\/sites\/6\/2016\/10\/Anello-Zoldano-tappa-2-16_b-870x490-570x320.jpg 570w, https:\/\/ecobnb.es\/blog\/app\/uploads\/sites\/6\/2016\/10\/Anello-Zoldano-tappa-2-16_b-870x490-344x194.jpg 344w\" sizes=\"(max-width: 870px) 100vw, 870px\" \/><\/a><div class=\"caption\">Foto de Franco Voglino y Annalisa Porporato<\/div><\/div>\n<p>Una peque\u00f1a digresi\u00f3n nos lleva al excelente refugio de monta\u00f1a \u201cBrutus Carestiato\u201d, en la base del impresionante grupo del Moiazza.<\/p>\n<p>Desde el <strong>Paso de Dur\u00e1n<\/strong> continuamos hacia la base de Moiazza-Civetta. Los expertos pueden seguir la ruta del \u201cCamino Angelini\u201d, pero tambi\u00e9n hay una ruta m\u00e1s simple con grandes paisajes que se realiza a trav\u00e9s del <strong>Val de la Grava<\/strong> para bajar c\u00f3modamente por <strong>Forno Alto<\/strong>, la ciudad m\u00e1s grande del valle. Desde aqu\u00ed subimos hacia bosques, llanuras y rocas hasta el refugio Sonino de Coldai (2.132 m.), a los pies del <strong>Monte Civetta<\/strong>.<\/p>\n<p>Aqu\u00ed comienzan los m\u00e1s id\u00edlicos y relajantes tramos de la caminata, a trav\u00e9s de <strong>pastos<\/strong> y <strong>praderas<\/strong> por la ruta Paso Staulanza y luego a lo largo de la base del Monte Pelmo, a trav\u00e9s de las <strong>huellas de dinosaurios<\/strong> que llegan al pie oriental, donde se encuentra el refugio Venezia-De Luca (1.946 m.).<\/p>\n<div id=\"attachment_828\" class=\"thumbnail alignnone\"><a href=\"https:\/\/ecobnb.es\/blog\/app\/uploads\/sites\/6\/2016\/10\/Anello-Zoldano-tappa-3-166_b-870x490-1.jpg\"><img class=\"size-full wp-image-828\" src=\"https:\/\/ecobnb.es\/blog\/app\/uploads\/sites\/6\/2016\/10\/Anello-Zoldano-tappa-3-166_b-870x490-1.jpg\" alt=\"Foto de Franco Voglino y Annalisa Porporato\" width=\"870\" height=\"490\" srcset=\"https:\/\/ecobnb.es\/blog\/app\/uploads\/sites\/6\/2016\/10\/Anello-Zoldano-tappa-3-166_b-870x490-1.jpg 870w, https:\/\/ecobnb.es\/blog\/app\/uploads\/sites\/6\/2016\/10\/Anello-Zoldano-tappa-3-166_b-870x490-1-536x302.jpg 536w, https:\/\/ecobnb.es\/blog\/app\/uploads\/sites\/6\/2016\/10\/Anello-Zoldano-tappa-3-166_b-870x490-1-570x320.jpg 570w, https:\/\/ecobnb.es\/blog\/app\/uploads\/sites\/6\/2016\/10\/Anello-Zoldano-tappa-3-166_b-870x490-1-344x194.jpg 344w\" sizes=\"(max-width: 870px) 100vw, 870px\" \/><\/a><div class=\"caption\">Foto de Franco Voglino y Annalisa Porporato<\/div><\/div>\n<p>La siguiente etapa nos lleva primero al refugio Talamini (1.582 m.) y luego sube hacia el espectacular Monte Rite (2.183 m.) que alberga el refugio Dolomitas y &#8220;<strong>Monta\u00f1a Messner Museo Dolomitas<\/strong>&#8220;, llamado \u201cmuseo de las nubes\u201d por la extraordinaria vista de 360\u00ba que ofrece.<\/p>\n<div id=\"attachment_829\" class=\"thumbnail alignnone\"><a href=\"https:\/\/ecobnb.es\/blog\/app\/uploads\/sites\/6\/2016\/10\/Anello-Zoldano-tappa-3-341_b-870x490.jpg\"><img class=\"size-full wp-image-829\" src=\"https:\/\/ecobnb.es\/blog\/app\/uploads\/sites\/6\/2016\/10\/Anello-Zoldano-tappa-3-341_b-870x490.jpg\" alt=\"Foto de Franco Voglino y Annalisa Porporato\" width=\"870\" height=\"490\" srcset=\"https:\/\/ecobnb.es\/blog\/app\/uploads\/sites\/6\/2016\/10\/Anello-Zoldano-tappa-3-341_b-870x490.jpg 870w, https:\/\/ecobnb.es\/blog\/app\/uploads\/sites\/6\/2016\/10\/Anello-Zoldano-tappa-3-341_b-870x490-536x302.jpg 536w, https:\/\/ecobnb.es\/blog\/app\/uploads\/sites\/6\/2016\/10\/Anello-Zoldano-tappa-3-341_b-870x490-570x320.jpg 570w, https:\/\/ecobnb.es\/blog\/app\/uploads\/sites\/6\/2016\/10\/Anello-Zoldano-tappa-3-341_b-870x490-344x194.jpg 344w\" sizes=\"(max-width: 870px) 100vw, 870px\" \/><\/a><div class=\"caption\">Foto de Franco Voglino y Annalisa Porporato<\/div><\/div>\n<p>A trav\u00e9s del descenso llegamos al Paso Cibiana y al refugio Remauro (1.530 m.), y luego subimos gradualmente a Sforni\u00f2i. Desde la silla de Calada una prominente y complicada bajada nos conduce al Bosconero.<\/p>\n<div id=\"attachment_831\" class=\"thumbnail alignnone\"><a href=\"https:\/\/ecobnb.es\/blog\/app\/uploads\/sites\/6\/2016\/10\/Anello-Zoldano-tappa-6-17_b-870x490.jpg\"><img class=\"size-full wp-image-831\" src=\"https:\/\/ecobnb.es\/blog\/app\/uploads\/sites\/6\/2016\/10\/Anello-Zoldano-tappa-6-17_b-870x490.jpg\" alt=\"Foto de Franco Voglino y Annalisa Porporato\" width=\"870\" height=\"490\" srcset=\"https:\/\/ecobnb.es\/blog\/app\/uploads\/sites\/6\/2016\/10\/Anello-Zoldano-tappa-6-17_b-870x490.jpg 870w, https:\/\/ecobnb.es\/blog\/app\/uploads\/sites\/6\/2016\/10\/Anello-Zoldano-tappa-6-17_b-870x490-536x302.jpg 536w, https:\/\/ecobnb.es\/blog\/app\/uploads\/sites\/6\/2016\/10\/Anello-Zoldano-tappa-6-17_b-870x490-570x320.jpg 570w, https:\/\/ecobnb.es\/blog\/app\/uploads\/sites\/6\/2016\/10\/Anello-Zoldano-tappa-6-17_b-870x490-344x194.jpg 344w\" sizes=\"(max-width: 870px) 100vw, 870px\" \/><\/a><div class=\"caption\">Foto de Franco Voglino y Annalisa Porporato<\/div><\/div>\n<p>La \u00faltima etapa, muy f\u00e1cil, conduce hacia el valle, llegando al punto de partida en Forno di Zoldo. Si lo deseas, puedes descender directamente al Forno, ahorrando un d\u00eda de trekking, pero, \u00bfde verdad quieres perderte esta m\u00e1gica puesta de sol sobre el Monte Civetta, mientras las paredes de detr\u00e1s del refugio Sasso di Bosconero se vuelven rojas?<\/p>\n<p>Una verdadera <strong>poes\u00eda natural.<\/strong><\/p>\n<div id=\"attachment_832\" class=\"thumbnail alignnone\"><a href=\"https:\/\/ecobnb.es\/blog\/app\/uploads\/sites\/6\/2016\/10\/Anello-Zoldano-tappa-3-98_b-870x490.jpg\"><img class=\"size-full wp-image-832\" src=\"https:\/\/ecobnb.es\/blog\/app\/uploads\/sites\/6\/2016\/10\/Anello-Zoldano-tappa-3-98_b-870x490.jpg\" alt=\"Foto de Franco Voglino y Annalisa Porporato\" width=\"870\" height=\"490\" srcset=\"https:\/\/ecobnb.es\/blog\/app\/uploads\/sites\/6\/2016\/10\/Anello-Zoldano-tappa-3-98_b-870x490.jpg 870w, https:\/\/ecobnb.es\/blog\/app\/uploads\/sites\/6\/2016\/10\/Anello-Zoldano-tappa-3-98_b-870x490-536x302.jpg 536w, https:\/\/ecobnb.es\/blog\/app\/uploads\/sites\/6\/2016\/10\/Anello-Zoldano-tappa-3-98_b-870x490-570x320.jpg 570w, https:\/\/ecobnb.es\/blog\/app\/uploads\/sites\/6\/2016\/10\/Anello-Zoldano-tappa-3-98_b-870x490-344x194.jpg 344w\" sizes=\"(max-width: 870px) 100vw, 870px\" \/><\/a><div class=\"caption\">Foto de Franco Voglino y Annalisa Porporato<\/div><\/div>\n<p style=\"text-align: left;\"><em>El viento despeina las cumbres\/<\/em><\/p>\n<p style=\"text-align: left;\"><em>soplando fuerte\/<\/em><\/p>\n<p style=\"text-align: left;\"><em>aroma de resina.<\/em><\/p>\n<p style=\"text-align: left;\">(Haiku escrito durante el camino).<\/p>\n<div id=\"attachment_833\" class=\"thumbnail alignnone\"><a href=\"https:\/\/ecobnb.es\/blog\/app\/uploads\/sites\/6\/2016\/10\/Anello-Zoldano-tappa-2-88_b-870x490.jpg\"><img class=\"size-full wp-image-833\" src=\"https:\/\/ecobnb.es\/blog\/app\/uploads\/sites\/6\/2016\/10\/Anello-Zoldano-tappa-2-88_b-870x490.jpg\" alt=\"Foto de Franco Voglino y Annalisa Porporato\" width=\"870\" height=\"490\" srcset=\"https:\/\/ecobnb.es\/blog\/app\/uploads\/sites\/6\/2016\/10\/Anello-Zoldano-tappa-2-88_b-870x490.jpg 870w, https:\/\/ecobnb.es\/blog\/app\/uploads\/sites\/6\/2016\/10\/Anello-Zoldano-tappa-2-88_b-870x490-536x302.jpg 536w, https:\/\/ecobnb.es\/blog\/app\/uploads\/sites\/6\/2016\/10\/Anello-Zoldano-tappa-2-88_b-870x490-570x320.jpg 570w, https:\/\/ecobnb.es\/blog\/app\/uploads\/sites\/6\/2016\/10\/Anello-Zoldano-tappa-2-88_b-870x490-344x194.jpg 344w\" sizes=\"(max-width: 870px) 100vw, 870px\" \/><\/a><div class=\"caption\">Foto de Franco Voglino y Annalisa Porporato<\/div><\/div>\n<div id=\"attachment_834\" class=\"thumbnail alignnone\"><a href=\"https:\/\/ecobnb.es\/blog\/app\/uploads\/sites\/6\/2016\/10\/Anello-Zoldano-tappa-3-110_b-870x490.jpg\"><img class=\"size-full wp-image-834\" src=\"https:\/\/ecobnb.es\/blog\/app\/uploads\/sites\/6\/2016\/10\/Anello-Zoldano-tappa-3-110_b-870x490.jpg\" alt=\"Foto de Franco Voglino y Annalisa Porporato\" width=\"870\" height=\"490\" srcset=\"https:\/\/ecobnb.es\/blog\/app\/uploads\/sites\/6\/2016\/10\/Anello-Zoldano-tappa-3-110_b-870x490.jpg 870w, https:\/\/ecobnb.es\/blog\/app\/uploads\/sites\/6\/2016\/10\/Anello-Zoldano-tappa-3-110_b-870x490-536x302.jpg 536w, https:\/\/ecobnb.es\/blog\/app\/uploads\/sites\/6\/2016\/10\/Anello-Zoldano-tappa-3-110_b-870x490-570x320.jpg 570w, https:\/\/ecobnb.es\/blog\/app\/uploads\/sites\/6\/2016\/10\/Anello-Zoldano-tappa-3-110_b-870x490-344x194.jpg 344w\" sizes=\"(max-width: 870px) 100vw, 870px\" \/><\/a><div class=\"caption\">Foto de Franco Voglino y Annalisa Porporato<\/div><\/div>\n","protected":false},"excerpt":{"rendered":"<p>En el Valle de Zoldo (Italia), justo antes de las Dolomitas de Belluno, nos espera la incre\u00edble caminata de los poetas viandantes (conocida como &#8220;The wayfaring poets trek&#8221;), que en siete d\u00edas nos deja ver los principales macizos, entre atrevidas bifurcaciones y verdes y pl\u00e1cidos valles. Caminar est\u00e1 relacionado con el pensamiento. Bien lo sab\u00edan [&hellip;]<\/p>\n","protected":false},"author":62,"featured_media":820,"comment_status":"closed","ping_status":"open","sticky":false,"template":"","format":"standard","meta":[],"categories":[92],"tags":[434,432,433,436,437,360,161,435],"acf":[],"yoast_head":"<!-- This site is optimized with the Yoast SEO plugin v19.9 - https:\/\/yoast.com\/wordpress\/plugins\/seo\/ -->\n<title>La caminata de los poetas viandantes, en el Valle de Zoldo (Italia) - Ecobnb<\/title>\n<meta name=\"description\" content=\"Caminata de los poetas viandantes (Italia): el Valle de Zoldo, entre las Dolomitas de Belluno, 7 d\u00edas de incre\u00edble trekking entre macizos y verdes valles.\" \/>\n<meta name=\"robots\" content=\"index, follow, max-snippet:-1, max-image-preview:large, max-video-preview:-1\" \/>\n<link rel=\"canonical\" href=\"https:\/\/ecobnb.es\/blog\/2020\/03\/caminata-poetas-valle-de-zoldo-italia\/\" \/>\n<meta property=\"og:locale\" content=\"es_ES\" \/>\n<meta property=\"og:type\" content=\"article\" \/>\n<meta property=\"og:title\" content=\"La caminata de los poetas viandantes, en el Valle de Zoldo (Italia) - Ecobnb\" \/>\n<meta property=\"og:description\" content=\"Caminata de los poetas viandantes (Italia): el Valle de Zoldo, entre las Dolomitas de Belluno, 7 d\u00edas de incre\u00edble trekking entre macizos y verdes valles.\" \/>\n<meta property=\"og:url\" content=\"https:\/\/ecobnb.es\/blog\/2020\/03\/caminata-poetas-valle-de-zoldo-italia\/\" \/>\n<meta property=\"og:site_name\" content=\"Ecobnb\" \/>\n<meta property=\"article:published_time\" content=\"2020-03-21T08:00:05+00:00\" \/>\n<meta property=\"article:modified_time\" content=\"2020-01-21T11:59:04+00:00\" \/>\n<meta property=\"og:image\" content=\"https:\/\/ecobnb.es\/blog\/app\/uploads\/sites\/6\/2016\/10\/Anello-Zoldano-tappa-4-14_b1.jpg\" \/>\n\t<meta property=\"og:image:width\" content=\"1170\" \/>\n\t<meta property=\"og:image:height\" content=\"490\" \/>\n\t<meta property=\"og:image:type\" content=\"image\/jpeg\" \/>\n<meta name=\"author\" content=\"Isabel Gaval\" \/>\n<meta name=\"twitter:card\" content=\"summary_large_image\" \/>\n<meta name=\"twitter:label1\" content=\"Written by\" \/>\n\t<meta name=\"twitter:data1\" content=\"Isabel Gaval\" \/>\n\t<meta name=\"twitter:label2\" content=\"Est. reading time\" \/>\n\t<meta name=\"twitter:data2\" content=\"5 minutes\" \/>\n<!-- \/ Yoast SEO plugin. -->","yoast_head_json":{"title":"La caminata de los poetas viandantes, en el Valle de Zoldo (Italia) - Ecobnb","description":"Caminata de los poetas viandantes (Italia): el Valle de Zoldo, entre las Dolomitas de Belluno, 7 d\u00edas de incre\u00edble trekking entre macizos y verdes valles.","robots":{"index":"index","follow":"follow","max-snippet":"max-snippet:-1","max-image-preview":"max-image-preview:large","max-video-preview":"max-video-preview:-1"},"canonical":"https:\/\/ecobnb.es\/blog\/2020\/03\/caminata-poetas-valle-de-zoldo-italia\/","og_locale":"es_ES","og_type":"article","og_title":"La caminata de los poetas viandantes, en el Valle de Zoldo (Italia) - Ecobnb","og_description":"Caminata de los poetas viandantes (Italia): el Valle de Zoldo, entre las Dolomitas de Belluno, 7 d\u00edas de incre\u00edble trekking entre macizos y verdes valles.","og_url":"https:\/\/ecobnb.es\/blog\/2020\/03\/caminata-poetas-valle-de-zoldo-italia\/","og_site_name":"Ecobnb","article_published_time":"2020-03-21T08:00:05+00:00","article_modified_time":"2020-01-21T11:59:04+00:00","og_image":[{"width":1170,"height":490,"url":"https:\/\/ecobnb.es\/blog\/app\/uploads\/sites\/6\/2016\/10\/Anello-Zoldano-tappa-4-14_b1.jpg","type":"image\/jpeg"}],"author":"Isabel Gaval","twitter_card":"summary_large_image","twitter_misc":{"Written by":"Isabel Gaval","Est. reading time":"5 minutes"},"schema":{"@context":"https:\/\/schema.org","@graph":[{"@type":"WebPage","@id":"https:\/\/ecobnb.es\/blog\/2020\/03\/caminata-poetas-valle-de-zoldo-italia\/","url":"https:\/\/ecobnb.es\/blog\/2020\/03\/caminata-poetas-valle-de-zoldo-italia\/","name":"La caminata de los poetas viandantes, en el Valle de Zoldo (Italia) - Ecobnb","isPartOf":{"@id":"https:\/\/ecobnb.es\/blog\/#website"},"datePublished":"2020-03-21T08:00:05+00:00","dateModified":"2020-01-21T11:59:04+00:00","author":{"@id":"https:\/\/ecobnb.es\/blog\/#\/schema\/person\/328fbcbc31ff5918842f18633ac2c6fa"},"description":"Caminata de los poetas viandantes (Italia): el Valle de Zoldo, entre las Dolomitas de Belluno, 7 d\u00edas de incre\u00edble trekking entre macizos y verdes valles.","breadcrumb":{"@id":"https:\/\/ecobnb.es\/blog\/2020\/03\/caminata-poetas-valle-de-zoldo-italia\/#breadcrumb"},"inLanguage":"es-ES","potentialAction":[{"@type":"ReadAction","target":["https:\/\/ecobnb.es\/blog\/2020\/03\/caminata-poetas-valle-de-zoldo-italia\/"]}]},{"@type":"BreadcrumbList","@id":"https:\/\/ecobnb.es\/blog\/2020\/03\/caminata-poetas-valle-de-zoldo-italia\/#breadcrumb","itemListElement":[{"@type":"ListItem","position":1,"name":"Home","item":"https:\/\/ecobnb.es\/blog\/"},{"@type":"ListItem","position":2,"name":"La caminata de los poetas viandantes, en el Valle de Zoldo (Italia)"}]},{"@type":"WebSite","@id":"https:\/\/ecobnb.es\/blog\/#website","url":"https:\/\/ecobnb.es\/blog\/","name":"Ecobnb","description":"Find sustainable accommodation","potentialAction":[{"@type":"SearchAction","target":{"@type":"EntryPoint","urlTemplate":"https:\/\/ecobnb.es\/blog\/?s={search_term_string}"},"query-input":"required name=search_term_string"}],"inLanguage":"es-ES"},{"@type":"Person","@id":"https:\/\/ecobnb.es\/blog\/#\/schema\/person\/328fbcbc31ff5918842f18633ac2c6fa","name":"Isabel Gaval","image":{"@type":"ImageObject","inLanguage":"es-ES","@id":"https:\/\/ecobnb.es\/blog\/#\/schema\/person\/image\/","url":"https:\/\/secure.gravatar.com\/avatar\/202916cf62cc2b37edf5a28f71bab540?s=96&d=monsterid&r=g","contentUrl":"https:\/\/secure.gravatar.com\/avatar\/202916cf62cc2b37edf5a28f71bab540?s=96&d=monsterid&r=g","caption":"Isabel Gaval"},"description":"Trips, literature and the different languages and cultures which exist inspire me. I\u2019ve studied a degree in Translation, and then I\u2019ve decided to use my knowledge to work in sustainable tourism all around the planet. Professional traveller, always looking for sustainability, I\u2019ve decided to explore the planet and, all together, make our best for improving it.","url":"https:\/\/ecobnb.es\/blog\/author\/isabel\/"}]}},"_links":{"self":[{"href":"https:\/\/ecobnb.es\/blog\/wp-json\/wp\/v2\/posts\/819"}],"collection":[{"href":"https:\/\/ecobnb.es\/blog\/wp-json\/wp\/v2\/posts"}],"about":[{"href":"https:\/\/ecobnb.es\/blog\/wp-json\/wp\/v2\/types\/post"}],"author":[{"embeddable":true,"href":"https:\/\/ecobnb.es\/blog\/wp-json\/wp\/v2\/users\/62"}],"replies":[{"embeddable":true,"href":"https:\/\/ecobnb.es\/blog\/wp-json\/wp\/v2\/comments?post=819"}],"version-history":[{"count":9,"href":"https:\/\/ecobnb.es\/blog\/wp-json\/wp\/v2\/posts\/819\/revisions"}],"predecessor-version":[{"id":3866,"href":"https:\/\/ecobnb.es\/blog\/wp-json\/wp\/v2\/posts\/819\/revisions\/3866"}],"wp:featuredmedia":[{"embeddable":true,"href":"https:\/\/ecobnb.es\/blog\/wp-json\/wp\/v2\/media\/820"}],"wp:attachment":[{"href":"https:\/\/ecobnb.es\/blog\/wp-json\/wp\/v2\/media?parent=819"}],"wp:term":[{"taxonomy":"category","embeddable":true,"href":"https:\/\/ecobnb.es\/blog\/wp-json\/wp\/v2\/categories?post=819"},{"taxonomy":"post_tag","embeddable":true,"href":"https:\/\/ecobnb.es\/blog\/wp-json\/wp\/v2\/tags?post=819"}],"curies":[{"name":"wp","href":"https:\/\/api.w.org\/{rel}","templated":true}]}}