{"id":5828,"date":"2021-07-30T08:00:27","date_gmt":"2021-07-30T08:00:27","guid":{"rendered":"https:\/\/ecobnb.es\/blog\/?p=5828"},"modified":"2021-07-27T15:08:44","modified_gmt":"2021-07-27T15:08:44","slug":"parque-nacional-islas-atlanticas","status":"publish","type":"post","link":"https:\/\/ecobnb.es\/blog\/2021\/07\/parque-nacional-islas-atlanticas\/","title":{"rendered":"Los mejores itinerarios verdes del Parque Nacional de las Islas Atl\u00e1nticas"},"content":{"rendered":"<p>El <strong>Parque Nacional de las Islas Atl\u00e1nticas<\/strong>, parque marino &#8211; terrestre de Galicia<strong>,\u00a0<\/strong>est\u00e1 formado por el conjunto de las islas C\u00edes, Ons, S\u00e1lvora y Cortegada. Este entorno natural est\u00e1 declarado Parque Natural y Zona Especial Protecci\u00f3n para las Aves ( ZEPA). Adem\u00e1s, cuenta con el certificado de La Carta Europea de Turismo Sostenible en \u00c1reas Protegidas de EUROPARC.<\/p>\n<p>Cada una de las islas tiene una gran <strong>biodiversidad marina,\u00a0<\/strong>una <strong>flora y fauna<\/strong> exclusiva y <strong>formas geol\u00f3gicas<\/strong> caracter\u00edsticas del lugar. Hay varias <strong>zonas protegidas<\/strong> en las que esta prohibido el paso, como en la zona de cr\u00edas de gaviotas y cormoranes. Del mismo modo y con el fin de preservar el entorno, las<strong> actividades<\/strong> que se ofrecen como <strong>buceo<\/strong>, <strong>navegaci\u00f3n<\/strong> y <strong>fondeo<\/strong> en las aguas deben cumplir la normativa y realizarse de manera sostenible. Adem\u00e1s, se realizan otras actividades como<strong> senderismo<\/strong> u <strong>observaci\u00f3n de la vegetaci\u00f3n<\/strong> en las que podr\u00e1s disfrutar del entorno.<\/p>\n<div id=\"attachment_5915\" class=\"thumbnail alignnone\"><img class=\"wp-image-5915 size-large\" src=\"https:\/\/ecobnb.es\/blog\/app\/uploads\/sites\/6\/2021\/07\/gabbiani-isole-atlantiche-870x490.jpg\" alt=\"gaviotas islas atl\u00e1nticas\" width=\"870\" height=\"490\" srcset=\"https:\/\/ecobnb.es\/blog\/app\/uploads\/sites\/6\/2021\/07\/gabbiani-isole-atlantiche-870x490.jpg 870w, https:\/\/ecobnb.es\/blog\/app\/uploads\/sites\/6\/2021\/07\/gabbiani-isole-atlantiche-570x320.jpg 570w\" sizes=\"(max-width: 870px) 100vw, 870px\" \/><div class=\"caption\">foto via Canva Pro<\/div><\/div>\n<p>Las islas, cada vez m\u00e1s populares entre los turistas, son uno de los destinos m\u00e1s <a href=\"https:\/\/ecobnb.es\/blog\/2016\/12\/turismo-sostenible-importante\/\" target=\"_blank\" rel=\"noopener\">sostenibles<\/a> de Espa\u00f1a. Asimismo, la Xunta de Galicia junto a la Autoridad Portuaria de Vigo y el Parque Nacional, quieren llevar a cabo el <strong>plan Tutatis nZE<\/strong> con el objetivo de lograr que en el futuro las islas C\u00edes y Ons sean autosuficientes a trav\u00e9s de las <strong>energ\u00edas renovables<\/strong>.<\/p>\n<p>En las islas atl\u00e1nticas se puede ver reflejado el pasado hist\u00f3rico de cada una de las culturas que han pasado por ellas. Por este motivo, se pueden encontrar <strong>restos arqueol\u00f3gicos<\/strong> destacando los restos de las islas C\u00edes pertenecientes a los periodos m\u00e1s antiguos como el Paleol\u00edto y Neol\u00edtico. Entre los restos se localizan los del <strong>asentamiento de \u201cAs Hortas\u201d<\/strong> o <strong>el monasterio de San Estevo<\/strong>.<\/p>\n<h2>ITINERARIOS<\/h2>\n<div id=\"attachment_5916\" class=\"thumbnail alignnone\"><img class=\"size-large wp-image-5916\" src=\"https:\/\/ecobnb.es\/blog\/app\/uploads\/sites\/6\/2021\/07\/parco-naturale-isole-atlantiche-870x490.jpg\" alt=\"Parque Natural de las Islas Atl\u00e1nticas\" width=\"870\" height=\"490\" srcset=\"https:\/\/ecobnb.es\/blog\/app\/uploads\/sites\/6\/2021\/07\/parco-naturale-isole-atlantiche-870x490.jpg 870w, https:\/\/ecobnb.es\/blog\/app\/uploads\/sites\/6\/2021\/07\/parco-naturale-isole-atlantiche-570x320.jpg 570w\" sizes=\"(max-width: 870px) 100vw, 870px\" \/><div class=\"caption\">Foto via Canva Pro<\/div><\/div>\n<p>A continuaci\u00f3n, vamos a indicar las rutas que puedes realizar en las islas Ons y C\u00edes, que son las m\u00e1s visitadas, gracias al transporte regular que ofrecen ambas.<\/p>\n<h3><b>1. Ruta en la Isla Ons:<\/b><\/h3>\n<ul>\n<li><a href=\"https:\/\/www.miteco.gob.es\/es\/red-parques-nacionales\/nuestros-parques\/islas-atlanticas\/guia-visitante\/ruta-sur.aspx\" target=\"_blank\" rel=\"noopener\">Ruta Sur<\/a><\/li>\n<li><a href=\"https:\/\/www.miteco.gob.es\/es\/red-parques-nacionales\/nuestros-parques\/islas-atlanticas\/guia-visitante\/ruta-norte.aspx\" target=\"_blank\" rel=\"noopener\">Ruta Norte<\/a><\/li>\n<li><a href=\"https:\/\/www.miteco.gob.es\/es\/red-parques-nacionales\/nuestros-parques\/islas-atlanticas\/guia-visitante\/ruta-faro.aspx\" target=\"_blank\" rel=\"noopener\">Ruta del Faro<\/a><\/li>\n<li><a href=\"https:\/\/www.miteco.gob.es\/es\/red-parques-nacionales\/nuestros-parques\/islas-atlanticas\/guia-visitante\/ruta-castelo.aspx\" target=\"_blank\" rel=\"noopener\">Ruta Do Castelo<\/a><\/li>\n<\/ul>\n<div id=\"attachment_5899\" class=\"thumbnail alignnone\"><img class=\"size-full wp-image-5899\" src=\"https:\/\/ecobnb.es\/blog\/app\/uploads\/sites\/6\/2021\/07\/48511592611_ffc155fa45_c.jpg\" alt=\"Isla de Ons\" width=\"799\" height=\"533\" srcset=\"https:\/\/ecobnb.es\/blog\/app\/uploads\/sites\/6\/2021\/07\/48511592611_ffc155fa45_c.jpg 799w, https:\/\/ecobnb.es\/blog\/app\/uploads\/sites\/6\/2021\/07\/48511592611_ffc155fa45_c-536x358.jpg 536w, https:\/\/ecobnb.es\/blog\/app\/uploads\/sites\/6\/2021\/07\/48511592611_ffc155fa45_c-768x512.jpg 768w, https:\/\/ecobnb.es\/blog\/app\/uploads\/sites\/6\/2021\/07\/48511592611_ffc155fa45_c-344x229.jpg 344w\" sizes=\"(max-width: 799px) 100vw, 799px\" \/><div class=\"caption\">Fotograf\u00eda de Jorge Rodriguez v\u00eda Flickr<\/div><\/div>\n<h3>2. Rutas en las Islas C\u00edes:<\/h3>\n<ul>\n<li><a href=\"https:\/\/www.miteco.gob.es\/es\/red-parques-nacionales\/nuestros-parques\/islas-atlanticas\/guia-visitante\/ruta-monte-faro.aspx\" target=\"_blank\" rel=\"noopener\">Ruta de Monte Faro<\/a><\/li>\n<li><a href=\"https:\/\/www.miteco.gob.es\/es\/red-parques-nacionales\/nuestros-parques\/islas-atlanticas\/guia-visitante\/ruta-faro-porta.aspx\" target=\"_blank\" rel=\"noopener\">Ruta de Faro da Porta<\/a><\/li>\n<li><a href=\"https:\/\/www.miteco.gob.es\/es\/red-parques-nacionales\/nuestros-parques\/islas-atlanticas\/guia-visitante\/ruta-alto-principe.aspx\" target=\"_blank\" rel=\"noopener\">Ruta de Alto do Pr\u00edncipe<\/a><\/li>\n<li><a href=\"https:\/\/www.miteco.gob.es\/es\/red-parques-nacionales\/nuestros-parques\/islas-atlanticas\/guia-visitante\/ruta-monteagudo.aspx\" target=\"_blank\" rel=\"noopener\">Ruta de Monteagudo<\/a><\/li>\n<\/ul>\n<div id=\"attachment_5901\" class=\"thumbnail alignnone\"><img class=\"size-full wp-image-5901\" src=\"https:\/\/ecobnb.es\/blog\/app\/uploads\/sites\/6\/2021\/07\/43347903934_57e203130a_c.jpg\" alt=\"Islas C\u00edes\" width=\"800\" height=\"530\" srcset=\"https:\/\/ecobnb.es\/blog\/app\/uploads\/sites\/6\/2021\/07\/43347903934_57e203130a_c.jpg 800w, https:\/\/ecobnb.es\/blog\/app\/uploads\/sites\/6\/2021\/07\/43347903934_57e203130a_c-536x355.jpg 536w, https:\/\/ecobnb.es\/blog\/app\/uploads\/sites\/6\/2021\/07\/43347903934_57e203130a_c-768x509.jpg 768w, https:\/\/ecobnb.es\/blog\/app\/uploads\/sites\/6\/2021\/07\/43347903934_57e203130a_c-344x228.jpg 344w\" sizes=\"(max-width: 800px) 100vw, 800px\" \/><div class=\"caption\">Fotograf\u00eda de JCMCalle v\u00eda Flickr<\/div><\/div>\n<p>A trav\u00e9s de este <strong><a href=\"https:\/\/www.miteco.gob.es\/es\/red-parques-nacionales\/nuestros-parques\/islas-atlanticas\/guia-visitante\/itinerarios.aspx\" target=\"_blank\" rel=\"noopener\">enlace<\/a> <\/strong>podr\u00e1s acceder a cada una de estas rutas.<\/p>\n<h2>RECOMENDACIONES<\/h2>\n<div id=\"attachment_5917\" class=\"thumbnail alignnone\"><img class=\"size-large wp-image-5917\" src=\"https:\/\/ecobnb.es\/blog\/app\/uploads\/sites\/6\/2021\/07\/isole-atlantiche-870x490.jpg\" alt=\"Parque Natural de las Islas Atl\u00e1nticas\" width=\"870\" height=\"490\" srcset=\"https:\/\/ecobnb.es\/blog\/app\/uploads\/sites\/6\/2021\/07\/isole-atlantiche-870x490.jpg 870w, https:\/\/ecobnb.es\/blog\/app\/uploads\/sites\/6\/2021\/07\/isole-atlantiche-570x320.jpg 570w\" sizes=\"(max-width: 870px) 100vw, 870px\" \/><div class=\"caption\">foto via Canva Pro<\/div><\/div>\n<p>Si quieres visitar las islas debes tener en cuenta varios aspectos:<\/p>\n<ul>\n<li>Las <strong>islas C\u00edes y Ons,<\/strong> solo se encuentran abiertas a los turistas en la temporada de semana santa, los fines de semana de Mayo y verano.<\/li>\n<li>Para visitar las islas debes pedir <strong>autorizaci\u00f3n<\/strong> a la Xunta de Galicia.<\/li>\n<li>En las islas no pueden circular <strong>veh\u00edculos.<\/strong><\/li>\n<li><strong>Control de la basura<\/strong>: cada usuario debe responsabilizarse de los envases o residuos que lleve y traerlos de vuelta, ya que en las islas no hay papeleras.<\/li>\n<li>No hay transporte de manera regular para ir de una isla a otra. Sin embargo, puedes contratar alguna <strong>nave<\/strong> que ofrezca <strong>transporte y visita guiada<\/strong> por el conjunto de las islas. Adem\u00e1s, muchas de estas naves, autorizadas por la Xunta de Galicia, realizan viajes durante <strong>todo el a\u00f1o<\/strong>.<\/li>\n<\/ul>\n<p>\u00bf Conoc\u00edas las islas atl\u00e1nticas? \u00a1 Sum\u00e9rgete en la aventura y visita este para\u00edso !<\/p>\n","protected":false},"excerpt":{"rendered":"<p>El Parque Nacional de las Islas Atl\u00e1nticas, parque marino &#8211; terrestre de Galicia,\u00a0est\u00e1 formado por el conjunto de las islas C\u00edes, Ons, S\u00e1lvora y Cortegada. Este entorno natural est\u00e1 declarado Parque Natural y Zona Especial Protecci\u00f3n para las Aves ( ZEPA). Adem\u00e1s, cuenta con el certificado de La Carta Europea de Turismo Sostenible en \u00c1reas [&hellip;]<\/p>\n","protected":false},"author":153,"featured_media":5903,"comment_status":"closed","ping_status":"closed","sticky":false,"template":"","format":"standard","meta":[],"categories":[92],"tags":[1342,1363,394,1390,1389,485,257,1381],"acf":[],"yoast_head":"<!-- This site is optimized with the Yoast SEO plugin v19.9 - https:\/\/yoast.com\/wordpress\/plugins\/seo\/ -->\n<title>Islas Atl\u00e1nticas: Descubre uno de los destinos m\u00e1s sostenibles de Espa\u00f1a<\/title>\n<meta name=\"description\" content=\"\u00bfConoces las Islas Atl\u00e1nticas? Conoce uno de los destinos m\u00e1s sostenibles de Espa\u00f1a donde podr\u00e1s disfrutar de maravillosos paisajes.\" \/>\n<meta name=\"robots\" content=\"index, follow, max-snippet:-1, max-image-preview:large, max-video-preview:-1\" \/>\n<link rel=\"canonical\" href=\"https:\/\/ecobnb.es\/blog\/2021\/07\/parque-nacional-islas-atlanticas\/\" \/>\n<meta property=\"og:locale\" content=\"es_ES\" \/>\n<meta property=\"og:type\" content=\"article\" \/>\n<meta property=\"og:title\" content=\"Islas Atl\u00e1nticas: Descubre uno de los destinos m\u00e1s sostenibles de Espa\u00f1a\" \/>\n<meta property=\"og:description\" content=\"\u00bfConoces las Islas Atl\u00e1nticas? Conoce uno de los destinos m\u00e1s sostenibles de Espa\u00f1a donde podr\u00e1s disfrutar de maravillosos paisajes.\" \/>\n<meta property=\"og:url\" content=\"https:\/\/ecobnb.es\/blog\/2021\/07\/parque-nacional-islas-atlanticas\/\" \/>\n<meta property=\"og:site_name\" content=\"Ecobnb\" \/>\n<meta property=\"article:published_time\" content=\"2021-07-30T08:00:27+00:00\" \/>\n<meta property=\"article:modified_time\" content=\"2021-07-27T15:08:44+00:00\" \/>\n<meta property=\"og:image\" content=\"https:\/\/ecobnb.es\/blog\/app\/uploads\/sites\/6\/2021\/07\/15580709446_aa251d21b2_h.jpg\" \/>\n\t<meta property=\"og:image:width\" content=\"1600\" \/>\n\t<meta property=\"og:image:height\" content=\"779\" \/>\n\t<meta property=\"og:image:type\" content=\"image\/jpeg\" \/>\n<meta name=\"author\" content=\"Lorena Espejo Conde\" \/>\n<meta name=\"twitter:card\" content=\"summary_large_image\" \/>\n<meta name=\"twitter:label1\" content=\"Written by\" \/>\n\t<meta name=\"twitter:data1\" content=\"Lorena Espejo Conde\" \/>\n\t<meta name=\"twitter:label2\" content=\"Est. reading time\" \/>\n\t<meta name=\"twitter:data2\" content=\"3 minutes\" \/>\n<!-- \/ Yoast SEO plugin. -->","yoast_head_json":{"title":"Islas Atl\u00e1nticas: Descubre uno de los destinos m\u00e1s sostenibles de Espa\u00f1a","description":"\u00bfConoces las Islas Atl\u00e1nticas? Conoce uno de los destinos m\u00e1s sostenibles de Espa\u00f1a donde podr\u00e1s disfrutar de maravillosos paisajes.","robots":{"index":"index","follow":"follow","max-snippet":"max-snippet:-1","max-image-preview":"max-image-preview:large","max-video-preview":"max-video-preview:-1"},"canonical":"https:\/\/ecobnb.es\/blog\/2021\/07\/parque-nacional-islas-atlanticas\/","og_locale":"es_ES","og_type":"article","og_title":"Islas Atl\u00e1nticas: Descubre uno de los destinos m\u00e1s sostenibles de Espa\u00f1a","og_description":"\u00bfConoces las Islas Atl\u00e1nticas? Conoce uno de los destinos m\u00e1s sostenibles de Espa\u00f1a donde podr\u00e1s disfrutar de maravillosos paisajes.","og_url":"https:\/\/ecobnb.es\/blog\/2021\/07\/parque-nacional-islas-atlanticas\/","og_site_name":"Ecobnb","article_published_time":"2021-07-30T08:00:27+00:00","article_modified_time":"2021-07-27T15:08:44+00:00","og_image":[{"width":1600,"height":779,"url":"https:\/\/ecobnb.es\/blog\/app\/uploads\/sites\/6\/2021\/07\/15580709446_aa251d21b2_h.jpg","type":"image\/jpeg"}],"author":"Lorena Espejo Conde","twitter_card":"summary_large_image","twitter_misc":{"Written by":"Lorena Espejo Conde","Est. reading time":"3 minutes"},"schema":{"@context":"https:\/\/schema.org","@graph":[{"@type":"WebPage","@id":"https:\/\/ecobnb.es\/blog\/2021\/07\/parque-nacional-islas-atlanticas\/","url":"https:\/\/ecobnb.es\/blog\/2021\/07\/parque-nacional-islas-atlanticas\/","name":"Islas Atl\u00e1nticas: Descubre uno de los destinos m\u00e1s sostenibles de Espa\u00f1a","isPartOf":{"@id":"https:\/\/ecobnb.es\/blog\/#website"},"datePublished":"2021-07-30T08:00:27+00:00","dateModified":"2021-07-27T15:08:44+00:00","author":{"@id":"https:\/\/ecobnb.es\/blog\/#\/schema\/person\/16a8f64c637195c93ce43b855d3c1d27"},"description":"\u00bfConoces las Islas Atl\u00e1nticas? Conoce uno de los destinos m\u00e1s sostenibles de Espa\u00f1a donde podr\u00e1s disfrutar de maravillosos paisajes.","breadcrumb":{"@id":"https:\/\/ecobnb.es\/blog\/2021\/07\/parque-nacional-islas-atlanticas\/#breadcrumb"},"inLanguage":"es-ES","potentialAction":[{"@type":"ReadAction","target":["https:\/\/ecobnb.es\/blog\/2021\/07\/parque-nacional-islas-atlanticas\/"]}]},{"@type":"BreadcrumbList","@id":"https:\/\/ecobnb.es\/blog\/2021\/07\/parque-nacional-islas-atlanticas\/#breadcrumb","itemListElement":[{"@type":"ListItem","position":1,"name":"Home","item":"https:\/\/ecobnb.es\/blog\/"},{"@type":"ListItem","position":2,"name":"Los mejores itinerarios verdes del Parque Nacional de las Islas Atl\u00e1nticas"}]},{"@type":"WebSite","@id":"https:\/\/ecobnb.es\/blog\/#website","url":"https:\/\/ecobnb.es\/blog\/","name":"Ecobnb","description":"Find sustainable accommodation","potentialAction":[{"@type":"SearchAction","target":{"@type":"EntryPoint","urlTemplate":"https:\/\/ecobnb.es\/blog\/?s={search_term_string}"},"query-input":"required name=search_term_string"}],"inLanguage":"es-ES"},{"@type":"Person","@id":"https:\/\/ecobnb.es\/blog\/#\/schema\/person\/16a8f64c637195c93ce43b855d3c1d27","name":"Lorena Espejo Conde","image":{"@type":"ImageObject","inLanguage":"es-ES","@id":"https:\/\/ecobnb.es\/blog\/#\/schema\/person\/image\/","url":"https:\/\/secure.gravatar.com\/avatar\/a903fea91481bbe32fb3f09cfdc735f9?s=96&d=monsterid&r=g","contentUrl":"https:\/\/secure.gravatar.com\/avatar\/a903fea91481bbe32fb3f09cfdc735f9?s=96&d=monsterid&r=g","caption":"Lorena Espejo Conde"},"description":"Soy Lorena, una chica de Espa\u00f1a viviendo en la provincia de Ja\u00e9n. Estudi\u00e9 el grado de turismo y me encanta viajar. Cuando viajo siento que puedo salir de la rutina, relacionarme con otra gente, conocer nuevas culturas y diferentes formas de vida. Me gustar\u00eda seguir disfrutando de las ventajas de viajar, por eso debemos ser conscientes de lo importante que es cuidar nuestro entorno y realizar turismo de manera responsable.","url":"https:\/\/ecobnb.es\/blog\/author\/lorena\/"}]}},"_links":{"self":[{"href":"https:\/\/ecobnb.es\/blog\/wp-json\/wp\/v2\/posts\/5828"}],"collection":[{"href":"https:\/\/ecobnb.es\/blog\/wp-json\/wp\/v2\/posts"}],"about":[{"href":"https:\/\/ecobnb.es\/blog\/wp-json\/wp\/v2\/types\/post"}],"author":[{"embeddable":true,"href":"https:\/\/ecobnb.es\/blog\/wp-json\/wp\/v2\/users\/153"}],"replies":[{"embeddable":true,"href":"https:\/\/ecobnb.es\/blog\/wp-json\/wp\/v2\/comments?post=5828"}],"version-history":[{"count":28,"href":"https:\/\/ecobnb.es\/blog\/wp-json\/wp\/v2\/posts\/5828\/revisions"}],"predecessor-version":[{"id":5919,"href":"https:\/\/ecobnb.es\/blog\/wp-json\/wp\/v2\/posts\/5828\/revisions\/5919"}],"wp:featuredmedia":[{"embeddable":true,"href":"https:\/\/ecobnb.es\/blog\/wp-json\/wp\/v2\/media\/5903"}],"wp:attachment":[{"href":"https:\/\/ecobnb.es\/blog\/wp-json\/wp\/v2\/media?parent=5828"}],"wp:term":[{"taxonomy":"category","embeddable":true,"href":"https:\/\/ecobnb.es\/blog\/wp-json\/wp\/v2\/categories?post=5828"},{"taxonomy":"post_tag","embeddable":true,"href":"https:\/\/ecobnb.es\/blog\/wp-json\/wp\/v2\/tags?post=5828"}],"curies":[{"name":"wp","href":"https:\/\/api.w.org\/{rel}","templated":true}]}}