{"id":4977,"date":"2021-06-22T06:08:17","date_gmt":"2021-06-22T06:08:17","guid":{"rendered":"https:\/\/ecobnb.es\/blog\/?p=4977"},"modified":"2021-07-18T11:20:34","modified_gmt":"2021-07-18T11:20:34","slug":"espana-en-bicicleta-rutas","status":"publish","type":"post","link":"https:\/\/ecobnb.es\/blog\/2021\/06\/espana-en-bicicleta-rutas\/","title":{"rendered":"Espa\u00f1a en Bicicleta: 8 Rutas para Recorrer la Pen\u00ednsula"},"content":{"rendered":"<h2>\u00bfTe gustar\u00eda descubrir Espa\u00f1a en bicicleta? Aqu\u00ed te mostramos 8 rutas que te permitir\u00e1n descubrir\u00a0 los rincones m\u00e1s fascinantes de la pen\u00ednsula.<\/h2>\n<p>Hemos seleccionado 8 rutas en bicicleta, en las que podr\u00e1s recorrer la pen\u00ednsula viviendo experiencias \u00fanicas. De la misma forma, a trav\u00e9s de estos itinerarios conocer\u00e1s los lugares m\u00e1s atractivos de Espa\u00f1a admirando sus monumentos, sus tradiciones, su gente y su gastronom\u00eda.<\/p>\n<p><img class=\"alignnone wp-image-5075 size-full\" src=\"https:\/\/ecobnb.es\/blog\/app\/uploads\/sites\/6\/2021\/05\/5c8ac56920000045046fb745.jpeg\" alt=\"\" width=\"630\" height=\"1077\" srcset=\"https:\/\/ecobnb.es\/blog\/app\/uploads\/sites\/6\/2021\/05\/5c8ac56920000045046fb745.jpeg 630w, https:\/\/ecobnb.es\/blog\/app\/uploads\/sites\/6\/2021\/05\/5c8ac56920000045046fb745-536x916.jpeg 536w, https:\/\/ecobnb.es\/blog\/app\/uploads\/sites\/6\/2021\/05\/5c8ac56920000045046fb745-344x588.jpeg 344w\" sizes=\"(max-width: 630px) 100vw, 630px\" \/><\/p>\n<h2>1. V\u00eda Verde del Aceite<\/h2>\n<p>Es una de las rutas en bicicleta m\u00e1s importantes de <strong>Andaluc\u00eda,<\/strong>\u00a0comienza en la ciudad de <strong>Ja\u00e9n<\/strong> y finaliza en <strong>Puente Genil<\/strong> (C\u00f3rdoba). Las antiguas v\u00edas del ferrocarril se han convertido en largos caminos para recorrer en<a href=\"https:\/\/ecobnb.es\/blog\/2016\/04\/bicicleta-vehiculo-futuro\/\" target=\"_blank\" rel=\"noopener\"> bicicleta.<\/a><\/p>\n<p>Durante el recorrido de esta ruta disfrutar\u00e1s de la contemplaci\u00f3n de los\u00a0<strong>olivos<\/strong>, un paisaje t\u00edpico de la zona. Adem\u00e1s, te encontrar\u00e1s con <strong>antiguos puentes<\/strong> y <strong>estaciones de tren<\/strong>. Este itinerario se puede realizar sin ninguna dificultad. Adem\u00e1s, podr\u00e1s realizar las paradas que t\u00fa quieras, dependiendo de tus intereses. Algunos de los destinos de m\u00e1s inter\u00e9s son: <strong>Ja\u00e9n, Luque, Baena, Zuheros, Cabra, Lucena y Puente Genil.\u00a0<\/strong>La v\u00eda verde termina justo unos kil\u00f3metros antes de llegar a Puente Genil, por lo que tendr\u00e1s que utilizar la carretera secundaria si quieres llegar al pueblo.<\/p>\n<p>Las v\u00edas verdes est\u00e1n se\u00f1alizadas para realizar el recorrido. Por esta raz\u00f3n, podemos decir que esta es una de las rutas en bicicleta\u00a0<strong>m\u00e1s f\u00e1ciles<\/strong> de seguir, con la ayuda de tu GPS. Sin embargo, antes de realizar el viaje y la planificaci\u00f3n para realizar turismo, hay que tener en cuenta que habr\u00e1 muchos kil\u00f3metros en los que no encontrar\u00e1s ninguna fuente ni ning\u00fan lugar para comer (recuerda que esta zona es una de las m\u00e1s calurosas de Espa\u00f1a durante los meses de verano, por lo que es recomendable realizar este recorrido en otra estaci\u00f3n del a\u00f1o).<\/p>\n<div id=\"attachment_5051\" class=\"thumbnail alignnone\"><img class=\"wp-image-5051 size-full\" src=\"https:\/\/ecobnb.es\/blog\/app\/uploads\/sites\/6\/2021\/05\/6099701676_6cbdbf32eb_b.jpg\" alt=\" Rutas en bicicleta-V\u00eda Verde del Aceite\" width=\"1024\" height=\"577\" srcset=\"https:\/\/ecobnb.es\/blog\/app\/uploads\/sites\/6\/2021\/05\/6099701676_6cbdbf32eb_b.jpg 1024w, https:\/\/ecobnb.es\/blog\/app\/uploads\/sites\/6\/2021\/05\/6099701676_6cbdbf32eb_b-536x302.jpg 536w, https:\/\/ecobnb.es\/blog\/app\/uploads\/sites\/6\/2021\/05\/6099701676_6cbdbf32eb_b-768x433.jpg 768w, https:\/\/ecobnb.es\/blog\/app\/uploads\/sites\/6\/2021\/05\/6099701676_6cbdbf32eb_b-870x490.jpg 870w, https:\/\/ecobnb.es\/blog\/app\/uploads\/sites\/6\/2021\/05\/6099701676_6cbdbf32eb_b-570x320.jpg 570w, https:\/\/ecobnb.es\/blog\/app\/uploads\/sites\/6\/2021\/05\/6099701676_6cbdbf32eb_b-344x194.jpg 344w\" sizes=\"(max-width: 1024px) 100vw, 1024px\" \/><div class=\"caption\">V\u00eda Verde del Aceite. Fotograf\u00eda de Jos\u00e9 Manuel Oneto v\u00eda Flickr<\/div><\/div>\n<h2>2.\u00a0 Ruta por el Parque natural del Montseny<\/h2>\n<p>El Parque Natural de Montseny tiene <strong>una gran riqueza natural<\/strong> donde se puede disfrutar de diferentes tipos de fauna y vegetaci\u00f3n t\u00edpica <strong>mediterr\u00e1nea, eurosiberiana y boreoalpina.<\/strong> Adem\u00e1s, es el \u00fanico parque de Barcelona (Catalu\u00f1a) reconocido por la UNESCO como <strong>Reserva de la Biosfera<\/strong>. Dentro de este existe una gran variedad de rutas en bicicleta que se pueden realizar, ya que la mayor parte de los <strong>senderos<\/strong> son <strong>accesibles.<\/strong> Adem\u00e1s, se nos da la opci\u00f3n de <strong>alquilar bicicletas,<\/strong> por lo que no tendr\u00e1s que preocuparte de llevar la tuya.<\/p>\n<p>Lo m\u00e1s destacado de estas rutas son los ascensos a la <strong>cima de Matagalls, el Tur\u00f3 de l\u2019Home<\/strong> y la visita al <strong>pantano de Santa Fe<\/strong> donde podr\u00e1s disfrutar de unas vistas maravillosas . Por \u00faltimo, destacar que dentro de este parque natural tambi\u00e9n podemos disfrutar de diversas construcciones pertenecientes a diferentes \u00e9pocas como <strong>iglesias (Santa Margarita), castillos (Montcl\u00fas) o ermitas (Sant Elies)<\/strong>, entre otras.<\/p>\n<div id=\"attachment_5056\" class=\"thumbnail alignnone\"><img class=\"wp-image-5056 size-full\" src=\"https:\/\/ecobnb.es\/blog\/app\/uploads\/sites\/6\/2021\/05\/9737863226_40ed90c5ac_c.jpg\" alt=\"Parque Natural de Montseny \" width=\"800\" height=\"531\" srcset=\"https:\/\/ecobnb.es\/blog\/app\/uploads\/sites\/6\/2021\/05\/9737863226_40ed90c5ac_c.jpg 800w, https:\/\/ecobnb.es\/blog\/app\/uploads\/sites\/6\/2021\/05\/9737863226_40ed90c5ac_c-536x356.jpg 536w, https:\/\/ecobnb.es\/blog\/app\/uploads\/sites\/6\/2021\/05\/9737863226_40ed90c5ac_c-768x510.jpg 768w, https:\/\/ecobnb.es\/blog\/app\/uploads\/sites\/6\/2021\/05\/9737863226_40ed90c5ac_c-344x228.jpg 344w\" sizes=\"(max-width: 800px) 100vw, 800px\" \/><div class=\"caption\">Parque Natural de Montseny. Tur\u00f3 de L&#8217;Home. Fotograf\u00eda de Manolo Moreno v\u00eda Flickr<\/div><\/div>\n<h2>3.\u00a0V\u00eda Verde de Ojos Negros<\/h2>\n<p>La V\u00eda Verde de Ojos Negros con 167,5 km, es la v\u00eda m\u00e1s larga de Espa\u00f1a y recorre los antiguos trazados ferroviarios desde <strong>Santa Eulalia del Campo (Teruel)<\/strong> hasta <strong>Algimia de Alfara (Valencia)<\/strong>. Sin embargo, en este trayecto vamos a empezar en la localidad de <strong>Ojos Negros (Teruel)<\/strong>\u00a0y finalizar en<strong> Sagunto (Valencia)<\/strong>. Disfrutar de esta v\u00eda pedaleando nos va a permitir disfrutar de paisajes espectaculares atravesando t\u00faneles, puentes, varios embalses y sierras. La <strong>dificultad<\/strong> de esta ruta es <strong>muy baja<\/strong>. Adem\u00e1s, tiene un desnivel negativo, lo que quiere decir que salvo algunas subidas el trazado de la v\u00eda tiende a bajar.<\/p>\n<p>Para realizar esta ruta al completo se necesitan varios d\u00edas, por lo que se puede dividir en varias etapas. Aqu\u00ed se muestra las <strong>etapas<\/strong> m\u00e1s habituales del recorrido de los cicloturistas:<\/p>\n<ol>\n<li>Santa Eulalia \u2013 La Puebla de Valverde (59km)<\/li>\n<li>La Puebla de Valverde \u2013 Caudiel (63km)<\/li>\n<li>Caudiel \u2013 Sagunto (54km)<\/li>\n<\/ol>\n<div id=\"attachment_5065\" class=\"thumbnail alignnone\"><img class=\"wp-image-5065 size-full\" src=\"https:\/\/ecobnb.es\/blog\/app\/uploads\/sites\/6\/2021\/05\/2525534330_681766768e_c.jpg\" alt=\" Rutas en bicicleta-Via_verda_ojos_negros\" width=\"800\" height=\"600\" srcset=\"https:\/\/ecobnb.es\/blog\/app\/uploads\/sites\/6\/2021\/05\/2525534330_681766768e_c.jpg 800w, https:\/\/ecobnb.es\/blog\/app\/uploads\/sites\/6\/2021\/05\/2525534330_681766768e_c-536x402.jpg 536w, https:\/\/ecobnb.es\/blog\/app\/uploads\/sites\/6\/2021\/05\/2525534330_681766768e_c-768x576.jpg 768w, https:\/\/ecobnb.es\/blog\/app\/uploads\/sites\/6\/2021\/05\/2525534330_681766768e_c-344x258.jpg 344w\" sizes=\"(max-width: 800px) 100vw, 800px\" \/><div class=\"caption\">V\u00eda Verde de Ojos Negros. Fotograf\u00eda de Berna i Puri Puri y Berna v\u00eda Flickr<\/div><\/div>\n<h2>4. Camino de Santiago<\/h2>\n<p>El Camino de Santiago declarado<strong> Patrimonio Mundial e Itinerario Cultura Europeo<\/strong> por el Consejo de Europa es una de las rutas m\u00e1s antiguas y populares, cada vez m\u00e1s conocida en todo el mundo. Prep\u00e1rate para realizar un viaje inolvidable donde podr\u00e1s conocer gente y disfrutar de maravillosos paisajes entre el <a href=\"https:\/\/ecobnb.es\/blog\/2021\/03\/mar-beneficios-naturales\/\" target=\"_blank\" rel=\"noopener\">mar<\/a>, monta\u00f1as, vi\u00f1edos, puentes medievales, castillos, iglesias, entre otros; ser\u00e1 un viaje inolvidable.<\/p>\n<p>Para realizar la ruta en bicicleta encontramos varios caminos destacando el <strong>Camino Franc\u00e9s, el Camino Norte, el Camino Portugu\u00e9s, el Camino Primitivo, el Camino Ingl\u00e9s y la V\u00eda de Plata<\/strong> que nos llevaran a la Catedral de Santiago. El <strong>Camino Franc\u00e9s y el \u00a0Camino Portugu\u00e9s<\/strong>, son los m\u00e1s habituales entre los ciclistas primerizos. Asimismo, dentro de cada camino encontramos varias etapas con diferentes dificultades y kil\u00f3metros. La \u00e9poca recomendada para realizar el Camino se Santiago es durante los meses de<strong> mayo a septiembre<\/strong>, ya que es la mejor \u00e9poca, evitando los meses m\u00e1s calurosos.<\/p>\n<div id=\"attachment_5068\" class=\"thumbnail alignnone\"><img class=\"wp-image-5068 size-full\" src=\"https:\/\/ecobnb.es\/blog\/app\/uploads\/sites\/6\/2021\/05\/Image-for-blog-article-spain-1.jpg\" alt=\"Rutas en bicicleta-Camino de Santiago\" width=\"870\" height=\"490\" srcset=\"https:\/\/ecobnb.es\/blog\/app\/uploads\/sites\/6\/2021\/05\/Image-for-blog-article-spain-1.jpg 870w, https:\/\/ecobnb.es\/blog\/app\/uploads\/sites\/6\/2021\/05\/Image-for-blog-article-spain-1-536x302.jpg 536w, https:\/\/ecobnb.es\/blog\/app\/uploads\/sites\/6\/2021\/05\/Image-for-blog-article-spain-1-768x433.jpg 768w, https:\/\/ecobnb.es\/blog\/app\/uploads\/sites\/6\/2021\/05\/Image-for-blog-article-spain-1-570x320.jpg 570w, https:\/\/ecobnb.es\/blog\/app\/uploads\/sites\/6\/2021\/05\/Image-for-blog-article-spain-1-344x194.jpg 344w\" sizes=\"(max-width: 870px) 100vw, 870px\" \/><div class=\"caption\">Camino de Santiago<\/div><\/div>\n<h2>5.\u00a0 Ruta en bicicleta por la Costa da Morte<\/h2>\n<p>La Costa da Morte situada en la provincia de<strong> La\u00a0Coru\u00f1a (Galicia)<\/strong>, se encuentra situada en el noreste del litoral gallego. A trav\u00e9s de esta ruta en bicicleta podr\u00e1s descubrir las mejores playas y acantilados de la costa de Galicia. Adem\u00e1s, dentro del recorrido se localizan tramos del camino que realizan los peregrinos del Camino de Santiago como <strong>Fisterra y Mux\u00eda<\/strong>. \u00a0La ruta se realiza en varios d\u00edas, por lo que vamos a conocer las etapas en las que se puede dividir el camino:<\/p>\n<ul>\n<li>La Coru\u00f1a<\/li>\n<li>Cai\u00f3n- Malpica<\/li>\n<li>Malpica- Laxe<\/li>\n<li>Laxe-Camari\u00f1as<\/li>\n<li>Camari\u00f1as-Fisterra<\/li>\n<\/ul>\n<p>Durante el trayecto podr\u00e1s ver la <strong>Torre de H\u00e9rcules, el Castro Borneiro, el Cabo Vil\u00e1n, el Faro de Touri\u00f1\u00e1n, el Cabo de Fisterra, entre otros<\/strong>. Asimismo, tambi\u00e9n podr\u00e1s disfrutar de diferentes yacimientos arqueol\u00f3gicos, monumentos, iglesias, museos, pueblos pesqueros, playas y lugares con encanto. Por \u00faltimo, destacar que la \u00e9poca m\u00e1s recomendable para realizar la ruta es en <strong>verano<\/strong>.<\/p>\n<div id=\"attachment_5073\" class=\"thumbnail alignnone\"><img class=\"wp-image-5073 size-full\" src=\"https:\/\/ecobnb.es\/blog\/app\/uploads\/sites\/6\/2021\/05\/8241928871_61d6634924_c.jpg\" alt=\" - Costa da Morte\" width=\"800\" height=\"531\" srcset=\"https:\/\/ecobnb.es\/blog\/app\/uploads\/sites\/6\/2021\/05\/8241928871_61d6634924_c.jpg 800w, https:\/\/ecobnb.es\/blog\/app\/uploads\/sites\/6\/2021\/05\/8241928871_61d6634924_c-536x356.jpg 536w, https:\/\/ecobnb.es\/blog\/app\/uploads\/sites\/6\/2021\/05\/8241928871_61d6634924_c-768x510.jpg 768w, https:\/\/ecobnb.es\/blog\/app\/uploads\/sites\/6\/2021\/05\/8241928871_61d6634924_c-344x228.jpg 344w\" sizes=\"(max-width: 800px) 100vw, 800px\" \/><div class=\"caption\">Costa da Morte. Fotograf\u00eda de Jes\u00fas P\u00e9rez Pacheco v\u00eda Flickr<\/div><\/div>\n<h2>6. Camino Real de Guadalupe<\/h2>\n<p>Esta ruta se realiza por las huellas peregrinas que llegaron a su mayor plenitud en los siglos XV y XVI.<\/p>\n<p>Durante la Edad Media el monasterio de Guadalupe era el principal centro de peregrinaci\u00f3n de la pen\u00ednsula. Para realizar este recorrido puedes elegir entre varios caminos:<\/p>\n<ul>\n<li>\u00c1vila<\/li>\n<li>Guadalajara<\/li>\n<li>M\u00e9rida<\/li>\n<li>Madrid<\/li>\n<\/ul>\n<p>El camino real y el m\u00e1s conocido es el <strong>de Madrid<\/strong> que tiene alrededor de 257 km. El camino empieza en la <strong>iglesia de los Jer\u00f3nimos<\/strong>, aunque algunos empiezan en <strong>M\u00f3stoles hasta el El \u00c1lamo<\/strong>, \u00faltimo pueblo madrile\u00f1o antes de llegar a La Sagra (Toledo), continuando por la <strong>llanura del Tajo<\/strong> y la <strong>Sierra de Gredos<\/strong> para llegar a <strong>Talavera de la Reina y Oropesa.<\/strong> Aqu\u00ed empieza el tramo m\u00e1s duro de la ruta direcci\u00f3n al <strong>Puente del Arzobispo<\/strong> atravesando varios puertos y terminando en el Humilladero que nos lleva hasta<strong> Guadalupe<\/strong>.<\/p>\n<div id=\"attachment_5079\" class=\"thumbnail alignnone\"><img class=\"wp-image-5079 size-full\" src=\"https:\/\/ecobnb.es\/blog\/app\/uploads\/sites\/6\/2021\/05\/Image-for-blog-article-spain-2.jpg\" alt=\" Rutas-Camino Real de Guadalupe\" width=\"870\" height=\"490\" srcset=\"https:\/\/ecobnb.es\/blog\/app\/uploads\/sites\/6\/2021\/05\/Image-for-blog-article-spain-2.jpg 870w, https:\/\/ecobnb.es\/blog\/app\/uploads\/sites\/6\/2021\/05\/Image-for-blog-article-spain-2-536x302.jpg 536w, https:\/\/ecobnb.es\/blog\/app\/uploads\/sites\/6\/2021\/05\/Image-for-blog-article-spain-2-768x433.jpg 768w, https:\/\/ecobnb.es\/blog\/app\/uploads\/sites\/6\/2021\/05\/Image-for-blog-article-spain-2-570x320.jpg 570w, https:\/\/ecobnb.es\/blog\/app\/uploads\/sites\/6\/2021\/05\/Image-for-blog-article-spain-2-344x194.jpg 344w\" sizes=\"(max-width: 870px) 100vw, 870px\" \/><div class=\"caption\">Camino Real de Guadalupe<\/div><\/div>\n<h2>7.\u00a0 Ruta\u00a0Cam\u00ed de Cavalls<\/h2>\n<p>La ruta de Cam\u00ed de Cavalls rodea la costa de Menorca y tiene alrededor de 185 kil\u00f3metros. Si decides realizar este camino con tu bicicleta, podr\u00e1s disfrutar de los espectaculares paisajes que proporciona esta isla. Es una de las rutas m\u00e1s especiales para <strong>mountain bike<\/strong>. Asimismo, podemos decir que est\u00e1 dise\u00f1ado para ciclistas con cierto nivel, ya que es un camino que exige cierto nivel t\u00e9cnico y f\u00edsico.<\/p>\n<p>Para hacer este trayecto es recomendable realizarla en <strong>4 etapas m\u00ednimo<\/strong>. Sin embargo, lo ideal es realizar 5\u00a0 o 6 etapas para poder realizar tramos m\u00e1s cortos. Aqu\u00ed vamos a mostrarte el recorrido en 5 etapas:<\/p>\n<ul>\n<li>Ma\u00f3 \u2013 Arenal d\u2019en Castell (35 km)<\/li>\n<li>Arenal d\u2019en Castell \u2013 Ferreries (32 km)<\/li>\n<li>Ferreries \u2013 Ciutadella (36 km)<\/li>\n<li>Ciutadella \u2013 Sant Tom\u00e1s (43 km)<\/li>\n<li>Sant Tomas \u2013 Ma\u00f3 (48 km)<\/li>\n<\/ul>\n<p>Hay tramos en los que tendr\u00e1s que bajar de la bicicleta, debido a la dificultad de ese tramo. Por \u00faltimo, destacar que la mejor \u00e9poca para realizar este itinerario es en<strong>\u00a0oto\u00f1o<\/strong>, ya que que hace un clima ideal para disfrutar de la isla.<\/p>\n<div id=\"attachment_5084\" class=\"thumbnail alignnone\"><img class=\"size-full wp-image-5084\" src=\"https:\/\/ecobnb.es\/blog\/app\/uploads\/sites\/6\/2021\/05\/33931965578_8595cd38af_c.jpg\" alt=\" Rutas- Cam\u00ed de Cavalls\" width=\"799\" height=\"533\" srcset=\"https:\/\/ecobnb.es\/blog\/app\/uploads\/sites\/6\/2021\/05\/33931965578_8595cd38af_c.jpg 799w, https:\/\/ecobnb.es\/blog\/app\/uploads\/sites\/6\/2021\/05\/33931965578_8595cd38af_c-536x358.jpg 536w, https:\/\/ecobnb.es\/blog\/app\/uploads\/sites\/6\/2021\/05\/33931965578_8595cd38af_c-768x512.jpg 768w, https:\/\/ecobnb.es\/blog\/app\/uploads\/sites\/6\/2021\/05\/33931965578_8595cd38af_c-344x229.jpg 344w\" sizes=\"(max-width: 799px) 100vw, 799px\" \/><div class=\"caption\">Cam\u00ed de Cavalls. Fotograf\u00eda de Jos\u00e9 Carlos Cabello v\u00eda Flickr<\/div><\/div>\n<h2>8. Ruta por el Valle del Ti\u00e9tar<\/h2>\n<p>El Valle del Ti\u00e9tar se encuentra en la <strong>Sierra de Gredos<\/strong>. Esta ruta es circular, por lo que el lugar de salida y llegada son el mismo. De la misma forma, es un sendero con bastantes subidas de niveles, sin embargo si quiere pasar por zonas m\u00e1s tranquilas puedes seguir el <a href=\"https:\/\/www.senderosgr.es\/es\/gr-180-valle-del-tietar\/\" target=\"_blank\" rel=\"noopener\"><strong>GR 180<\/strong><\/a>, un trayecto se\u00f1alizado que une varias localidades del valle. El recorrido empieza en <strong>Arenas de San Pedro<\/strong> (provincia de \u00c1vila); durante el camino podr\u00e1s disfrutar de una gran riqueza natural y paisaj\u00edstica, castillos y adem\u00e1s, degustar la gastronom\u00eda t\u00edpica de la zona. El itinerario de esta ruta es:<\/p>\n<ol>\n<li>Arenas de San Pedro<\/li>\n<li>La Parra<\/li>\n<li>El Arenal<\/li>\n<li>\u00a0El Hornillo<\/li>\n<li>\u00a0Guisando<\/li>\n<li>Arenas de San Pedro<\/li>\n<\/ol>\n<p>La mejor \u00e9poca para realizar esta ruta en bicicleta es <strong>primavera y oto\u00f1o<\/strong>, ya que es la mejor \u00e9poca para realizar turismo y pedalear.<\/p>\n<div id=\"attachment_5092\" class=\"thumbnail alignnone\"><img class=\"wp-image-5092 size-full\" src=\"https:\/\/ecobnb.es\/blog\/app\/uploads\/sites\/6\/2021\/06\/5482616088_3d4984cf33_c.jpg\" alt=\" Rutas-Valle del Ti\u00e9tar\" width=\"800\" height=\"532\" srcset=\"https:\/\/ecobnb.es\/blog\/app\/uploads\/sites\/6\/2021\/06\/5482616088_3d4984cf33_c.jpg 800w, https:\/\/ecobnb.es\/blog\/app\/uploads\/sites\/6\/2021\/06\/5482616088_3d4984cf33_c-536x356.jpg 536w, https:\/\/ecobnb.es\/blog\/app\/uploads\/sites\/6\/2021\/06\/5482616088_3d4984cf33_c-768x511.jpg 768w, https:\/\/ecobnb.es\/blog\/app\/uploads\/sites\/6\/2021\/06\/5482616088_3d4984cf33_c-344x229.jpg 344w\" sizes=\"(max-width: 800px) 100vw, 800px\" \/><div class=\"caption\">Valle del Ti\u00e9tar. Fotograf\u00eda de Jes\u00fas P\u00e9rez Pacheco v\u00eda Flickr<\/div><\/div>\n<p>Y t\u00fa, \u00bfconoces alguna de estas rutas en bicicleta? Si quieres contarnos tu experiencia o a\u00f1adir alg\u00fan comentario,\u00a0<strong>puedes escribirlo<\/strong>\u00a0m\u00e1s abajo.<\/p>\n<p>&nbsp;<\/p>\n<p><em>Imagen de portada: Alicante, v\u00eda Canva Pro<\/em><\/p>\n","protected":false},"excerpt":{"rendered":"<p>\u00bfTe gustar\u00eda descubrir Espa\u00f1a en bicicleta? Aqu\u00ed te mostramos 8 rutas que te permitir\u00e1n descubrir\u00a0 los rincones m\u00e1s fascinantes de la pen\u00ednsula. Hemos seleccionado 8 rutas en bicicleta, en las que podr\u00e1s recorrer la pen\u00ednsula viviendo experiencias \u00fanicas. De la misma forma, a trav\u00e9s de estos itinerarios conocer\u00e1s los lugares m\u00e1s atractivos de Espa\u00f1a admirando [&hellip;]<\/p>\n","protected":false},"author":153,"featured_media":5315,"comment_status":"closed","ping_status":"closed","sticky":false,"template":"","format":"standard","meta":[],"categories":[92],"tags":[130,537,67,477,1367,451,449,450,246,70],"acf":[],"yoast_head":"<!-- This site is optimized with the Yoast SEO plugin v19.9 - https:\/\/yoast.com\/wordpress\/plugins\/seo\/ -->\n<title>Rutas en bicicleta por Espa\u00f1a: 8 rutas para recorrer la pen\u00ednsula<\/title>\n<meta name=\"description\" content=\"Rutas en bicicleta por Espa\u00f1a. Aqu\u00ed te mostramos\u00a08 rutas que puedes realizar para recorrer la pen\u00ednsula y disfrutar de sus maravillosos paisajes.\" \/>\n<meta name=\"robots\" content=\"index, follow, max-snippet:-1, max-image-preview:large, max-video-preview:-1\" \/>\n<link rel=\"canonical\" href=\"https:\/\/ecobnb.es\/blog\/2021\/06\/espana-en-bicicleta-rutas\/\" \/>\n<meta property=\"og:locale\" content=\"es_ES\" \/>\n<meta property=\"og:type\" content=\"article\" \/>\n<meta property=\"og:title\" content=\"Rutas en bicicleta por Espa\u00f1a: 8 rutas para recorrer la pen\u00ednsula\" \/>\n<meta property=\"og:description\" content=\"Rutas en bicicleta por Espa\u00f1a. Aqu\u00ed te mostramos\u00a08 rutas que puedes realizar para recorrer la pen\u00ednsula y disfrutar de sus maravillosos paisajes.\" \/>\n<meta property=\"og:url\" content=\"https:\/\/ecobnb.es\/blog\/2021\/06\/espana-en-bicicleta-rutas\/\" \/>\n<meta property=\"og:site_name\" content=\"Ecobnb\" \/>\n<meta property=\"article:published_time\" content=\"2021-06-22T06:08:17+00:00\" \/>\n<meta property=\"article:modified_time\" content=\"2021-07-18T11:20:34+00:00\" \/>\n<meta property=\"og:image\" content=\"https:\/\/ecobnb.es\/blog\/app\/uploads\/sites\/6\/2021\/06\/ciclabile-alicante-spagna.jpg\" \/>\n\t<meta property=\"og:image:width\" content=\"1170\" \/>\n\t<meta property=\"og:image:height\" content=\"490\" \/>\n\t<meta property=\"og:image:type\" content=\"image\/jpeg\" \/>\n<meta name=\"author\" content=\"Lorena Espejo Conde\" \/>\n<meta name=\"twitter:card\" content=\"summary_large_image\" \/>\n<meta name=\"twitter:label1\" content=\"Written by\" \/>\n\t<meta name=\"twitter:data1\" content=\"Lorena Espejo Conde\" \/>\n\t<meta name=\"twitter:label2\" content=\"Est. reading time\" \/>\n\t<meta name=\"twitter:data2\" content=\"9 minutes\" \/>\n<!-- \/ Yoast SEO plugin. -->","yoast_head_json":{"title":"Rutas en bicicleta por Espa\u00f1a: 8 rutas para recorrer la pen\u00ednsula","description":"Rutas en bicicleta por Espa\u00f1a. Aqu\u00ed te mostramos\u00a08 rutas que puedes realizar para recorrer la pen\u00ednsula y disfrutar de sus maravillosos paisajes.","robots":{"index":"index","follow":"follow","max-snippet":"max-snippet:-1","max-image-preview":"max-image-preview:large","max-video-preview":"max-video-preview:-1"},"canonical":"https:\/\/ecobnb.es\/blog\/2021\/06\/espana-en-bicicleta-rutas\/","og_locale":"es_ES","og_type":"article","og_title":"Rutas en bicicleta por Espa\u00f1a: 8 rutas para recorrer la pen\u00ednsula","og_description":"Rutas en bicicleta por Espa\u00f1a. Aqu\u00ed te mostramos\u00a08 rutas que puedes realizar para recorrer la pen\u00ednsula y disfrutar de sus maravillosos paisajes.","og_url":"https:\/\/ecobnb.es\/blog\/2021\/06\/espana-en-bicicleta-rutas\/","og_site_name":"Ecobnb","article_published_time":"2021-06-22T06:08:17+00:00","article_modified_time":"2021-07-18T11:20:34+00:00","og_image":[{"width":1170,"height":490,"url":"https:\/\/ecobnb.es\/blog\/app\/uploads\/sites\/6\/2021\/06\/ciclabile-alicante-spagna.jpg","type":"image\/jpeg"}],"author":"Lorena Espejo Conde","twitter_card":"summary_large_image","twitter_misc":{"Written by":"Lorena Espejo Conde","Est. reading time":"9 minutes"},"schema":{"@context":"https:\/\/schema.org","@graph":[{"@type":"WebPage","@id":"https:\/\/ecobnb.es\/blog\/2021\/06\/espana-en-bicicleta-rutas\/","url":"https:\/\/ecobnb.es\/blog\/2021\/06\/espana-en-bicicleta-rutas\/","name":"Rutas en bicicleta por Espa\u00f1a: 8 rutas para recorrer la pen\u00ednsula","isPartOf":{"@id":"https:\/\/ecobnb.es\/blog\/#website"},"datePublished":"2021-06-22T06:08:17+00:00","dateModified":"2021-07-18T11:20:34+00:00","author":{"@id":"https:\/\/ecobnb.es\/blog\/#\/schema\/person\/16a8f64c637195c93ce43b855d3c1d27"},"description":"Rutas en bicicleta por Espa\u00f1a. Aqu\u00ed te mostramos\u00a08 rutas que puedes realizar para recorrer la pen\u00ednsula y disfrutar de sus maravillosos paisajes.","breadcrumb":{"@id":"https:\/\/ecobnb.es\/blog\/2021\/06\/espana-en-bicicleta-rutas\/#breadcrumb"},"inLanguage":"es-ES","potentialAction":[{"@type":"ReadAction","target":["https:\/\/ecobnb.es\/blog\/2021\/06\/espana-en-bicicleta-rutas\/"]}]},{"@type":"BreadcrumbList","@id":"https:\/\/ecobnb.es\/blog\/2021\/06\/espana-en-bicicleta-rutas\/#breadcrumb","itemListElement":[{"@type":"ListItem","position":1,"name":"Home","item":"https:\/\/ecobnb.es\/blog\/"},{"@type":"ListItem","position":2,"name":"Espa\u00f1a en Bicicleta: 8 Rutas para Recorrer la Pen\u00ednsula"}]},{"@type":"WebSite","@id":"https:\/\/ecobnb.es\/blog\/#website","url":"https:\/\/ecobnb.es\/blog\/","name":"Ecobnb","description":"Find sustainable accommodation","potentialAction":[{"@type":"SearchAction","target":{"@type":"EntryPoint","urlTemplate":"https:\/\/ecobnb.es\/blog\/?s={search_term_string}"},"query-input":"required name=search_term_string"}],"inLanguage":"es-ES"},{"@type":"Person","@id":"https:\/\/ecobnb.es\/blog\/#\/schema\/person\/16a8f64c637195c93ce43b855d3c1d27","name":"Lorena Espejo Conde","image":{"@type":"ImageObject","inLanguage":"es-ES","@id":"https:\/\/ecobnb.es\/blog\/#\/schema\/person\/image\/","url":"https:\/\/secure.gravatar.com\/avatar\/a903fea91481bbe32fb3f09cfdc735f9?s=96&d=monsterid&r=g","contentUrl":"https:\/\/secure.gravatar.com\/avatar\/a903fea91481bbe32fb3f09cfdc735f9?s=96&d=monsterid&r=g","caption":"Lorena Espejo Conde"},"description":"Soy Lorena, una chica de Espa\u00f1a viviendo en la provincia de Ja\u00e9n. Estudi\u00e9 el grado de turismo y me encanta viajar. Cuando viajo siento que puedo salir de la rutina, relacionarme con otra gente, conocer nuevas culturas y diferentes formas de vida. Me gustar\u00eda seguir disfrutando de las ventajas de viajar, por eso debemos ser conscientes de lo importante que es cuidar nuestro entorno y realizar turismo de manera responsable.","url":"https:\/\/ecobnb.es\/blog\/author\/lorena\/"}]}},"_links":{"self":[{"href":"https:\/\/ecobnb.es\/blog\/wp-json\/wp\/v2\/posts\/4977"}],"collection":[{"href":"https:\/\/ecobnb.es\/blog\/wp-json\/wp\/v2\/posts"}],"about":[{"href":"https:\/\/ecobnb.es\/blog\/wp-json\/wp\/v2\/types\/post"}],"author":[{"embeddable":true,"href":"https:\/\/ecobnb.es\/blog\/wp-json\/wp\/v2\/users\/153"}],"replies":[{"embeddable":true,"href":"https:\/\/ecobnb.es\/blog\/wp-json\/wp\/v2\/comments?post=4977"}],"version-history":[{"count":60,"href":"https:\/\/ecobnb.es\/blog\/wp-json\/wp\/v2\/posts\/4977\/revisions"}],"predecessor-version":[{"id":5780,"href":"https:\/\/ecobnb.es\/blog\/wp-json\/wp\/v2\/posts\/4977\/revisions\/5780"}],"wp:featuredmedia":[{"embeddable":true,"href":"https:\/\/ecobnb.es\/blog\/wp-json\/wp\/v2\/media\/5315"}],"wp:attachment":[{"href":"https:\/\/ecobnb.es\/blog\/wp-json\/wp\/v2\/media?parent=4977"}],"wp:term":[{"taxonomy":"category","embeddable":true,"href":"https:\/\/ecobnb.es\/blog\/wp-json\/wp\/v2\/categories?post=4977"},{"taxonomy":"post_tag","embeddable":true,"href":"https:\/\/ecobnb.es\/blog\/wp-json\/wp\/v2\/tags?post=4977"}],"curies":[{"name":"wp","href":"https:\/\/api.w.org\/{rel}","templated":true}]}}