{"id":4330,"date":"2021-02-05T08:00:01","date_gmt":"2021-02-05T08:00:01","guid":{"rendered":"https:\/\/ecobnb.es\/blog\/?p=4330"},"modified":"2021-02-01T10:12:20","modified_gmt":"2021-02-01T10:12:20","slug":"gases-efecto-invernadero","status":"publish","type":"post","link":"https:\/\/ecobnb.es\/blog\/2021\/02\/gases-efecto-invernadero\/","title":{"rendered":"Gases de efecto invernadero: \u00bfCu\u00e1les son y c\u00f3mo se producen?"},"content":{"rendered":"<h2>Los gases de efecto invernadero son presentes en la atm\u00f3sfera que atrapan el calor emitido por la superficie terrestre, la atm\u00f3sfera y las nubes. Estos gases pueden tener un origen natural o antropog\u00e9nico y sus propiedades provocan un fen\u00f3meno conocido como efecto invernadero.<\/h2>\n<div id=\"attachment_4331\" class=\"thumbnail alignnone\"><img class=\"wp-image-4331 size-medium\" src=\"https:\/\/ecobnb.es\/blog\/app\/uploads\/sites\/6\/2021\/01\/lilian-gordon-536x402.jpg\" alt=\"Efecto invernadero. Imagen de Lilian Gordon\" width=\"536\" height=\"402\" srcset=\"https:\/\/ecobnb.es\/blog\/app\/uploads\/sites\/6\/2021\/01\/lilian-gordon-536x402.jpg 536w, https:\/\/ecobnb.es\/blog\/app\/uploads\/sites\/6\/2021\/01\/lilian-gordon-768x576.jpg 768w, https:\/\/ecobnb.es\/blog\/app\/uploads\/sites\/6\/2021\/01\/lilian-gordon-344x258.jpg 344w, https:\/\/ecobnb.es\/blog\/app\/uploads\/sites\/6\/2021\/01\/lilian-gordon.jpg 960w\" sizes=\"(max-width: 536px) 100vw, 536px\" \/><div class=\"caption\">Efecto invernadero. Imagen de Lilian Gordon<\/div><\/div>\n<h2>\u00bfQu\u00e9 es el efecto invernadero?<\/h2>\n<p>El <strong>efecto invernadero<\/strong> es un <strong>fen\u00f3meno absolutamente normal y esencial<\/strong> para el desarrollo de la vida en la Tierra: sin \u00e9l, la temperatura media de la Tierra ser\u00eda de -18\u00b0C. <strong><a href=\"https:\/\/ecobnb.es\/blog\/2019\/12\/huella-ecologica-vacaciones\/\" target=\"_blank\" rel=\"noopener\">La acci\u00f3n del hombre<\/a>, con el uso de combustibles f\u00f3siles, altera el equilibrio t\u00e9rmico normal del planeta provocando el calentamiento global.<\/strong> Los gases de efecto invernadero retienen, dentro de la atm\u00f3sfera, el calor que normalmente producen los ecosistemas de la Tierra, no permitiendo el intercambio natural con el exterior.<\/p>\n<p><strong><a href=\"https:\/\/ecobnb.es\/blog\/2019\/09\/cambio-climatico\/\" target=\"_blank\" rel=\"noopener\">El aumento de la temperatura<\/a> provoca el deshielo de los glaciares<\/strong>, el calentamiento de las aguas (especialmente las oce\u00e1nicas), el cambio de las estaciones, el aumento de las precipitaciones y el incremento de la superficie de las zonas \u00e1ridas.<\/p>\n<div id=\"attachment_4350\" class=\"thumbnail alignnone\"><img class=\"size-full wp-image-4350\" src=\"https:\/\/ecobnb.es\/blog\/app\/uploads\/sites\/6\/2021\/01\/Glaciar-islandia.jpg\" alt=\"Glaciar islandia\" width=\"870\" height=\"490\" srcset=\"https:\/\/ecobnb.es\/blog\/app\/uploads\/sites\/6\/2021\/01\/Glaciar-islandia.jpg 870w, https:\/\/ecobnb.es\/blog\/app\/uploads\/sites\/6\/2021\/01\/Glaciar-islandia-536x302.jpg 536w, https:\/\/ecobnb.es\/blog\/app\/uploads\/sites\/6\/2021\/01\/Glaciar-islandia-768x433.jpg 768w, https:\/\/ecobnb.es\/blog\/app\/uploads\/sites\/6\/2021\/01\/Glaciar-islandia-570x320.jpg 570w, https:\/\/ecobnb.es\/blog\/app\/uploads\/sites\/6\/2021\/01\/Glaciar-islandia-344x194.jpg 344w\" sizes=\"(max-width: 870px) 100vw, 870px\" \/><div class=\"caption\">Glaciar islandia, Willian Justen de Vasconcellos; Unsplash<\/div><\/div>\n<h2>\u00bfQu\u00e9 son los gases de efecto invernadero?<\/h2>\n<p>El vapor de agua (H2O), el di\u00f3xido de carbono (CO2), el \u00f3xido nitroso (N2O), el metano (CH4) y el hexafluoruro de azufre (SF6) son los principales gases de efecto invernadero en la atm\u00f3sfera terrestre. Adem\u00e1s de estos gases de<strong> origen natural y antropog\u00e9nico<\/strong>, existen otros gases de efecto invernadero liberados a la atm\u00f3sfera \u00fanicamente por el ser humano, como los halocarbonos, entre los que se encuentran los clorofluorocarbonos (CFC).<\/p>\n<div id=\"attachment_4349\" class=\"thumbnail alignnone\"><img class=\"wp-image-4349 size-full\" src=\"https:\/\/ecobnb.es\/blog\/app\/uploads\/sites\/6\/2021\/01\/Niebla.jpg\" alt=\"Niebla\" width=\"870\" height=\"490\" srcset=\"https:\/\/ecobnb.es\/blog\/app\/uploads\/sites\/6\/2021\/01\/Niebla.jpg 870w, https:\/\/ecobnb.es\/blog\/app\/uploads\/sites\/6\/2021\/01\/Niebla-536x302.jpg 536w, https:\/\/ecobnb.es\/blog\/app\/uploads\/sites\/6\/2021\/01\/Niebla-768x433.jpg 768w, https:\/\/ecobnb.es\/blog\/app\/uploads\/sites\/6\/2021\/01\/Niebla-570x320.jpg 570w, https:\/\/ecobnb.es\/blog\/app\/uploads\/sites\/6\/2021\/01\/Niebla-344x194.jpg 344w\" sizes=\"(max-width: 870px) 100vw, 870px\" \/><div class=\"caption\">Niebla, foto de Markus Spiske, via Unsplash<\/div><\/div>\n<h3>Vapor de agua<\/h3>\n<p><strong>El vapor de agua<\/strong> es el gas de efecto invernadero con mayor concentraci\u00f3n en la atm\u00f3sfera y provoca aproximadamente 2\/3 del efecto invernadero al atrapar la radiaci\u00f3n infrarroja en sus mol\u00e9culas.<\/p>\n<h3>Di\u00f3xido de carbono<\/h3>\n<p><strong>El di\u00f3xido de carbono<\/strong> es responsable de cerca del 15% del efecto invernadero e interact\u00faa con la atm\u00f3sfera por causas tanto naturales como antr\u00f3picas. Sin la intervenci\u00f3n humana, la cantidad de CO2 se mantiene en equilibrio en todos los ecosistemas, con ligeras variaciones estacionales de concentraci\u00f3n debidas a la fotos\u00edntesis de las plantas. Las emisiones antr\u00f3picas de di\u00f3xido de carbono se deben a la combusti\u00f3n de carb\u00f3n, petr\u00f3leo y gas natural, la deforestaci\u00f3n y el uso intensivo de las tierras agr\u00edcolas.<\/p>\n<p>&nbsp;<\/p>\n<p>&nbsp;<\/p>\n<h3>Metano<\/h3>\n<p><strong>El metano<\/strong>, en cambio, se considera responsable del 10% del efecto invernadero y est\u00e1 causado en un 60-80% por el hombre. Su capacidad para retener el calor es unas 20 veces mayor que la del di\u00f3xido de carbono. Se produce por la degradaci\u00f3n de la materia org\u00e1nica en un entorno sin ox\u00edgeno. Las principales fuentes de metano en la Tierra son los vertederos, los pantanos, los lugares de extracci\u00f3n de combustibles f\u00f3siles, la digesti\u00f3n del ganado y los arrozales.<\/p>\n<h3>\u00d3xido nitroso<\/h3>\n<p><strong>El \u00f3xido nitroso<\/strong> s\u00f3lo est\u00e1 presente en una parte muy peque\u00f1a de la atm\u00f3sfera, est\u00e1 mucho menos presente que el CO2, pero es casi 300 veces m\u00e1s potente para retener el calor. La mayor parte de esta mol\u00e9cula es producida por procesos microbiol\u00f3gicos, como los procesos de nitrificaci\u00f3n y desnitrificaci\u00f3n en el subsuelo.<\/p>\n<div id=\"attachment_4346\" class=\"thumbnail alignnone\"><img class=\"wp-image-4346 size-full\" src=\"https:\/\/ecobnb.es\/blog\/app\/uploads\/sites\/6\/2021\/01\/basura-en-la-playa.jpg\" alt=\"basura en la playa\" width=\"870\" height=\"490\" srcset=\"https:\/\/ecobnb.es\/blog\/app\/uploads\/sites\/6\/2021\/01\/basura-en-la-playa.jpg 870w, https:\/\/ecobnb.es\/blog\/app\/uploads\/sites\/6\/2021\/01\/basura-en-la-playa-536x302.jpg 536w, https:\/\/ecobnb.es\/blog\/app\/uploads\/sites\/6\/2021\/01\/basura-en-la-playa-768x433.jpg 768w, https:\/\/ecobnb.es\/blog\/app\/uploads\/sites\/6\/2021\/01\/basura-en-la-playa-570x320.jpg 570w, https:\/\/ecobnb.es\/blog\/app\/uploads\/sites\/6\/2021\/01\/basura-en-la-playa-344x194.jpg 344w\" sizes=\"(max-width: 870px) 100vw, 870px\" \/><div class=\"caption\">Basura en la playa de Punta Cana; Foto de Dustan Woodhouse; via Unsplash<\/div><\/div>\n<h3>Halocarbonos<\/h3>\n<p><strong>Los halocarbonos<\/strong>, de los cuales los m\u00e1s conocidos son los clorofluorocarbonos (CFC), est\u00e1n presentes en cantidades muy peque\u00f1as en la atm\u00f3sfera, pero su potencial de calentamiento es de 3.000 a 13.000 veces mayor que el del di\u00f3xido de carbono. Esto los convierte en un gas de efecto invernadero extremadamente potente que no resulta de procesos naturales, sino \u00fanica y exclusivamente de la acci\u00f3n humana. Hasta los a\u00f1os 70, los CFC se utilizaban como propulsores en aerosoles, disolventes y algunos adhesivos. Con el Protocolo de Montreal se ha reducido dr\u00e1sticamente su uso, ya que son perjudiciales para la capa de ozono atmosf\u00e9rica. Por desgracia, son gases que permanecen en el aire hasta 400 a\u00f1os, por lo que pasar\u00e1 alg\u00fan tiempo antes de que dejen de estar presentes en el aire.<\/p>\n<div id=\"attachment_4345\" class=\"thumbnail alignnone\"><img class=\"wp-image-4345 size-full\" src=\"https:\/\/ecobnb.es\/blog\/app\/uploads\/sites\/6\/2021\/01\/industria-metal\u00fargica.jpg\" alt=\"industria metal\u00fargica\" width=\"870\" height=\"490\" srcset=\"https:\/\/ecobnb.es\/blog\/app\/uploads\/sites\/6\/2021\/01\/industria-metal\u00fargica.jpg 870w, https:\/\/ecobnb.es\/blog\/app\/uploads\/sites\/6\/2021\/01\/industria-metal\u00fargica-536x302.jpg 536w, https:\/\/ecobnb.es\/blog\/app\/uploads\/sites\/6\/2021\/01\/industria-metal\u00fargica-768x433.jpg 768w, https:\/\/ecobnb.es\/blog\/app\/uploads\/sites\/6\/2021\/01\/industria-metal\u00fargica-570x320.jpg 570w, https:\/\/ecobnb.es\/blog\/app\/uploads\/sites\/6\/2021\/01\/industria-metal\u00fargica-344x194.jpg 344w\" sizes=\"(max-width: 870px) 100vw, 870px\" \/><div class=\"caption\">Foto de Ant Rozetsky, Unsplash<\/div><\/div>\n<h3>Ozono<\/h3>\n<p><strong>El ozono<\/strong> est\u00e1 presente de forma natural en la estratosfera, a 45 km de altura, donde se forma gracias a una reacci\u00f3n entre el ox\u00edgeno y los rayos UV. En esta capa de la atm\u00f3sfera act\u00faa como filtro solar, mientras que a menor altura se considera un gas de efecto invernadero ligeramente contaminante. El ozono provoca la lluvia \u00e1cida y algunas enfermedades respiratorias.<\/p>\n<div id=\"attachment_4344\" class=\"thumbnail alignnone\"><img class=\"size-full wp-image-4344\" src=\"https:\/\/ecobnb.es\/blog\/app\/uploads\/sites\/6\/2021\/01\/natura.jpg\" alt=\"natura\" width=\"870\" height=\"490\" srcset=\"https:\/\/ecobnb.es\/blog\/app\/uploads\/sites\/6\/2021\/01\/natura.jpg 870w, https:\/\/ecobnb.es\/blog\/app\/uploads\/sites\/6\/2021\/01\/natura-536x302.jpg 536w, https:\/\/ecobnb.es\/blog\/app\/uploads\/sites\/6\/2021\/01\/natura-768x433.jpg 768w, https:\/\/ecobnb.es\/blog\/app\/uploads\/sites\/6\/2021\/01\/natura-570x320.jpg 570w, https:\/\/ecobnb.es\/blog\/app\/uploads\/sites\/6\/2021\/01\/natura-344x194.jpg 344w\" sizes=\"(max-width: 870px) 100vw, 870px\" \/><div class=\"caption\">Foto de Federico Respini, via Unsplash<\/div><\/div>\n<h2>\u00bfQu\u00e9 pa\u00edses emiten m\u00e1s gases de efecto invernadero en el mundo?<\/h2>\n<p>En 2015, se calcularon las <a href=\"https:\/\/www.europarl.europa.eu\/news\/es\/headlines\/society\/20180301STO98928\/emisiones-de-gases-de-efecto-invernadero-por-pais-y-sector-infografia\" target=\"_blank\" rel=\"noopener\">emisiones totales de CO2 del mundo<\/a> en kilotoneladas y se elabor\u00f3 una lista de los pa\u00edses m\u00e1s contaminantes.<\/p>\n<div id=\"attachment_4332\" class=\"thumbnail alignnone\"><img class=\"wp-image-4332 size-medium\" src=\"https:\/\/ecobnb.es\/blog\/app\/uploads\/sites\/6\/2021\/01\/Progetto-senza-titolo-536x758.png\" alt=\"gases de efecto invernadero en el mundo\" width=\"536\" height=\"758\" srcset=\"https:\/\/ecobnb.es\/blog\/app\/uploads\/sites\/6\/2021\/01\/Progetto-senza-titolo-536x758.png 536w, https:\/\/ecobnb.es\/blog\/app\/uploads\/sites\/6\/2021\/01\/Progetto-senza-titolo-768x1086.png 768w, https:\/\/ecobnb.es\/blog\/app\/uploads\/sites\/6\/2021\/01\/Progetto-senza-titolo-344x487.png 344w, https:\/\/ecobnb.es\/blog\/app\/uploads\/sites\/6\/2021\/01\/Progetto-senza-titolo.png 794w\" sizes=\"(max-width: 536px) 100vw, 536px\" \/><div class=\"caption\">Gases de efecto invernadero en el mundo. Imagen de Chiara Fasano<\/div><\/div>\n<p>Los 5 primeros puestos est\u00e1n ocupados por:<\/p>\n<ol>\n<li>China<\/li>\n<li>Estados Unidos de Am\u00e9rica<\/li>\n<li>Europa<\/li>\n<li>India<\/li>\n<li>Rusia<\/li>\n<\/ol>\n<p>seguido de Jap\u00f3n, Brasil, Indonesia, Ir\u00e1n y Canad\u00e1.<\/p>\n<div id=\"attachment_4343\" class=\"thumbnail alignnone\"><img class=\"size-full wp-image-4343\" src=\"https:\/\/ecobnb.es\/blog\/app\/uploads\/sites\/6\/2021\/01\/shanghai.jpg\" alt=\"shanghai\" width=\"870\" height=\"490\" srcset=\"https:\/\/ecobnb.es\/blog\/app\/uploads\/sites\/6\/2021\/01\/shanghai.jpg 870w, https:\/\/ecobnb.es\/blog\/app\/uploads\/sites\/6\/2021\/01\/shanghai-536x302.jpg 536w, https:\/\/ecobnb.es\/blog\/app\/uploads\/sites\/6\/2021\/01\/shanghai-768x433.jpg 768w, https:\/\/ecobnb.es\/blog\/app\/uploads\/sites\/6\/2021\/01\/shanghai-570x320.jpg 570w, https:\/\/ecobnb.es\/blog\/app\/uploads\/sites\/6\/2021\/01\/shanghai-344x194.jpg 344w\" sizes=\"(max-width: 870px) 100vw, 870px\" \/><div class=\"caption\">Foto de Vince Russell; Unsplash<\/div><\/div>\n<h2>\u00bfQu\u00e9 pa\u00edses emiten m\u00e1s gases de efecto invernadero en Europa?<\/h2>\n<p>Sin embargo, en 2017 se elabor\u00f3 una clasificaci\u00f3n de <a href=\"https:\/\/www.europarl.europa.eu\/news\/es\/headlines\/society\/20180301STO98928\/emisiones-de-gases-de-efecto-invernadero-por-pais-y-sector-infografia\" target=\"_blank\" rel=\"noopener\">las naciones m\u00e1s contaminantes a nivel europeo<\/a>.<\/p>\n<div id=\"attachment_4333\" class=\"thumbnail alignnone\"><img class=\"size-full wp-image-4333\" src=\"https:\/\/ecobnb.es\/blog\/app\/uploads\/sites\/6\/2021\/01\/Progetto-senza-titolo-1.png\" alt=\"esquema Gases de efecto invernadero en Europa\" width=\"721\" height=\"451\" srcset=\"https:\/\/ecobnb.es\/blog\/app\/uploads\/sites\/6\/2021\/01\/Progetto-senza-titolo-1.png 721w, https:\/\/ecobnb.es\/blog\/app\/uploads\/sites\/6\/2021\/01\/Progetto-senza-titolo-1-536x335.png 536w, https:\/\/ecobnb.es\/blog\/app\/uploads\/sites\/6\/2021\/01\/Progetto-senza-titolo-1-344x215.png 344w\" sizes=\"(max-width: 721px) 100vw, 721px\" \/><div class=\"caption\">Esquema gases de efecto invernadero en Europa. De Giulia Fasano<\/div><\/div>\n<p>Los 10 primeros puestos est\u00e1n ocupados por:<\/p>\n<ol>\n<li>Alemania<\/li>\n<li>Reino Unido<\/li>\n<li>Francia<\/li>\n<li><strong>Italia<\/strong><\/li>\n<li>Polonia<\/li>\n<li>Espa\u00f1a<\/li>\n<li>Pa\u00edses Bajos<\/li>\n<li>Rep\u00fablica Checa<\/li>\n<li>B\u00e9lgica<\/li>\n<li>Ruman\u00eda<\/li>\n<\/ol>\n<div id=\"attachment_4342\" class=\"thumbnail alignnone\"><img class=\"size-full wp-image-4342\" src=\"https:\/\/ecobnb.es\/blog\/app\/uploads\/sites\/6\/2021\/01\/Central-de-generaci\u00f3n-el\u00e9ctrica-en-Alemania.jpg\" alt=\"Central de generaci\u00f3n el\u00e9ctrica en Alemania\" width=\"870\" height=\"490\" srcset=\"https:\/\/ecobnb.es\/blog\/app\/uploads\/sites\/6\/2021\/01\/Central-de-generaci\u00f3n-el\u00e9ctrica-en-Alemania.jpg 870w, https:\/\/ecobnb.es\/blog\/app\/uploads\/sites\/6\/2021\/01\/Central-de-generaci\u00f3n-el\u00e9ctrica-en-Alemania-536x302.jpg 536w, https:\/\/ecobnb.es\/blog\/app\/uploads\/sites\/6\/2021\/01\/Central-de-generaci\u00f3n-el\u00e9ctrica-en-Alemania-768x433.jpg 768w, https:\/\/ecobnb.es\/blog\/app\/uploads\/sites\/6\/2021\/01\/Central-de-generaci\u00f3n-el\u00e9ctrica-en-Alemania-570x320.jpg 570w, https:\/\/ecobnb.es\/blog\/app\/uploads\/sites\/6\/2021\/01\/Central-de-generaci\u00f3n-el\u00e9ctrica-en-Alemania-344x194.jpg 344w\" sizes=\"(max-width: 870px) 100vw, 870px\" \/><div class=\"caption\">Central de generaci\u00f3n el\u00e9ctrica en Alemania. Foto de Torsten Kellermann; Unsplash<\/div><\/div>\n<h2>\u00bfC\u00f3mo podemos reducir la emisi\u00f3n de gases de efecto invernadero?<\/h2>\n<p>En este punto, es importante desarrollar estrategias para reducir la emisi\u00f3n de gases de efecto invernadero y contribuir, aunque sea m\u00ednimamente, a la lucha contra el calentamiento global y el cambio clim\u00e1tico.<\/p>\n<p>Es esencial hacer algo por el futuro de nuestro planeta, y es esencial pedir a los gobiernos que apliquen pol\u00edticas medioambientales eficaces.<\/p>\n<h2>10 buenas pr\u00e1cticas a adoptar en la vida cotidiana para reducir los gases de efecto invernadero<\/h2>\n<ul>\n<li><strong>Reduzca los viajes en avi\u00f3n<\/strong> y evite las escalas y los desplazamientos eligiendo una compa\u00f1\u00eda a\u00e9rea con conciencia ecol\u00f3gica. Los aviones son el medio de transporte m\u00e1s contaminante y emiten m\u00e1s CO2 que los trenes, los coches y las bicicletas.<\/li>\n<\/ul>\n<div id=\"attachment_4339\" class=\"thumbnail alignnone\"><img class=\"wp-image-4339 size-large\" src=\"https:\/\/ecobnb.es\/blog\/app\/uploads\/sites\/6\/2021\/01\/tren-870x490.jpg\" alt=\"Tren\" width=\"870\" height=\"490\" srcset=\"https:\/\/ecobnb.es\/blog\/app\/uploads\/sites\/6\/2021\/01\/tren-870x490.jpg 870w, https:\/\/ecobnb.es\/blog\/app\/uploads\/sites\/6\/2021\/01\/tren-570x320.jpg 570w\" sizes=\"(max-width: 870px) 100vw, 870px\" \/><div class=\"caption\">Foto de Balazs Busznyak; Unsplash<\/div><\/div>\n<ul>\n<li><strong>Elegir hoteles sostenibles<\/strong>. Es importante que el lugar que elijas para tus vacaciones cumpla ciertas normas. Aqu\u00ed est\u00e1 la propuesta ecol\u00f3gica de Ecobnb con las preguntas m\u00e1s frecuentes.<\/li>\n<li><strong>Preferir los coches el\u00e9ctricos o h\u00edbridos<\/strong>: menos emisiones para nuestros desplazamientos ecol\u00f3gicos diarios.<\/li>\n<li><strong>Reconsiderar los desplazamientos diarios<\/strong>: toma el transporte p\u00fablico, ve en bicicleta o camina&#8230; \u00a1es<a href=\"https:\/\/ecobnb.es\/blog\/2019\/10\/ir-andando-beneficios\/\" target=\"_blank\" rel=\"noopener\"> bueno para el medio ambiente y para tu salud<\/a>!<\/li>\n<\/ul>\n<div id=\"attachment_4340\" class=\"thumbnail alignnone\"><img class=\"wp-image-4340 size-large\" src=\"https:\/\/ecobnb.es\/blog\/app\/uploads\/sites\/6\/2021\/01\/Pasear-en-el-bosque-870x490.jpg\" alt=\"Pasear en el bosque\" width=\"870\" height=\"490\" srcset=\"https:\/\/ecobnb.es\/blog\/app\/uploads\/sites\/6\/2021\/01\/Pasear-en-el-bosque-870x490.jpg 870w, https:\/\/ecobnb.es\/blog\/app\/uploads\/sites\/6\/2021\/01\/Pasear-en-el-bosque-570x320.jpg 570w\" sizes=\"(max-width: 870px) 100vw, 870px\" \/><div class=\"caption\">Foto de Nicolas Picard, Unsplash<\/div><\/div>\n<ul>\n<li><strong>Pensar en instalar paneles solares<\/strong> para las necesidades de nuestro hogar. Para los que viven en la ciudad y no disponen de un espacio adecuado para esta opci\u00f3n ecol\u00f3gica tambi\u00e9n la elecci\u00f3n de los proveedores de energ\u00eda renovable son una buena opci\u00f3n.<\/li>\n<li>Para reducir la cantidad de CO2 en la atm\u00f3sfera y luchar contra la deforestaci\u00f3n puede ser una buena idea <strong><a href=\"https:\/\/ecobnb.es\/blog\/arboles\/\" target=\"_blank\" rel=\"noopener\">plantar \u00e1rboles<\/a> o unirse a campa\u00f1as de plantaci\u00f3n de \u00e1rboles<\/strong>.<\/li>\n<li><strong>La recogida selectiva de basura<\/strong> es una pr\u00e1ctica sencilla y eficaz para contrarrestar la emisi\u00f3n de gases de efecto invernadero y contaminar menos.<\/li>\n<li><strong>Reduzca el consumo de carne<\/strong> y prefiera una dieta rica en verduras. La producci\u00f3n de carne emite m\u00e1s CO2 y consume m\u00e1s agua que la producci\u00f3n de verduras. Un filete menos puede salvar el planeta.<\/li>\n<\/ul>\n<div id=\"attachment_4341\" class=\"thumbnail alignnone\"><img class=\"size-full wp-image-4341\" src=\"https:\/\/ecobnb.es\/blog\/app\/uploads\/sites\/6\/2021\/01\/vacas.jpg\" alt=\"vacas\" width=\"870\" height=\"490\" srcset=\"https:\/\/ecobnb.es\/blog\/app\/uploads\/sites\/6\/2021\/01\/vacas.jpg 870w, https:\/\/ecobnb.es\/blog\/app\/uploads\/sites\/6\/2021\/01\/vacas-536x302.jpg 536w, https:\/\/ecobnb.es\/blog\/app\/uploads\/sites\/6\/2021\/01\/vacas-768x433.jpg 768w, https:\/\/ecobnb.es\/blog\/app\/uploads\/sites\/6\/2021\/01\/vacas-570x320.jpg 570w, https:\/\/ecobnb.es\/blog\/app\/uploads\/sites\/6\/2021\/01\/vacas-344x194.jpg 344w\" sizes=\"(max-width: 870px) 100vw, 870px\" \/><div class=\"caption\">Vacas pastoreando, foto de Stijn te Strake. Unsplash<\/div><\/div>\n<ul>\n<li><strong>\u00a1No gastes energ\u00eda!<\/strong>: apaga completamente los electrodom\u00e9sticos cuando no est\u00e9n en uso, utiliza bombillas de bajo consumo, compra electrodom\u00e9sticos de bajo consumo y acost\u00fambrate a utilizar bolsas reutilizables.<\/li>\n<li>Los <strong>productos Km 0 <\/strong>son muchos mejor que los productos industriales y son buenos para el planeta. Si tienes un jard\u00edn (o incluso s\u00f3lo una terraza) y algo de tiempo libre, un huerto casero es una gran idea para pasar tiempo en contacto con la naturaleza y aprender cosas nuevas.<\/li>\n<\/ul>\n<p><em>Imagen de portada: Chicago, de Sawyer Bengtson, unsplash.com<\/em><\/p>\n","protected":false},"excerpt":{"rendered":"<p>Los gases de efecto invernadero son presentes en la atm\u00f3sfera que atrapan el calor emitido por la superficie terrestre, la atm\u00f3sfera y las nubes. Estos gases pueden tener un origen natural o antropog\u00e9nico y sus propiedades provocan un fen\u00f3meno conocido como efecto invernadero. \u00bfQu\u00e9 es el efecto invernadero? El efecto invernadero es un fen\u00f3meno absolutamente [&hellip;]<\/p>\n","protected":false},"author":148,"featured_media":4334,"comment_status":"closed","ping_status":"closed","sticky":false,"template":"","format":"standard","meta":[],"categories":[146,221],"tags":[439,1320,1319,485],"acf":[],"yoast_head":"<!-- This site is optimized with the Yoast SEO plugin v19.9 - https:\/\/yoast.com\/wordpress\/plugins\/seo\/ -->\n<title>Gases de efecto invernadero: \u00bfCu\u00e1les son y c\u00f3mo se producen?<\/title>\n<meta name=\"description\" content=\"Algunos de los gases de efecto invernadero tienen un origen natural,mientras otros son los resultados de la actividad del hombre y pueden ser nocivos\" \/>\n<meta name=\"robots\" content=\"index, follow, max-snippet:-1, max-image-preview:large, max-video-preview:-1\" \/>\n<link rel=\"canonical\" href=\"https:\/\/ecobnb.es\/blog\/2021\/02\/gases-efecto-invernadero\/\" \/>\n<meta property=\"og:locale\" content=\"es_ES\" \/>\n<meta property=\"og:type\" content=\"article\" \/>\n<meta property=\"og:title\" content=\"Gases de efecto invernadero: \u00bfCu\u00e1les son y c\u00f3mo se producen?\" \/>\n<meta property=\"og:description\" content=\"Algunos de los gases de efecto invernadero tienen un origen natural,mientras otros son los resultados de la actividad del hombre y pueden ser nocivos\" \/>\n<meta property=\"og:url\" content=\"https:\/\/ecobnb.es\/blog\/2021\/02\/gases-efecto-invernadero\/\" \/>\n<meta property=\"og:site_name\" content=\"Ecobnb\" \/>\n<meta property=\"article:published_time\" content=\"2021-02-05T08:00:01+00:00\" \/>\n<meta property=\"article:modified_time\" content=\"2021-02-01T10:12:20+00:00\" \/>\n<meta property=\"og:image\" content=\"https:\/\/ecobnb.es\/blog\/app\/uploads\/sites\/6\/2021\/01\/citt\u00e0-inquinamento-1170x490.jpg\" \/>\n\t<meta property=\"og:image:width\" content=\"1170\" \/>\n\t<meta property=\"og:image:height\" content=\"490\" \/>\n\t<meta property=\"og:image:type\" content=\"image\/jpeg\" \/>\n<meta name=\"author\" content=\"Chiara Grottola\" \/>\n<meta name=\"twitter:card\" content=\"summary_large_image\" \/>\n<meta name=\"twitter:label1\" content=\"Written by\" \/>\n\t<meta name=\"twitter:data1\" content=\"Chiara Grottola\" \/>\n\t<meta name=\"twitter:label2\" content=\"Est. reading time\" \/>\n\t<meta name=\"twitter:data2\" content=\"7 minutes\" \/>\n<!-- \/ Yoast SEO plugin. -->","yoast_head_json":{"title":"Gases de efecto invernadero: \u00bfCu\u00e1les son y c\u00f3mo se producen?","description":"Algunos de los gases de efecto invernadero tienen un origen natural,mientras otros son los resultados de la actividad del hombre y pueden ser nocivos","robots":{"index":"index","follow":"follow","max-snippet":"max-snippet:-1","max-image-preview":"max-image-preview:large","max-video-preview":"max-video-preview:-1"},"canonical":"https:\/\/ecobnb.es\/blog\/2021\/02\/gases-efecto-invernadero\/","og_locale":"es_ES","og_type":"article","og_title":"Gases de efecto invernadero: \u00bfCu\u00e1les son y c\u00f3mo se producen?","og_description":"Algunos de los gases de efecto invernadero tienen un origen natural,mientras otros son los resultados de la actividad del hombre y pueden ser nocivos","og_url":"https:\/\/ecobnb.es\/blog\/2021\/02\/gases-efecto-invernadero\/","og_site_name":"Ecobnb","article_published_time":"2021-02-05T08:00:01+00:00","article_modified_time":"2021-02-01T10:12:20+00:00","og_image":[{"width":1170,"height":490,"url":"https:\/\/ecobnb.es\/blog\/app\/uploads\/sites\/6\/2021\/01\/citt\u00e0-inquinamento-1170x490.jpg","type":"image\/jpeg"}],"author":"Chiara Grottola","twitter_card":"summary_large_image","twitter_misc":{"Written by":"Chiara Grottola","Est. reading time":"7 minutes"},"schema":{"@context":"https:\/\/schema.org","@graph":[{"@type":"WebPage","@id":"https:\/\/ecobnb.es\/blog\/2021\/02\/gases-efecto-invernadero\/","url":"https:\/\/ecobnb.es\/blog\/2021\/02\/gases-efecto-invernadero\/","name":"Gases de efecto invernadero: \u00bfCu\u00e1les son y c\u00f3mo se producen?","isPartOf":{"@id":"https:\/\/ecobnb.es\/blog\/#website"},"datePublished":"2021-02-05T08:00:01+00:00","dateModified":"2021-02-01T10:12:20+00:00","author":{"@id":"https:\/\/ecobnb.es\/blog\/#\/schema\/person\/0c04421fe15e562bd4657aa61e7c4ac8"},"description":"Algunos de los gases de efecto invernadero tienen un origen natural,mientras otros son los resultados de la actividad del hombre y pueden ser nocivos","breadcrumb":{"@id":"https:\/\/ecobnb.es\/blog\/2021\/02\/gases-efecto-invernadero\/#breadcrumb"},"inLanguage":"es-ES","potentialAction":[{"@type":"ReadAction","target":["https:\/\/ecobnb.es\/blog\/2021\/02\/gases-efecto-invernadero\/"]}]},{"@type":"BreadcrumbList","@id":"https:\/\/ecobnb.es\/blog\/2021\/02\/gases-efecto-invernadero\/#breadcrumb","itemListElement":[{"@type":"ListItem","position":1,"name":"Home","item":"https:\/\/ecobnb.es\/blog\/"},{"@type":"ListItem","position":2,"name":"Gases de efecto invernadero: \u00bfCu\u00e1les son y c\u00f3mo se producen?"}]},{"@type":"WebSite","@id":"https:\/\/ecobnb.es\/blog\/#website","url":"https:\/\/ecobnb.es\/blog\/","name":"Ecobnb","description":"Find sustainable accommodation","potentialAction":[{"@type":"SearchAction","target":{"@type":"EntryPoint","urlTemplate":"https:\/\/ecobnb.es\/blog\/?s={search_term_string}"},"query-input":"required name=search_term_string"}],"inLanguage":"es-ES"},{"@type":"Person","@id":"https:\/\/ecobnb.es\/blog\/#\/schema\/person\/0c04421fe15e562bd4657aa61e7c4ac8","name":"Chiara Grottola","image":{"@type":"ImageObject","inLanguage":"es-ES","@id":"https:\/\/ecobnb.es\/blog\/#\/schema\/person\/image\/","url":"https:\/\/secure.gravatar.com\/avatar\/6453ff0568101f7617e817e13215bf01?s=96&d=monsterid&r=g","contentUrl":"https:\/\/secure.gravatar.com\/avatar\/6453ff0568101f7617e817e13215bf01?s=96&d=monsterid&r=g","caption":"Chiara Grottola"},"description":"Ciao! Mi chiamo Chiara, sono cresciuta tra le terre del buon vino e della pear\u00e1. Quando non sono impegnata ad interpretare qualche cavillo giuridico mi piace immaginarmi in qualche posto remoto in mezzo alla natura. Non ho un gran senso dell'orientamento, per questo mi perdo spesso, ma la maggior parte delle volte trovo strade alternative meravigliose. Mi piace avventurarmi e scoprire che il mondo \u00e8 pieno di volti e luoghi familiari. Perch\u00e9 non cercarli facendo attenzione a preservare l'ambiente e ci\u00f2 che ci circonda? Ne vale la pena, ve lo garantisco.","url":"https:\/\/ecobnb.es\/blog\/author\/chiaragrottola\/"}]}},"_links":{"self":[{"href":"https:\/\/ecobnb.es\/blog\/wp-json\/wp\/v2\/posts\/4330"}],"collection":[{"href":"https:\/\/ecobnb.es\/blog\/wp-json\/wp\/v2\/posts"}],"about":[{"href":"https:\/\/ecobnb.es\/blog\/wp-json\/wp\/v2\/types\/post"}],"author":[{"embeddable":true,"href":"https:\/\/ecobnb.es\/blog\/wp-json\/wp\/v2\/users\/148"}],"replies":[{"embeddable":true,"href":"https:\/\/ecobnb.es\/blog\/wp-json\/wp\/v2\/comments?post=4330"}],"version-history":[{"count":4,"href":"https:\/\/ecobnb.es\/blog\/wp-json\/wp\/v2\/posts\/4330\/revisions"}],"predecessor-version":[{"id":4351,"href":"https:\/\/ecobnb.es\/blog\/wp-json\/wp\/v2\/posts\/4330\/revisions\/4351"}],"wp:featuredmedia":[{"embeddable":true,"href":"https:\/\/ecobnb.es\/blog\/wp-json\/wp\/v2\/media\/4334"}],"wp:attachment":[{"href":"https:\/\/ecobnb.es\/blog\/wp-json\/wp\/v2\/media?parent=4330"}],"wp:term":[{"taxonomy":"category","embeddable":true,"href":"https:\/\/ecobnb.es\/blog\/wp-json\/wp\/v2\/categories?post=4330"},{"taxonomy":"post_tag","embeddable":true,"href":"https:\/\/ecobnb.es\/blog\/wp-json\/wp\/v2\/tags?post=4330"}],"curies":[{"name":"wp","href":"https:\/\/api.w.org\/{rel}","templated":true}]}}