{"id":3743,"date":"2019-10-20T08:00:24","date_gmt":"2019-10-20T08:00:24","guid":{"rendered":"https:\/\/ecobnb.es\/blog\/?p=3743"},"modified":"2021-07-13T14:28:40","modified_gmt":"2021-07-13T14:28:40","slug":"bled-perla-eslovena","status":"publish","type":"post","link":"https:\/\/ecobnb.es\/blog\/2019\/10\/bled-perla-eslovena\/","title":{"rendered":"Bled: las 10 cosas que no os pod\u00e9is perder en la Perla Eslovena"},"content":{"rendered":"<h2>Un lugar sin el concepto de tiempo, entre monta\u00f1as nevadas y paisajes silenciosos. Un castillo rom\u00e1ntico encajado en una monta\u00f1a, teatro de antiguas leyendas y modernas soap opera. Un barquero que nos cuenta leyendas del lugar mientras nos acompa\u00f1a hacia el lago hasta la peque\u00f1a isla en el centro de este. Bled es el destino perfecto para el turismo green, y es la tercera localidad que hay que visitar en el mundo en 2018 seg\u00fan dicho por la Lonely Planet. No pod\u00edamos perder la oportunidad de contaros las 10 experiencias que no os pod\u00e9is perder en esta encantadora Perla Alpina.<\/h2>\n<p>En cuanto llegu\u00e9is a <strong>Bled<\/strong>, en el coraz\u00f3n de los<strong> Alpes Julianos<\/strong>, respirar\u00e9is desde el primer instante un silencio irreal y una atmosfera que parece sin concepto de tiempo. Queda a una hora de Italia y Bled es el destino perfecto para todos los que aman el turismo sostenible, y el destino ideal para una huida rom\u00e1ntica o para pasar un fin de semana diferente.<\/p>\n<p>En el pasado, Bled encant\u00f3 a poetas y inspir\u00f3 a muchos literarios, hoy en d\u00eda es uno de los destinos m\u00e1s bonitos para visitar porque promueve la movilidad sostenible en los Alpes, definida como la tercera localidad que hay que visitar en el mundo seg\u00fan la Lonely Planet, convirti\u00e9ndose en uno de los destinos europeos m\u00e1s importantes para el turismo green.<\/p>\n<p>Llegamos a Bled en un d\u00eda muy h\u00famedo y t\u00edpico del oto\u00f1o, la peque\u00f1a joya alpina estaba envuelta en los t\u00edpicos colores de las hojas, desde el amarillo ocre hasta el rojo intenso, en perfumes de vinos de la fiesta de San Mart\u00edn y en las m\u00fasicas y canciones tradicionales de este d\u00eda festivo. Descubrimos sus paisajes y sus atmosferas junto a unos amigos de las Perlas Alpinas y nos quedamos sin palabras.<\/p>\n<p>\u00bfQu\u00e9 es lo que tanto nos gust\u00f3 de Bled? Aqu\u00ed ten\u00e9is 10 cosas que nos han asombrado, 10 razones por las cuales visitarla, 10 motivos para no perder la oportunidad de ir a visitar esta maravillosa joya:<\/p>\n<h2>1. Navegar el lago en una \u201cpletna\u201d<\/h2>\n<p><img class=\"alignnone\" src=\"https:\/\/sb.ecobnb.net\/app\/uploads\/sites\/2\/2017\/12\/Bled-Pletna.jpg\" alt=\"barco t\u00edpico de Bled\" width=\"1170\" height=\"782\" \/><\/p>\n<p>Nos subimos en una \u201c<em><strong>pletna<\/strong><\/em>\u201d, el <strong>barco tradicional de Bled<\/strong>. El barquero nos cuenta que este barco tiene or\u00edgenes alemanes y se caracteriza por su forma, muy llana y poco hunda, que le atribuye un equilibrio perfecto en el agua. En realidad, somos 8 en este barco y cuando uno de nosotros se para o se mueve tantito para tomar unas fotos, la pletna empieza a temblar y el barquero nos dice como acomodarnos para evitar que eso pase de nuevo.<\/p>\n<p>Mientras el barquero conduce el barco en las aguas del lago con dos remos gigantes, nos cuenta las verdaderas historias de Bled, como la de las generaciones de su familia y la herencia de su trabajo como barquero. \u00c9l lo hered\u00f3 del abuelo y las familias que pueden conducir los pletne son solo 25 en toda Bled.<\/p>\n<div class=\"embed-container\"><iframe loading=\"lazy\" width=\"1170\" height=\"658\" src=\"https:\/\/www.youtube.com\/embed\/JqFBpy6zcY0?feature=oembed&#038;enablejsapi=1&#038;origin=https:\/\/ecobnb.es\/blog\" frameborder=\"0\" allow=\"accelerometer; autoplay; encrypted-media; gyroscope; picture-in-picture\" allowfullscreen><\/iframe><\/div>\n<p>Una vez que dejamos la tierra atr\u00e1s, la peque\u00f1a isla se ve m\u00e1s grande y cerca, envuelta en un cielo de cuentos, entre el azul y las sombras de gris y blanco de la niebla oto\u00f1al.<\/p>\n<p>El barquero nos cuenta la historia de <strong>Bled<\/strong> y de los cinco pueblos de los que tuvo origen. Uno de estos es el pueblo de <em>Mill<\/em>, en un valle entre monta\u00f1as y r\u00edos que entran al lago. Por el hecho de que los habitantes de Mill ten\u00edan pocas tierras para cultivar, a diferencia de los de la zona de Bled, a ellos se les permit\u00eda pescar en el lago y conducir sus propios barcos t\u00edpicos.<\/p>\n<div class=\"thumbnail alignnone\"><img src=\"https:\/\/sb.ecobnb.net\/app\/uploads\/sites\/2\/2017\/12\/IMG_20171112_134435-870x490.jpg\" alt=\"Pletna, barco en madera de Bled\" width=\"870\" height=\"490\" \/><div class=\"caption\">Pletna, barco en madera de Bled, foto de Silvia Ombellini<\/div><\/div>\n<p>Desde luego, apreciamos el hecho de que en el lago est\u00e1n prohibidas todo tipo de embarcaciones de pl\u00e1stico o a motor: solo pueden estar barcos de madera, con remos o barcos el\u00e9ctricos. Una prioridad para este lugar es el de respectar al medioambiente y a la <strong>Naturaleza<\/strong> para promover el turismo sostenible. Se puede cruzar el barco en canoa, pero no se rentan para evitar que los turistas lo llenen.<\/p>\n<h2>2. Descubrir la isla y tocar la campana de los deseos<\/h2>\n<p><img class=\"alignnone\" src=\"https:\/\/sb.ecobnb.net\/app\/uploads\/sites\/2\/2017\/12\/Bled_isolotto-con-la-neve.jpg\" alt=\"Bled con nieve\" width=\"1170\" height=\"776\" \/><\/p>\n<p>Hay algo de m\u00e1gico en esta isla en el centro del <strong>Lago de Bled<\/strong>. La leyenda cuenta que hace mucho tiempo una joven viuda viv\u00eda aqu\u00ed mismo, en la isla del lago. Su esposo fue matado por unos brigantes que echaron su cuerpo en el lago. La mujer recogi\u00f3 todos sus oros y argentos e hizo construir una campana, que ten\u00edan que instalarla en la capilla en la isla. Desafortunadamente, una tempestad muy fuerte hizo que la embarcaci\u00f3n en donde llevaban a la campana se hundiera y esta se perdi\u00f3 en las aguas del lago.<\/p>\n<p>Los habitantes de Bled cuentan que hoy en d\u00eda, quien cruza el lago en las noches m\u00e1s claras puede escuchar la <strong>campana<\/strong> tocando desde lo hondo. Pero \u00bfc\u00f3mo se acab\u00f3 la historia de la mujer de Bled? Bueno, despu\u00e9s de haber perdido la campana, ella decidi\u00f3 donar todos sus bienes a la iglesia para la construcci\u00f3n de otra iglesia en la isla y ella se fue a un convento. Despu\u00e9s, su padre hizo construir otra campana que lleg\u00f3 sin ning\u00fan problema a la isla.<\/p>\n<p>La leyenda cuenta que, si tocas esta campana &#8211; conocida como la <em><strong>campana de los deseos<\/strong><\/em>&#8211; despu\u00e9s de haber pedido un deseo importante este se realiza.<\/p>\n<p>Una vez que llegamos a la <strong>isla<\/strong>, subimos unas escaleras hasta la iglesia y no pudimos aguantar las ganas de desear algo y esperar que se realice tocando la famosa campana.<\/p>\n<div class=\"embed-container\"><iframe loading=\"lazy\" width=\"1170\" height=\"658\" src=\"https:\/\/www.youtube.com\/embed\/rUEAIt1cagQ?feature=oembed&#038;enablejsapi=1&#038;origin=https:\/\/ecobnb.es\/blog\" frameborder=\"0\" allow=\"accelerometer; autoplay; encrypted-media; gyroscope; picture-in-picture\" allowfullscreen><\/iframe><\/div>\n<p>La peque\u00f1a isla, rodeada por aguas calmadas del lago y encajonada en las monta\u00f1as nevadas, asombra por su silencio. Cada ruido, aunque sea muy sutil, rellena el espacio de manera clara: el agua movida por los barcos, los p\u00e1jaros que vuelan, el timbre de la campana de los deseo.<\/p>\n<p>Otra <strong>curiosidad<\/strong>: cada a\u00f1o, en el d\u00eda de <strong>Navidad<\/strong>, una campana luminosa, realizada con unos leds por los productores de vino de Bled, se instala simb\u00f3licamente en la superficie del lago, para hacer revivir esta leyenda antigua.<\/p>\n<p>Descubrimos la isla y nos dijeron que fue habitada en la prehistoria, y que en el \u2018700, durante la invasi\u00f3n francesa, las mujeres de Bled la defendieron de los invasores que quer\u00edan conquistar la isla. Los \u00faltimos habitantes de la isla se fueron solo cuarenta a\u00f1os despu\u00e9s, dejando sus bellas casas de piedra clara y el establo donde la \u00faltima familia de campesinos ten\u00eda su vaca.<\/p>\n<p>Subimos el <strong>campanario<\/strong> de la iglesia, observando las paredes y d\u00e1ndonos cuenta de que algunos instrumentos para medir el tiempo colgaban de ellas, hasta el grande reloj de p\u00e9ndulo que marca los segundos de silencio del lago.<\/p>\n<p>Despu\u00e9s de haber admirado el paisaje a 360 grados desde lo alto del campanario rom\u00e1nico, entramos a un viejo edificio para mirar las obras de arte expuestas y las estufas de azulejos tradicionales.<\/p>\n<p>Antes de irnos fue obligatorio hacer una parada para calentarnos con un tes caliente o para probar el dulce tradicional esloveno, la <em><a href=\"https:\/\/www.slovenia.info\/en\/stories\/potica-the-delicious-queen-of-festive-dishes\" target=\"_blank\">potica<\/a><\/em>, en la \u201cProvost\u2019s House\u201d, una antigua casa de la isla.<\/p>\n<h2>3. A pie (o en bici) alrededor del lago<\/h2>\n<p><img class=\"alignnone\" src=\"https:\/\/sb.ecobnb.net\/app\/uploads\/sites\/2\/2017\/12\/Bled-lungolago.jpg\" alt=\"Bled en bici\" width=\"1170\" height=\"726\" \/><\/p>\n<p>\u201c<em>Hay muchos lugares conocidos en la provincia de Carniola, pero ning\u00fan tan digno de llevar en la cara la imagen del para\u00edso<\/em>\u201d, eso es lo que France Preseren, un famoso poeta esloveno, escribi\u00f3 sobre Bled y de sus <strong>paisajes<\/strong> <strong>incre\u00edbles<\/strong>.<\/p>\n<p>Para apreciar cada rinc\u00f3n que desde hace siglos asombra a todos los viajeros, artistas y poetas, os aconsejamos de moveros muy lentamente, a pie o en bici. Lo mejor ser\u00eda empezar con una vuelta del lago, que ofrece vistas <strong>maravillosas<\/strong>. El itinerario es de 6 km m\u00e1s o menos. Un paseo tranquilo de una horita y medio, ideal para las familias con ni\u00f1os tambi\u00e9n. A lo largo del lago habr\u00e1 muchas paradas, puntos para tomar fotos y unas selfis, banquetas, caf\u00e9s e instalaciones art\u00edsticas y para jugar.<\/p>\n<h2>4. Conquistar el rom\u00e1ntico castillo de Bled<\/h2>\n<p><img class=\"alignnone\" src=\"https:\/\/sb.ecobnb.net\/app\/uploads\/sites\/2\/2017\/12\/Bled-romantico-castello.jpg\" alt=\"Bled y su castillo rom\u00e1ntico\" width=\"1024\" height=\"490\" \/><\/p>\n<p>Otra parte de Bled que vale la pena visitar es el castillo. Para los que no lo sepan es uno de los antiguos de Eslovenia.<br \/>\nNo s\u00e9 el porqu\u00e9, pero a primera vista, el castillo me recuerda la pintura surreal de Magritte \u201c<strong><em>Le chateau des Pyr\u00e9n\u00e9es<\/em><\/strong>\u201d, \u00bflo conoc\u00e9is? El castillo se encuentra encima de una roca que se parece mucho a la de la pintura de Magritte, y de lejos parece que est\u00e9 volando en el verde, encima del lago de Bled.<\/p>\n<p>Desde el primer instante descubrimos que el castillo fue elegido como teatro para la soap opera de Corea del Sur \u201c<em><a href=\"https:\/\/www.slovenia.info\/en\/press-centre\/news-of-the-tourism-press-agency\/5660-korean-romantic-drama-dear-my-friends-filming-in-slovenia\" target=\"_blank\">Dear my friends<\/a><\/em>\u201d. Fue imposible no darse cuenta de eso ya que el castillo estaba lleno de coreanos. El alcalde de Bled nos cuenta que despu\u00e9s del estreno de este <em>romantic drama<\/em> el n\u00famero de visitantes de Sud Corea aument\u00f3 del 20%.<\/p>\n<div class=\"thumbnail alignnone\"><img src=\"https:\/\/sb.ecobnb.net\/app\/uploads\/sites\/2\/2017\/12\/lago-3-870x490.jpg\" alt=\"Atardecer en Bled\" width=\"870\" height=\"490\" \/><div class=\"caption\">Atardecer en Bled, foto de Silvia Ombellini<\/div><\/div>\n<p>Desde el lago hasta la monta\u00f1a se cruza un bell\u00edsimo itinerario en el <strong>verde<\/strong>, que por la noche se prende junto a las luces opacas del pueblo. Hay lugares muy bonitos por aqu\u00ed.<\/p>\n<p>Un <strong>puente levadizo de madera<\/strong> marca la entrada al castillo, sus jardines regalan vistas majestuosas hacia del lago y las monta\u00f1as que lo rodean, en toda la regi\u00f3n de <strong>Gorenjska<\/strong>, entre los Alpes Julianos nevados y los picos de las Karavanke.<\/p>\n<p>En el jard\u00edn inferior hay una antigua tipograf\u00eda, donde a\u00fan se pueden tocar las hojas de papel y descubrir el trabajo del tip\u00f3grafo, y una tienda de apicultura, el Arnia del Castillo. En el jard\u00edn visitamos la capilla del siglo VI y un museo de dos pisos que cuenta las historias de Bled desde la Edad del Bronce hasta hoy.<\/p>\n<p><strong>Otra curiosidad:<\/strong> para los que quieran pararse a comer, dentro del castillo hay un restaurante con terraza panor\u00e1mica.<\/p>\n<h2>5. Una parada <em>green<\/em>: desde el glamping hasta el hotel biol\u00f3gico<\/h2>\n<p><img class=\"alignnone\" src=\"https:\/\/sb.ecobnb.net\/app\/uploads\/sites\/2\/2017\/12\/glamping_ribno_hiska.jpg\" alt=\"glamping_ribno_hiska\" width=\"1400\" height=\"875\" \/><\/p>\n<p>Bled y Eslovenia en general, parecen perfectas para los que quieren unas vacaciones sostenibles. Desde el glamping en la naturaleza, hasta el hotel de cinco estrellas, las p<a href=\"https:\/\/ecobnb.es\/s\/Bled,+Radovljica,+Slovenia?guest=1&amp;bounds=46.38616%2C14.135301%2C46.344675%2C14.056593\" target=\"_blank\">ropuestas de hospitalidad green son muchas<\/a>. Eslovenia promueve, gracias a la marca de calidad \u201c<em>Slovenia Green<\/em>\u201d que hace que los due\u00f1os de los hoteles sigan instrucciones para evitar el impacto ambiental y conseguir una certificaci\u00f3n ambiental reconocida a nivel internacional, como el Ecolabel europeo.<\/p>\n<p>En Eslovenia la sostenibilidad es esencial para la legislaci\u00f3n nacional, y esto hizo que el Pa\u00eds fuera el quinto en el \u00cdndice de las prestaciones ambientales. En los \u00faltimos tiempos Eslovenia fue reconocida por la organizaci\u00f3n internacional <em>Green Destinations<\/em> como el <a href=\"https:\/\/ecobnb.it\/blog\/2017\/03\/slovenia-verde-sostenibile\/\" target=\"_blank\">primer destino verde al mundo<\/a>, porque respeta el 96% de los 100 criterios de sostenibilidad. Para ellos el turismo sostenible es una estrategia nacional de \u00e9xito.<\/p>\n<div class=\"thumbnail alignnone\"><img src=\"https:\/\/sb.ecobnb.net\/app\/uploads\/sites\/2\/2017\/12\/19353280-870x490.jpg\" alt=\"Hotel Astoria, Bled\" width=\"870\" height=\"490\" \/><div class=\"caption\">Hotel Astoria de Bled<\/div><\/div>\n<p>Nos quedamos a dormir en el <a href=\"https:\/\/ecobnb.es\/SI-bled\/hotel\/green-astoria-bled\/BjnZR\" target=\"_blank\">Hotel Astoria<\/a>, en el coraz\u00f3n de <strong>Bled<\/strong>, un hotel con una historia muy larga, que despu\u00e9s de la segunda guerra mundial fue ocupado por los militares y finalmente, con la divisi\u00f3n de Yugoslavia fue adquirido por el Ministerio de la Instrucci\u00f3n y del Deporte Esloveno, que en 2014 lo renov\u00f3 invirtiendo en la <strong>sostenibilidad ambiental<\/strong>.<\/p>\n<p>En 2016 el hotel recibi\u00f3 el <strong>Ecolabel Europeo<\/strong> e invirti\u00f3 en las tecnolog\u00edas y en las pr\u00e1cticas para reducir el impacto ambiental, desde la reutilizaci\u00f3n de las <strong>aguas de la lluvia<\/strong>, que las usan para el jard\u00edn y los ba\u00f1os, hasta la<strong> energ\u00eda solar<\/strong> que caliente el agua y la spa. Todas las luces son de bajo consumo, los grifos tienen un reductor de flujo que reduce el gasto de agua a menos de ocho litro por minuto.<\/p>\n<p>La basura se separa entre pl\u00e1stico, papel, vidrio, latas y org\u00e1nico, gracias a la ayuda de los hu\u00e9spedes tambi\u00e9n y no existen productos desechables. En el ba\u00f1o vienen incluidos champ\u00fas y detergentes naturales. <em>\u201cNos daba miedo que los hu\u00e9spedes notaran la carencia de champ\u00fa con contenedores bonitos como todos los de los hoteles de cuatro o cinco estrellas, pero comprobamos que la mayor\u00eda de los clientes se ve\u00edan satisfechos por la calidad de nuestros jabones\u201d<\/em> nos cuenta Sabina, manager del hotel. Bueno, lo que importa es la sustancia y no la forma. Adem\u00e1s, gracias a estas pr\u00e1cticas la basura ha disminuido del 35% en los \u00faltimos dos a\u00f1os.<\/p>\n<p>La energ\u00eda del hotel es 100% <strong>limpia y renovable<\/strong>. <em>\u201cQueremos que nuestros hu\u00e9spedes utilicen trasporte p\u00fablicos y trenes, estamos dispuestos a acompa\u00f1arlos hasta la estaci\u00f3n, les ofrecemos un servicio de renta de bicis gratuito\u201d<\/em> contin\u00faa Sabina.<\/p>\n<p><em>\u201cA nuestros hu\u00e9spedes les ofrecemos productos del territorio y comida biol\u00f3gica. Cooperamos con campesinos del territorio que producen mermeladas con un sabor \u00fanico, mantequilla muy sabrosa. Esto es uno de los aspectos que nuestros hu\u00e9spedes aman m\u00e1s\u201d.<\/em><\/p>\n<p><em>\u201cSiendo de propriedad del ministerio de la Instrucci\u00f3n, m\u00e1s de doscientos estudiantes hacen sus pr\u00e1cticas aqu\u00ed con nosotros en el Astoria de Bled, y por esta raz\u00f3n los chicos viven una experiencia que les hace entender el tema de la sostenibilidad ambiental, que podr\u00e1n proponer en sus hoteles futuros para que sean sostenibles\u201d.<\/em><\/p>\n<p>El desaf\u00edo que nos cuenta Sabina es el de <strong>difundir lo m\u00e1s posible las buenas pr\u00e1cticas ecol\u00f3gicas<\/strong> para que crezcan en la realidad de los hoteles de Eslovenia.<\/p>\n<p>Total, en Bled las propuestas de hospedaje ecol\u00f3gico son muchas y encantadoras. Aconsejamos el Hotel Astoria por su posici\u00f3n estrat\u00e9gica en el coraz\u00f3n de <strong>Bled<\/strong>, las bicis a disposici\u00f3n de los hu\u00e9spedes, el \u00e1rea spa (con sauna, hidromasaje y ba\u00f1os turcos) y el rico desayuno buffet con buenas propuestas a km 0, como batidos de verduras, pan, quesos y mermeladas.<\/p>\n<h2>6. Bled, la ciudad sin coches y de tama\u00f1o humano<\/h2>\n<div class=\"thumbnail alignnone\"><img src=\"https:\/\/sb.ecobnb.net\/app\/uploads\/sites\/2\/2017\/12\/IMG_20171113_111418-870x490.jpg\" alt=\"Renta bicis\" width=\"870\" height=\"490\" \/><div class=\"caption\">Renta de bicis, foto de Silvia Ombellini<\/div><\/div>\n<p>\u201c<em>Si planeamos una ciudad para coches, tendremos coches. Si planeamos una ciudad para las personas, tendremos personas<\/em>\u201d. Me ha gustado mucho esta frase del director de la <strong>movilidad de la ciudad de Bled<\/strong>. El pueblo, junto a otras 15 municipalidades de Eslovenia, adopt\u00f3 un plan para la movilidad sostenible.<\/p>\n<p>La idea del plan es la de eliminar el tr\u00e1fico de coches en el centro del Bled y de convertir las calles y los aparcamientos en espacios p\u00fablicos para peatones. El proyecto ya empez\u00f3 eliminando la calle al norte del lago, ahora ya peatonal.<\/p>\n<p>Para planear este importante cambio, se empez\u00f3 por el an\u00e1lisis de los datos de la ciudad, desde los siete mil habitantes hasta los siete mil lugares para dormir para los turistas, despu\u00e9s de eso los habitantes tambi\u00e9n fueron esenciales junto a los operadores tur\u00edstico y a los estudiantes para realizar workshops y encuestas.<\/p>\n<p>As\u00ed pudieron construir una visi\u00f3n com\u00fan de Bled como una <strong>ciudad libre de coches<\/strong> y accesible a todo tipo de transporte sostenible. Bled ya forma parte de las Perlas Alpinas, los destinos que invierten en el turismo sostenible entre los Alpes.<\/p>\n<h2>7. Probar el vino en la Fiesta de San Mart\u00edn<\/h2>\n<p><img class=\"alignnone\" src=\"https:\/\/sb.ecobnb.net\/app\/uploads\/sites\/2\/2017\/12\/vino-870x490.jpg\" alt=\"vino durante la fiesta di San Mart\u00edn en Bled\" width=\"870\" height=\"490\" \/><\/p>\n<p>Cuentan que para probar un buen vino hay que esperar la fiesta de <strong>San Mart\u00edn<\/strong>. Seg\u00fan la tradici\u00f3n campesina eslovena, el 11 de noviembre es el momento perfecto para abrir los barriles de vino. San Mart\u00edn es una fiesta muy importante para las \u00e1reas rurales liadas a la tradici\u00f3n del vino. Pensemos en la importancia de la vicina Carnia, en Friul-Venecia Julia y las <a href=\"https:\/\/ecobnb.it\/blog\/2013\/11\/osmize-carso-km-zero\/\" target=\"_blank\">fiestas de Osmize<\/a>. En el d\u00eda de San Mart\u00edn, Bled y sus campesinos abren los barriles para probar el vino de los a\u00f1os previos.<\/p>\n<p>Quienes, como nosotros, visitan <strong>Bled<\/strong> en el d\u00eda de San Mart\u00edn, pueden participar en este momento \u00fanico y particular. Una fiesta muy sencilla en las orillas del lago, acompa\u00f1ado por buena m\u00fasica popular y canciones, en la que los campesinos hacen probar los vinos locales y productos t\u00edpicos. Para los ni\u00f1os habr\u00e1 animales, como un peque\u00f1o pony que da vuelta por el parque.<\/p>\n<div class=\"thumbnail alignnone\"><img src=\"https:\/\/sb.ecobnb.net\/app\/uploads\/sites\/2\/2017\/12\/IMG_20171112_133029-870x490.jpg\" alt=\"pony en el parque de Bled\" width=\"870\" height=\"490\" \/><div class=\"caption\">Pony en el parque de Bled, foto de Silvia Ombellini<\/div><\/div>\n<p>Las ocasiones de fiesta son muchas en Bled. No pod\u00e9is perder el <a href=\"https:\/\/www.festival-okarina.si\/en\/\" target=\"_blank\">festival de Okarina<\/a>, entre julio y agosto, y los mercados de Navidad a lo largo de las orillas del lago.<\/p>\n<h2>8. Descubrir la biodiversidad y los paisajes de los Alpes<\/h2>\n<div class=\"thumbnail alignnone\"><img src=\"https:\/\/sb.ecobnb.net\/app\/uploads\/sites\/2\/2017\/12\/Triglav-1381465-pxhere-870x490.jpg\" alt=\"Parque Nacional de Triglav, Eslovenia \" width=\"870\" height=\"490\" \/><div class=\"caption\">Parque Nacional de Triglav, Eslovenia , pic via pxhere<\/div><\/div>\n<p>Los <strong>animales dom\u00e9sticos<\/strong> m\u00e1s importantes de los Alpes no son solo las vacas, como muchos pensar\u00edan, sino tambi\u00e9n las abejas. Los animales salvajes fundamentales para la biodiversidad de los territorios alpinos no son los osos, sino que las hormigas.<\/p>\n<p>La importancia de la biodiversidad y el papel de los animales en los Alpes (sobre todo los m\u00e1s peque\u00f1os, como los insectos) se explica en una<strong> muestra interactiva<\/strong> en el centro informaci\u00f3n \u201c<a href=\"http:\/\/www.bled.si\/en\/meetings\/social-activities\/special-venues\/triglavska-roza-bled-visitor-centre\" target=\"_blank\">Visitor centre Triglavska ro\u017ea<\/a>\u201d de Bled. A trav\u00e9s de im\u00e1genes, box interactivos y explicaciones se explica la relaci\u00f3n entre biodiversidad, paisaje, historia (por ejemplo, la relaci\u00f3n con Austria y con las zonas italianas de B\u00e9rgamo y Brescia) y las tradiciones locales. Un <strong>video<\/strong> de 8 minutos cuneta las bellezas del paisaje Alpino que rodea Bled.<\/p>\n<h2>9. Descubrir las maravillas del Parque Natural del Triglav<\/h2>\n<div class=\"thumbnail alignnone\"><img src=\"https:\/\/sb.ecobnb.net\/app\/uploads\/sites\/2\/2017\/12\/Lipanca-razgled4Triglav-870x490.jpg\" alt=\"Monta\u00f1a Triglav\" width=\"870\" height=\"490\" \/><div class=\"caption\">Monta\u00f1a Triglav nevada, foto via Wikimedia<\/div><\/div>\n<p>Hablando de las bellezas naturales de Bled, no puede faltar el <a href=\"https:\/\/ecobnb.it\/parco-nazionale-del-triglav\/guida\" target=\"_blank\">Parque Nacional de Triglav<\/a>, el \u00fanico parque nacional esloveno que abraza todos los Alpes Julianos. Bled es el punto de partida ideal para visitar el Parque del Triglav, en particular la garganta de Vintgar, el altiplano de Pokjuka y el lago <a href=\"https:\/\/ecobnb.it\/blog\/2017\/11\/bohinj-perla-alpina\/\" target=\"_blank\">Bohinj<\/a>, este tambi\u00e9n una Perla Alpina.<br \/>\nEn invierno estos paisajes se convierten en un <strong>verdadero para\u00edso<\/strong> para los que aman los deportes en la nieve, desde el paseo con raquetas de nieve hasta el esqu\u00ed.<\/p>\n<h2>10. Ba\u00f1arse en las aguas termales<\/h2>\n<div class=\"thumbnail alignnone\"><img src=\"https:\/\/sb.ecobnb.net\/app\/uploads\/sites\/2\/2017\/12\/terme-naturali-870x490.jpg\" alt=\"ba\u00f1os termales\" width=\"870\" height=\"490\" \/><div class=\"caption\">foto by Seth Doyle via Unsplash<\/div><\/div>\n<p>Para los que prefieren el calor de las <strong>aguas termales<\/strong>, ten\u00e9is que saber que cerca del Lago de Bled, hace mucho hab\u00eda siete fuentes de aguas termales. Desde estas siete fuentes hoy en d\u00eda solo quedan cuatro, que est\u00e1n distribuidas en un semic\u00edrculo, desde el norte hasta el sur de parte occidental del lago, y que forman tres piscinas termales.<\/p>\n<p>As\u00ed que pod\u00e9is ba\u00f1aros en las <strong>piscinas de aguas termales<\/strong> y del <strong>spa \u017diva<\/strong>, cuya agua termal, calentada a 31 grados es perfecta para curar el estr\u00e9s y el cansancio. Pod\u00e9is optar tambi\u00e9n para ba\u00f1os termales muy elegantes del <strong>Grand Hotel Toplice<\/strong>, donde hay aguas a 22 grados que ofrecen beneficios para el aparato cardiovascular, al est\u00f3mago y al sistema nervioso. En el<strong> hotel Park<\/strong> se pueden alternar ba\u00f1os termales (agua a 27 grados) y momentos de relax en la terraza del quinto piso del hotel, con vista hacia el lago, el castillo y los Alpes Julianos.<\/p>\n","protected":false},"excerpt":{"rendered":"<p>Un lugar sin el concepto de tiempo, entre monta\u00f1as nevadas y paisajes silenciosos. Un castillo rom\u00e1ntico encajado en una monta\u00f1a, teatro de antiguas leyendas y modernas soap opera. Un barquero que nos cuenta leyendas del lugar mientras nos acompa\u00f1a hacia el lago hasta la peque\u00f1a isla en el centro de este. Bled es el destino [&hellip;]<\/p>\n","protected":false},"author":115,"featured_media":3748,"comment_status":"closed","ping_status":"open","sticky":false,"template":"","format":"standard","meta":[],"categories":[1],"tags":[371,381,324,39,67,1308,352,64,121,268],"acf":[],"yoast_head":"<!-- This site is optimized with the Yoast SEO plugin v19.9 - https:\/\/yoast.com\/wordpress\/plugins\/seo\/ -->\n<title>Bled: las 10 cosas que no os pod\u00e9is perder en la Perla Eslovena<\/title>\n<meta name=\"description\" content=\"Bled es el destino perfecto para el turismo green, y es la tercera localidad que hay que visitar en el mundo en 2018 seg\u00fan dicho por la Lonely Planet\" \/>\n<meta name=\"robots\" content=\"index, follow, max-snippet:-1, max-image-preview:large, max-video-preview:-1\" \/>\n<link rel=\"canonical\" href=\"https:\/\/ecobnb.es\/blog\/2019\/10\/bled-perla-eslovena\/\" \/>\n<meta property=\"og:locale\" content=\"es_ES\" \/>\n<meta property=\"og:type\" content=\"article\" \/>\n<meta property=\"og:title\" content=\"Bled: las 10 cosas que no os pod\u00e9is perder en la Perla Eslovena\" \/>\n<meta property=\"og:description\" content=\"Bled es el destino perfecto para el turismo green, y es la tercera localidad que hay que visitar en el mundo en 2018 seg\u00fan dicho por la Lonely Planet\" \/>\n<meta property=\"og:url\" content=\"https:\/\/ecobnb.es\/blog\/2019\/10\/bled-perla-eslovena\/\" \/>\n<meta property=\"og:site_name\" content=\"Ecobnb\" \/>\n<meta property=\"article:published_time\" content=\"2019-10-20T08:00:24+00:00\" \/>\n<meta property=\"article:modified_time\" content=\"2021-07-13T14:28:40+00:00\" \/>\n<meta property=\"og:image\" content=\"https:\/\/ecobnb.es\/blog\/app\/uploads\/sites\/6\/2019\/10\/bled.jpg\" \/>\n\t<meta property=\"og:image:width\" content=\"1170\" \/>\n\t<meta property=\"og:image:height\" content=\"490\" \/>\n\t<meta property=\"og:image:type\" content=\"image\/jpeg\" \/>\n<meta name=\"author\" content=\"Alessandro Gallo\" \/>\n<meta name=\"twitter:card\" content=\"summary_large_image\" \/>\n<meta name=\"twitter:label1\" content=\"Written by\" \/>\n\t<meta name=\"twitter:data1\" content=\"Alessandro Gallo\" \/>\n\t<meta name=\"twitter:label2\" content=\"Est. reading time\" \/>\n\t<meta name=\"twitter:data2\" content=\"16 minutes\" \/>\n<!-- \/ Yoast SEO plugin. -->","yoast_head_json":{"title":"Bled: las 10 cosas que no os pod\u00e9is perder en la Perla Eslovena","description":"Bled es el destino perfecto para el turismo green, y es la tercera localidad que hay que visitar en el mundo en 2018 seg\u00fan dicho por la Lonely Planet","robots":{"index":"index","follow":"follow","max-snippet":"max-snippet:-1","max-image-preview":"max-image-preview:large","max-video-preview":"max-video-preview:-1"},"canonical":"https:\/\/ecobnb.es\/blog\/2019\/10\/bled-perla-eslovena\/","og_locale":"es_ES","og_type":"article","og_title":"Bled: las 10 cosas que no os pod\u00e9is perder en la Perla Eslovena","og_description":"Bled es el destino perfecto para el turismo green, y es la tercera localidad que hay que visitar en el mundo en 2018 seg\u00fan dicho por la Lonely Planet","og_url":"https:\/\/ecobnb.es\/blog\/2019\/10\/bled-perla-eslovena\/","og_site_name":"Ecobnb","article_published_time":"2019-10-20T08:00:24+00:00","article_modified_time":"2021-07-13T14:28:40+00:00","og_image":[{"width":1170,"height":490,"url":"https:\/\/ecobnb.es\/blog\/app\/uploads\/sites\/6\/2019\/10\/bled.jpg","type":"image\/jpeg"}],"author":"Alessandro Gallo","twitter_card":"summary_large_image","twitter_misc":{"Written by":"Alessandro Gallo","Est. reading time":"16 minutes"},"schema":{"@context":"https:\/\/schema.org","@graph":[{"@type":"WebPage","@id":"https:\/\/ecobnb.es\/blog\/2019\/10\/bled-perla-eslovena\/","url":"https:\/\/ecobnb.es\/blog\/2019\/10\/bled-perla-eslovena\/","name":"Bled: las 10 cosas que no os pod\u00e9is perder en la Perla Eslovena","isPartOf":{"@id":"https:\/\/ecobnb.es\/blog\/#website"},"datePublished":"2019-10-20T08:00:24+00:00","dateModified":"2021-07-13T14:28:40+00:00","author":{"@id":"https:\/\/ecobnb.es\/blog\/#\/schema\/person\/f218540862181ea7414e92daed836a8b"},"description":"Bled es el destino perfecto para el turismo green, y es la tercera localidad que hay que visitar en el mundo en 2018 seg\u00fan dicho por la Lonely Planet","breadcrumb":{"@id":"https:\/\/ecobnb.es\/blog\/2019\/10\/bled-perla-eslovena\/#breadcrumb"},"inLanguage":"es-ES","potentialAction":[{"@type":"ReadAction","target":["https:\/\/ecobnb.es\/blog\/2019\/10\/bled-perla-eslovena\/"]}]},{"@type":"BreadcrumbList","@id":"https:\/\/ecobnb.es\/blog\/2019\/10\/bled-perla-eslovena\/#breadcrumb","itemListElement":[{"@type":"ListItem","position":1,"name":"Home","item":"https:\/\/ecobnb.es\/blog\/"},{"@type":"ListItem","position":2,"name":"Bled: las 10 cosas que no os pod\u00e9is perder en la Perla Eslovena"}]},{"@type":"WebSite","@id":"https:\/\/ecobnb.es\/blog\/#website","url":"https:\/\/ecobnb.es\/blog\/","name":"Ecobnb","description":"Find sustainable accommodation","potentialAction":[{"@type":"SearchAction","target":{"@type":"EntryPoint","urlTemplate":"https:\/\/ecobnb.es\/blog\/?s={search_term_string}"},"query-input":"required name=search_term_string"}],"inLanguage":"es-ES"},{"@type":"Person","@id":"https:\/\/ecobnb.es\/blog\/#\/schema\/person\/f218540862181ea7414e92daed836a8b","name":"Alessandro Gallo","image":{"@type":"ImageObject","inLanguage":"es-ES","@id":"https:\/\/ecobnb.es\/blog\/#\/schema\/person\/image\/","url":"https:\/\/secure.gravatar.com\/avatar\/ff4f269bfc803f9436937a08174be309?s=96&d=monsterid&r=g","contentUrl":"https:\/\/secure.gravatar.com\/avatar\/ff4f269bfc803f9436937a08174be309?s=96&d=monsterid&r=g","caption":"Alessandro Gallo"},"description":"I am Alessandro Gallo, currently student of \u201cLinguistic Intermediation for the Tourism and the Enterprises\u201d at the University of Trento, in Italy. Tourism is such a relevant topic for me, not only from an academic point of view but also from a personal one. I do am interested in sustainable solutions and travels.","url":"https:\/\/ecobnb.es\/blog\/author\/alessandrogallo\/"}]}},"_links":{"self":[{"href":"https:\/\/ecobnb.es\/blog\/wp-json\/wp\/v2\/posts\/3743"}],"collection":[{"href":"https:\/\/ecobnb.es\/blog\/wp-json\/wp\/v2\/posts"}],"about":[{"href":"https:\/\/ecobnb.es\/blog\/wp-json\/wp\/v2\/types\/post"}],"author":[{"embeddable":true,"href":"https:\/\/ecobnb.es\/blog\/wp-json\/wp\/v2\/users\/115"}],"replies":[{"embeddable":true,"href":"https:\/\/ecobnb.es\/blog\/wp-json\/wp\/v2\/comments?post=3743"}],"version-history":[{"count":3,"href":"https:\/\/ecobnb.es\/blog\/wp-json\/wp\/v2\/posts\/3743\/revisions"}],"predecessor-version":[{"id":3750,"href":"https:\/\/ecobnb.es\/blog\/wp-json\/wp\/v2\/posts\/3743\/revisions\/3750"}],"wp:featuredmedia":[{"embeddable":true,"href":"https:\/\/ecobnb.es\/blog\/wp-json\/wp\/v2\/media\/3748"}],"wp:attachment":[{"href":"https:\/\/ecobnb.es\/blog\/wp-json\/wp\/v2\/media?parent=3743"}],"wp:term":[{"taxonomy":"category","embeddable":true,"href":"https:\/\/ecobnb.es\/blog\/wp-json\/wp\/v2\/categories?post=3743"},{"taxonomy":"post_tag","embeddable":true,"href":"https:\/\/ecobnb.es\/blog\/wp-json\/wp\/v2\/tags?post=3743"}],"curies":[{"name":"wp","href":"https:\/\/api.w.org\/{rel}","templated":true}]}}