{"id":1545,"date":"2021-01-25T08:00:35","date_gmt":"2021-01-25T08:00:35","guid":{"rendered":"https:\/\/ecobnb.es\/blog\/?p=1545"},"modified":"2021-01-18T08:43:36","modified_gmt":"2021-01-18T08:43:36","slug":"lago-de-garda-carril-bici","status":"publish","type":"post","link":"https:\/\/ecobnb.es\/blog\/2021\/01\/lago-de-garda-carril-bici\/","title":{"rendered":"El lago de Garda: llega el nuevo carril bici para disfrutar pedaleando de las maravillas del paisaje"},"content":{"rendered":"<p>Quien ha observado el proyecto y el inicio de las labores en el <strong>Lago de Garda<\/strong>, no tiene dudas de la potencialidad que tiene como carril bici para ser el m\u00e1s espectacular de Europa gracias al panorama incomparable del que goza.<\/p>\n<p>Las labores est\u00e1n por finalizar, por lo que ser\u00e1 posible recorrer a dos ruedas el trayecto desde <strong>Capo Reamol<\/strong> (<em>Lim\u00f3n del Garda<\/em>) en los l\u00edmites de Trento hacia la <strong>Riva del Garda<\/strong>. Este nuevo carril bici abarcar\u00e1 casi 2 km y ofrecer\u00e1 a los ciclistas paisajes impresionantes del Garda.<\/p>\n<p>La obra que ha significado la inversi\u00f3n de 7,6 millones de euros, ser\u00e1 un atractivo bastante importante para todos aquellos viajeros en bici que ya se asoman a sus orillas \u00a0y sue\u00f1an con un recorrido alrededor del Lago de Garda. Definitivamente, \u00e9ste es un paso m\u00e1s hacia la consolidaci\u00f3n del proyecto que en renderizado luce espectacular y no vemos la hora de verlo realizado!<\/p>\n<div class=\"thumbnail alignnone\"><a href=\"https:\/\/ecobnb.es\/blog\/app\/uploads\/sites\/6\/2017\/05\/CICLABILE-TREMOSINE-LIMONE-confronto-870x490.jpg\"><img class=\"wp-image-1547 size-full\" title=\"Trayecto del carril bici del Lago de Garda: el antes y el despu\u00e9s\" src=\"https:\/\/ecobnb.es\/blog\/app\/uploads\/sites\/6\/2017\/05\/CICLABILE-TREMOSINE-LIMONE-confronto-870x490.jpg\" alt=\"Trayecto del carril bici del Lago de Garda: el antes y el despu\u00e9s\" width=\"870\" height=\"490\" srcset=\"https:\/\/ecobnb.es\/blog\/app\/uploads\/sites\/6\/2017\/05\/CICLABILE-TREMOSINE-LIMONE-confronto-870x490.jpg 870w, https:\/\/ecobnb.es\/blog\/app\/uploads\/sites\/6\/2017\/05\/CICLABILE-TREMOSINE-LIMONE-confronto-870x490-536x302.jpg 536w, https:\/\/ecobnb.es\/blog\/app\/uploads\/sites\/6\/2017\/05\/CICLABILE-TREMOSINE-LIMONE-confronto-870x490-570x320.jpg 570w, https:\/\/ecobnb.es\/blog\/app\/uploads\/sites\/6\/2017\/05\/CICLABILE-TREMOSINE-LIMONE-confronto-870x490-344x194.jpg 344w\" sizes=\"(max-width: 870px) 100vw, 870px\" \/><\/a><div class=\"caption\">Trayecto del carril bici del Lago de Garda: el antes y el despu\u00e9s. Cr\u00e9ditos: guardapost.it<\/div><\/div>\n\n\t\t<style type=\"text\/css\">\n\t\t\t#gallery-1 {\n\t\t\t\tmargin: auto;\n\t\t\t}\n\t\t\t#gallery-1 .gallery-item {\n\t\t\t\tfloat: left;\n\t\t\t\tmargin-top: 10px;\n\t\t\t\ttext-align: center;\n\t\t\t\twidth: 33%;\n\t\t\t}\n\t\t\t#gallery-1 img {\n\t\t\t\tborder: 2px solid #cfcfcf;\n\t\t\t}\n\t\t\t#gallery-1 .gallery-caption {\n\t\t\t\tmargin-left: 0;\n\t\t\t}\n\t\t\t\/* see gallery_shortcode() in wp-includes\/media.php *\/\n\t\t<\/style>\n\t\t<div id='gallery-1' class='gallery galleryid-1545 gallery-columns-3 gallery-size-thumbnail'><dl class='gallery-item'>\n\t\t\t<dt class='gallery-icon landscape'>\n\t\t\t\t<a href='https:\/\/ecobnb.es\/blog\/2021\/01\/lago-de-garda-carril-bici\/tratto-limone-confine-tn-progetto-2-270x200\/#main'><img width=\"270\" height=\"200\" src=\"https:\/\/ecobnb.es\/blog\/app\/uploads\/sites\/6\/2017\/05\/Tratto-Limone-confine-TN-progetto-2-270x200.jpg\" class=\"attachment-thumbnail size-thumbnail\" alt=\"Nuevo carril bici del Lago de Garda, Trento Italia\" \/><\/a>\n\t\t\t<\/dt><\/dl><dl class='gallery-item'>\n\t\t\t<dt class='gallery-icon landscape'>\n\t\t\t\t<a href='https:\/\/ecobnb.es\/blog\/2021\/01\/lago-de-garda-carril-bici\/pista_2_verticale-270x200\/#main'><img width=\"270\" height=\"200\" src=\"https:\/\/ecobnb.es\/blog\/app\/uploads\/sites\/6\/2017\/05\/pista_2_verticale-270x200.jpg\" class=\"attachment-thumbnail size-thumbnail\" alt=\"Nuevo carril bici del proyecto Lim\u00f3n en Trento, Italia.\" \/><\/a>\n\t\t\t<\/dt><\/dl><dl class='gallery-item'>\n\t\t\t<dt class='gallery-icon landscape'>\n\t\t\t\t<a href='https:\/\/ecobnb.es\/blog\/2021\/01\/lago-de-garda-carril-bici\/image-1-270x200\/#main'><img width=\"270\" height=\"200\" src=\"https:\/\/ecobnb.es\/blog\/app\/uploads\/sites\/6\/2017\/05\/image-1-270x200.jpg\" class=\"attachment-thumbnail size-thumbnail\" alt=\"Nuevo carril bici del proyecto Lim\u00f3n en Trento, Italia.\" \/><\/a>\n\t\t\t<\/dt><\/dl><br style=\"clear: both\" \/>\n\t\t<\/div>\n\n<div class=\"thumbnail alignnone\"><a href=\"https:\/\/ecobnb.es\/blog\/app\/uploads\/sites\/6\/2017\/05\/Tratto-Limone-confine-TN-progetto-1-870x490.jpg\"><img class=\"size-full wp-image-1548\" src=\"https:\/\/ecobnb.es\/blog\/app\/uploads\/sites\/6\/2017\/05\/Tratto-Limone-confine-TN-progetto-1-870x490.jpg\" alt=\"Nuevo carril bici del proyecto Lim\u00f3n en Trento, Italia. \" width=\"870\" height=\"490\" srcset=\"https:\/\/ecobnb.es\/blog\/app\/uploads\/sites\/6\/2017\/05\/Tratto-Limone-confine-TN-progetto-1-870x490.jpg 870w, https:\/\/ecobnb.es\/blog\/app\/uploads\/sites\/6\/2017\/05\/Tratto-Limone-confine-TN-progetto-1-870x490-536x302.jpg 536w, https:\/\/ecobnb.es\/blog\/app\/uploads\/sites\/6\/2017\/05\/Tratto-Limone-confine-TN-progetto-1-870x490-570x320.jpg 570w, https:\/\/ecobnb.es\/blog\/app\/uploads\/sites\/6\/2017\/05\/Tratto-Limone-confine-TN-progetto-1-870x490-344x194.jpg 344w\" sizes=\"(max-width: 870px) 100vw, 870px\" \/><\/a><div class=\"caption\">Nuevo carril bici del Lago de Garda, Trento Italia. Cr\u00e9ditos: guardapost.it<\/div><\/div>\n<p>Mientras tanto, tambi\u00e9n se defini\u00f3 \u00a0el tramo del proyecto del Lim\u00f3n Sur que se une con Tremosine y se considera tambi\u00e9n al tramo que va desde Tremosine al Campione Sur. El <a href=\"https:\/\/ecobnb.es\/s\/Lago%20di%20Garda?bounds=45.884814%2C10.876863%2C45.435753%2C10.510824\" target=\"_blank\" rel=\"noopener\"><strong>Lago de Garda<\/strong><\/a> dentro de poco estar\u00e1 a\u00fan m\u00e1s a la medida de las <strong>bicicletas<\/strong>!<\/p>\n<p><iframe loading=\"lazy\" width=\"870\" height=\"490\" src=\"https:\/\/www.youtube.com\/embed\/xikniZJV5Z0\" frameborder=\"0\" allow=\"accelerometer; autoplay; clipboard-write; encrypted-media; gyroscope; picture-in-picture\" allowfullscreen><\/iframe><\/p>\n","protected":false},"excerpt":{"rendered":"<p>Quien ha observado el proyecto y el inicio de las labores en el Lago de Garda, no tiene dudas de la potencialidad que tiene como carril bici para ser el m\u00e1s espectacular de Europa gracias al panorama incomparable del que goza. Las labores est\u00e1n por finalizar, por lo que ser\u00e1 posible recorrer a dos ruedas [&hellip;]<\/p>\n","protected":false},"author":69,"featured_media":1546,"comment_status":"closed","ping_status":"open","sticky":false,"template":"","format":"standard","meta":[],"categories":[221],"tags":[707,530,704,38,703,705,706,519],"acf":[],"yoast_head":"<!-- This site is optimized with the Yoast SEO plugin v19.9 - https:\/\/yoast.com\/wordpress\/plugins\/seo\/ -->\n<title>Nuevo Carril bici del Lago de Garda<\/title>\n<meta name=\"description\" content=\"Conoce el nuevo carril bici del Lago de Garda en Italia, el m\u00e1s espetacular de Europa que permite disfrutar de los paisajes naturales m\u00e1s bellos\" \/>\n<meta name=\"robots\" content=\"index, follow, max-snippet:-1, max-image-preview:large, max-video-preview:-1\" \/>\n<link rel=\"canonical\" href=\"https:\/\/ecobnb.es\/blog\/2021\/01\/lago-de-garda-carril-bici\/\" \/>\n<meta property=\"og:locale\" content=\"es_ES\" \/>\n<meta property=\"og:type\" content=\"article\" \/>\n<meta property=\"og:title\" content=\"Nuevo Carril bici del Lago de Garda\" \/>\n<meta property=\"og:description\" content=\"Conoce el nuevo carril bici del Lago de Garda en Italia, el m\u00e1s espetacular de Europa que permite disfrutar de los paisajes naturales m\u00e1s bellos\" \/>\n<meta property=\"og:url\" content=\"https:\/\/ecobnb.es\/blog\/2021\/01\/lago-de-garda-carril-bici\/\" \/>\n<meta property=\"og:site_name\" content=\"Ecobnb\" \/>\n<meta property=\"article:published_time\" content=\"2021-01-25T08:00:35+00:00\" \/>\n<meta property=\"article:modified_time\" content=\"2021-01-18T08:43:36+00:00\" \/>\n<meta property=\"og:image\" content=\"https:\/\/ecobnb.es\/blog\/app\/uploads\/sites\/6\/2017\/05\/Tratto-Limone-confine-TN-progetto-2-1170x490.jpg\" \/>\n\t<meta property=\"og:image:width\" content=\"1170\" \/>\n\t<meta property=\"og:image:height\" content=\"490\" \/>\n\t<meta property=\"og:image:type\" content=\"image\/jpeg\" \/>\n<meta name=\"author\" content=\"Ariadne Astorga\" \/>\n<meta name=\"twitter:card\" content=\"summary_large_image\" \/>\n<meta name=\"twitter:label1\" content=\"Written by\" \/>\n\t<meta name=\"twitter:data1\" content=\"Ariadne Astorga\" \/>\n\t<meta name=\"twitter:label2\" content=\"Est. reading time\" \/>\n\t<meta name=\"twitter:data2\" content=\"1 minute\" \/>\n<!-- \/ Yoast SEO plugin. -->","yoast_head_json":{"title":"Nuevo Carril bici del Lago de Garda","description":"Conoce el nuevo carril bici del Lago de Garda en Italia, el m\u00e1s espetacular de Europa que permite disfrutar de los paisajes naturales m\u00e1s bellos","robots":{"index":"index","follow":"follow","max-snippet":"max-snippet:-1","max-image-preview":"max-image-preview:large","max-video-preview":"max-video-preview:-1"},"canonical":"https:\/\/ecobnb.es\/blog\/2021\/01\/lago-de-garda-carril-bici\/","og_locale":"es_ES","og_type":"article","og_title":"Nuevo Carril bici del Lago de Garda","og_description":"Conoce el nuevo carril bici del Lago de Garda en Italia, el m\u00e1s espetacular de Europa que permite disfrutar de los paisajes naturales m\u00e1s bellos","og_url":"https:\/\/ecobnb.es\/blog\/2021\/01\/lago-de-garda-carril-bici\/","og_site_name":"Ecobnb","article_published_time":"2021-01-25T08:00:35+00:00","article_modified_time":"2021-01-18T08:43:36+00:00","og_image":[{"width":1170,"height":490,"url":"https:\/\/ecobnb.es\/blog\/app\/uploads\/sites\/6\/2017\/05\/Tratto-Limone-confine-TN-progetto-2-1170x490.jpg","type":"image\/jpeg"}],"author":"Ariadne Astorga","twitter_card":"summary_large_image","twitter_misc":{"Written by":"Ariadne Astorga","Est. reading time":"1 minute"},"schema":{"@context":"https:\/\/schema.org","@graph":[{"@type":"WebPage","@id":"https:\/\/ecobnb.es\/blog\/2021\/01\/lago-de-garda-carril-bici\/","url":"https:\/\/ecobnb.es\/blog\/2021\/01\/lago-de-garda-carril-bici\/","name":"Nuevo Carril bici del Lago de Garda","isPartOf":{"@id":"https:\/\/ecobnb.es\/blog\/#website"},"datePublished":"2021-01-25T08:00:35+00:00","dateModified":"2021-01-18T08:43:36+00:00","author":{"@id":"https:\/\/ecobnb.es\/blog\/#\/schema\/person\/86f759a2d73a37da6ce31e1409495e5e"},"description":"Conoce el nuevo carril bici del Lago de Garda en Italia, el m\u00e1s espetacular de Europa que permite disfrutar de los paisajes naturales m\u00e1s bellos","breadcrumb":{"@id":"https:\/\/ecobnb.es\/blog\/2021\/01\/lago-de-garda-carril-bici\/#breadcrumb"},"inLanguage":"es-ES","potentialAction":[{"@type":"ReadAction","target":["https:\/\/ecobnb.es\/blog\/2021\/01\/lago-de-garda-carril-bici\/"]}]},{"@type":"BreadcrumbList","@id":"https:\/\/ecobnb.es\/blog\/2021\/01\/lago-de-garda-carril-bici\/#breadcrumb","itemListElement":[{"@type":"ListItem","position":1,"name":"Home","item":"https:\/\/ecobnb.es\/blog\/"},{"@type":"ListItem","position":2,"name":"El lago de Garda: llega el nuevo carril bici para disfrutar pedaleando de las maravillas del paisaje"}]},{"@type":"WebSite","@id":"https:\/\/ecobnb.es\/blog\/#website","url":"https:\/\/ecobnb.es\/blog\/","name":"Ecobnb","description":"Find sustainable accommodation","potentialAction":[{"@type":"SearchAction","target":{"@type":"EntryPoint","urlTemplate":"https:\/\/ecobnb.es\/blog\/?s={search_term_string}"},"query-input":"required name=search_term_string"}],"inLanguage":"es-ES"},{"@type":"Person","@id":"https:\/\/ecobnb.es\/blog\/#\/schema\/person\/86f759a2d73a37da6ce31e1409495e5e","name":"Ariadne Astorga","image":{"@type":"ImageObject","inLanguage":"es-ES","@id":"https:\/\/ecobnb.es\/blog\/#\/schema\/person\/image\/","url":"https:\/\/secure.gravatar.com\/avatar\/fc8c12e6253403bc669efb161ae1e992?s=96&d=monsterid&r=g","contentUrl":"https:\/\/secure.gravatar.com\/avatar\/fc8c12e6253403bc669efb161ae1e992?s=96&d=monsterid&r=g","caption":"Ariadne Astorga"},"description":"I`m Ariadne, a creative communicator, who believes in sustainable development and loves discovering new cultures, talking to strangers, tasting new food and learning something new every day. I`m an Engineer with master\u2019s degree in Sustainable Strategic Management of Touristics Destinations. I like to transmit real stories that promote the territory value: \"True treasures can not be possessed, they can only be appreciated and protected\".","url":"https:\/\/ecobnb.es\/blog\/author\/ariadne\/"}]}},"_links":{"self":[{"href":"https:\/\/ecobnb.es\/blog\/wp-json\/wp\/v2\/posts\/1545"}],"collection":[{"href":"https:\/\/ecobnb.es\/blog\/wp-json\/wp\/v2\/posts"}],"about":[{"href":"https:\/\/ecobnb.es\/blog\/wp-json\/wp\/v2\/types\/post"}],"author":[{"embeddable":true,"href":"https:\/\/ecobnb.es\/blog\/wp-json\/wp\/v2\/users\/69"}],"replies":[{"embeddable":true,"href":"https:\/\/ecobnb.es\/blog\/wp-json\/wp\/v2\/comments?post=1545"}],"version-history":[{"count":5,"href":"https:\/\/ecobnb.es\/blog\/wp-json\/wp\/v2\/posts\/1545\/revisions"}],"predecessor-version":[{"id":4277,"href":"https:\/\/ecobnb.es\/blog\/wp-json\/wp\/v2\/posts\/1545\/revisions\/4277"}],"wp:featuredmedia":[{"embeddable":true,"href":"https:\/\/ecobnb.es\/blog\/wp-json\/wp\/v2\/media\/1546"}],"wp:attachment":[{"href":"https:\/\/ecobnb.es\/blog\/wp-json\/wp\/v2\/media?parent=1545"}],"wp:term":[{"taxonomy":"category","embeddable":true,"href":"https:\/\/ecobnb.es\/blog\/wp-json\/wp\/v2\/categories?post=1545"},{"taxonomy":"post_tag","embeddable":true,"href":"https:\/\/ecobnb.es\/blog\/wp-json\/wp\/v2\/tags?post=1545"}],"curies":[{"name":"wp","href":"https:\/\/api.w.org\/{rel}","templated":true}]}}