{"id":1286,"date":"2017-05-25T07:44:34","date_gmt":"2017-05-25T07:44:34","guid":{"rendered":"https:\/\/ecobnb.es\/blog\/?p=1286"},"modified":"2017-05-25T07:46:38","modified_gmt":"2017-05-25T07:46:38","slug":"hoteles-ecologicos-bosque","status":"publish","type":"post","link":"https:\/\/ecobnb.es\/blog\/2017\/05\/hoteles-ecologicos-bosque\/","title":{"rendered":"Alojamientos ecol\u00f3gicos para descubrir las maravillas del bosque"},"content":{"rendered":"<p>El <strong>silencio<\/strong>, la <strong>naturaleza salvaje<\/strong>, <strong>pisadas de animales<\/strong>: el <strong>bosque<\/strong> es un <strong>lugar m\u00e1gico<\/strong>, en el que cada paseo se vuelve una experiencia incre\u00edble. Pasar unas vacaciones en alojamientos ecol\u00f3gicos situados en lo m\u00e1s profundo del bosque y dormir rodeados de naturaleza nos redescubre, nos ayuda a encontrar un bienestar perdido, una profunda conexi\u00f3n con el medioambiente que nos rodea.<\/p>\n<p>Vayamos juntos a descubrir los mejores <strong>hoteles ecol\u00f3gicos<\/strong>, agroturismos y b&amp;b<strong> inmersos en los bosques<\/strong> de toda Italia, para pasar noches eco-sostenibles y dignas de recordar.<\/p>\n<h2>Unas vacaciones vegetarianas entre los bosques del valle Pellice<\/h2>\n<p><a href=\"https:\/\/ecobnb.es\/blog\/app\/uploads\/sites\/6\/2016\/11\/Casa-Payer-Valle-Pellice.jpeg\"><img class=\"alignnone size-full wp-image-1288\" src=\"https:\/\/ecobnb.es\/blog\/app\/uploads\/sites\/6\/2016\/11\/Casa-Payer-Valle-Pellice.jpeg\" alt=\"Casa Payer, valle Pellice\" width=\"770\" height=\"431\" srcset=\"https:\/\/ecobnb.es\/blog\/app\/uploads\/sites\/6\/2016\/11\/Casa-Payer-Valle-Pellice.jpeg 770w, https:\/\/ecobnb.es\/blog\/app\/uploads\/sites\/6\/2016\/11\/Casa-Payer-Valle-Pellice-536x300.jpeg 536w, https:\/\/ecobnb.es\/blog\/app\/uploads\/sites\/6\/2016\/11\/Casa-Payer-Valle-Pellice-570x320.jpeg 570w, https:\/\/ecobnb.es\/blog\/app\/uploads\/sites\/6\/2016\/11\/Casa-Payer-Valle-Pellice-344x193.jpeg 344w\" sizes=\"(max-width: 770px) 100vw, 770px\" \/><\/a><\/p>\n\n\t\t<style type=\"text\/css\">\n\t\t\t#gallery-1 {\n\t\t\t\tmargin: auto;\n\t\t\t}\n\t\t\t#gallery-1 .gallery-item {\n\t\t\t\tfloat: left;\n\t\t\t\tmargin-top: 10px;\n\t\t\t\ttext-align: center;\n\t\t\t\twidth: 33%;\n\t\t\t}\n\t\t\t#gallery-1 img {\n\t\t\t\tborder: 2px solid #cfcfcf;\n\t\t\t}\n\t\t\t#gallery-1 .gallery-caption {\n\t\t\t\tmargin-left: 0;\n\t\t\t}\n\t\t\t\/* see gallery_shortcode() in wp-includes\/media.php *\/\n\t\t<\/style>\n\t\t<div id='gallery-1' class='gallery galleryid-1286 gallery-columns-3 gallery-size-thumbnail'><dl class='gallery-item'>\n\t\t\t<dt class='gallery-icon landscape'>\n\t\t\t\t<a href='https:\/\/ecobnb.es\/blog\/2017\/05\/hoteles-ecologicos-bosque\/casa-payer-valle-pellice1\/#main'><img width=\"270\" height=\"200\" src=\"https:\/\/ecobnb.es\/blog\/app\/uploads\/sites\/6\/2016\/11\/Casa-Payer-valle-Pellice1-270x200.jpeg\" class=\"attachment-thumbnail size-thumbnail\" alt=\"Casa Payer, valle Pellice\" \/><\/a>\n\t\t\t<\/dt><\/dl><dl class='gallery-item'>\n\t\t\t<dt class='gallery-icon landscape'>\n\t\t\t\t<a href='https:\/\/ecobnb.es\/blog\/2017\/05\/hoteles-ecologicos-bosque\/casa-payer-valle-pellice2\/#main'><img width=\"270\" height=\"200\" src=\"https:\/\/ecobnb.es\/blog\/app\/uploads\/sites\/6\/2016\/11\/Casa-Payer-valle-Pellice2-270x200.jpeg\" class=\"attachment-thumbnail size-thumbnail\" alt=\"Casa Payer, valle Pellice\" \/><\/a>\n\t\t\t<\/dt><\/dl><dl class='gallery-item'>\n\t\t\t<dt class='gallery-icon landscape'>\n\t\t\t\t<a href='https:\/\/ecobnb.es\/blog\/2017\/05\/hoteles-ecologicos-bosque\/casa-payer-valle-pellice3\/#main'><img width=\"270\" height=\"200\" src=\"https:\/\/ecobnb.es\/blog\/app\/uploads\/sites\/6\/2016\/11\/Casa-Payer-valle-Pellice3-270x200.jpeg\" class=\"attachment-thumbnail size-thumbnail\" alt=\"\" \/><\/a>\n\t\t\t<\/dt><\/dl><br style=\"clear: both\" \/>\n\t\t<\/div>\n\n<p>Un cielo estrellado como nunca lo hab\u00edas visto, un cortijo de piedra, la hospitalidad de la familia, <strong>las hamacas en el bosque<\/strong> de abedules. Se trata de la <a href=\"https:\/\/ecobnb.es\/IT-torino\/bed-breakfast\/casa-payer-b-b-nel-bosco\/QFDx5\" target=\"_blank\">Casa Payer<\/a>, un bonito bed&amp;breakfast inmerso en el bosque que te har\u00e1 vivir unas vacaciones rurales en armon\u00eda con el entorno.<\/p>\n<p>A disposici\u00f3n de los hu\u00e9spedes encontrar\u00e1s 3 amplias habitaciones independientes y el gran granero donde leer, escuchar m\u00fasica u organizar peque\u00f1as actividades en grupo.<\/p>\n<p>A un kil\u00f3metro del alojamiento encontrar\u00e1s el<strong> Observatorio Astron\u00f3mico Urania<\/strong>, y alrededor muchas posibilidades para pasear a lo largo del r\u00edo y en medio de la naturaleza.<\/p>\n<h2>1100 hect\u00e1reas de bosque privado en el Parque natural regional de los Bosques de Carrega<\/h2>\n<p><a href=\"https:\/\/ecobnb.es\/blog\/app\/uploads\/sites\/6\/2016\/11\/BB-Il-richiamo-del-Bosco-bosque-de-Carrega.jpeg\"><img class=\"alignnone size-full wp-image-1292\" src=\"https:\/\/ecobnb.es\/blog\/app\/uploads\/sites\/6\/2016\/11\/BB-Il-richiamo-del-Bosco-bosque-de-Carrega.jpeg\" alt=\"BB Il richiamo del Bosco, bosque de Carrega\" width=\"770\" height=\"431\" srcset=\"https:\/\/ecobnb.es\/blog\/app\/uploads\/sites\/6\/2016\/11\/BB-Il-richiamo-del-Bosco-bosque-de-Carrega.jpeg 770w, https:\/\/ecobnb.es\/blog\/app\/uploads\/sites\/6\/2016\/11\/BB-Il-richiamo-del-Bosco-bosque-de-Carrega-536x300.jpeg 536w, https:\/\/ecobnb.es\/blog\/app\/uploads\/sites\/6\/2016\/11\/BB-Il-richiamo-del-Bosco-bosque-de-Carrega-570x320.jpeg 570w, https:\/\/ecobnb.es\/blog\/app\/uploads\/sites\/6\/2016\/11\/BB-Il-richiamo-del-Bosco-bosque-de-Carrega-344x193.jpeg 344w\" sizes=\"(max-width: 770px) 100vw, 770px\" \/><\/a><\/p>\n\n\t\t<style type=\"text\/css\">\n\t\t\t#gallery-2 {\n\t\t\t\tmargin: auto;\n\t\t\t}\n\t\t\t#gallery-2 .gallery-item {\n\t\t\t\tfloat: left;\n\t\t\t\tmargin-top: 10px;\n\t\t\t\ttext-align: center;\n\t\t\t\twidth: 33%;\n\t\t\t}\n\t\t\t#gallery-2 img {\n\t\t\t\tborder: 2px solid #cfcfcf;\n\t\t\t}\n\t\t\t#gallery-2 .gallery-caption {\n\t\t\t\tmargin-left: 0;\n\t\t\t}\n\t\t\t\/* see gallery_shortcode() in wp-includes\/media.php *\/\n\t\t<\/style>\n\t\t<div id='gallery-2' class='gallery galleryid-1286 gallery-columns-3 gallery-size-thumbnail'><dl class='gallery-item'>\n\t\t\t<dt class='gallery-icon landscape'>\n\t\t\t\t<a href='https:\/\/ecobnb.es\/blog\/2017\/05\/hoteles-ecologicos-bosque\/bb-il-richiamo-del-bosco-bosque-de-carrega1\/#main'><img width=\"270\" height=\"200\" src=\"https:\/\/ecobnb.es\/blog\/app\/uploads\/sites\/6\/2016\/11\/BB-Il-richiamo-del-Bosco-bosque-de-Carrega1-270x200.jpeg\" class=\"attachment-thumbnail size-thumbnail\" alt=\"BB Il richiamo del Bosco, bosque de Carrega\" \/><\/a>\n\t\t\t<\/dt><\/dl><dl class='gallery-item'>\n\t\t\t<dt class='gallery-icon landscape'>\n\t\t\t\t<a href='https:\/\/ecobnb.es\/blog\/2017\/05\/hoteles-ecologicos-bosque\/bb-il-richiamo-del-bosco-bosque-de-carrega2\/#main'><img width=\"270\" height=\"200\" src=\"https:\/\/ecobnb.es\/blog\/app\/uploads\/sites\/6\/2016\/11\/BB-Il-richiamo-del-Bosco-bosque-de-Carrega2-270x200.jpeg\" class=\"attachment-thumbnail size-thumbnail\" alt=\"BB Il richiamo del Bosco, bosque de Carrega\" \/><\/a>\n\t\t\t<\/dt><\/dl><dl class='gallery-item'>\n\t\t\t<dt class='gallery-icon landscape'>\n\t\t\t\t<a href='https:\/\/ecobnb.es\/blog\/2017\/05\/hoteles-ecologicos-bosque\/bb-il-richiamo-del-bosco-bosque-de-carrega3\/#main'><img width=\"270\" height=\"200\" src=\"https:\/\/ecobnb.es\/blog\/app\/uploads\/sites\/6\/2016\/11\/BB-Il-richiamo-del-Bosco-bosque-de-Carrega3-270x200.jpeg\" class=\"attachment-thumbnail size-thumbnail\" alt=\"BB Il richiamo del Bosco, bosque de Carrega\" \/><\/a>\n\t\t\t<\/dt><\/dl><br style=\"clear: both\" \/>\n\t\t<\/div>\n\n<p>A pocos kil\u00f3metros de Parma encontrar\u00e1s el <a href=\"https:\/\/ecobnb.es\/IT-parma\/bed-breakfast\/b-b-il-richiamo-del-bosco\/q9PGp\" target=\"_blank\">B&amp;B Il Richiamo del Bosco<\/a>, un alojamiento de dise\u00f1o \u00fanico, donde la <strong>comida<\/strong> es <strong>natural<\/strong> y la <strong>energ\u00eda limpia<\/strong>. Y mientras que el resto de alojamientos ofrece un jard\u00edn, aqu\u00ed gozar\u00e1s de un bosque de encinas, hayas, robles y casta\u00f1os.<\/p>\n<h2>Alojamientos ecol\u00f3gicos en un bosque a los pies del magn\u00edfico Monte Monviso<\/h2>\n<p><a href=\"https:\/\/ecobnb.es\/blog\/app\/uploads\/sites\/6\/2016\/11\/Bosco-delle-Terrecotte-Monte-Monviso.jpeg\"><img class=\"alignnone size-full wp-image-1296\" src=\"https:\/\/ecobnb.es\/blog\/app\/uploads\/sites\/6\/2016\/11\/Bosco-delle-Terrecotte-Monte-Monviso.jpeg\" alt=\"Bosco delle Terrecotte, Monte Monviso\" width=\"770\" height=\"431\" srcset=\"https:\/\/ecobnb.es\/blog\/app\/uploads\/sites\/6\/2016\/11\/Bosco-delle-Terrecotte-Monte-Monviso.jpeg 770w, https:\/\/ecobnb.es\/blog\/app\/uploads\/sites\/6\/2016\/11\/Bosco-delle-Terrecotte-Monte-Monviso-536x300.jpeg 536w, https:\/\/ecobnb.es\/blog\/app\/uploads\/sites\/6\/2016\/11\/Bosco-delle-Terrecotte-Monte-Monviso-570x320.jpeg 570w, https:\/\/ecobnb.es\/blog\/app\/uploads\/sites\/6\/2016\/11\/Bosco-delle-Terrecotte-Monte-Monviso-344x193.jpeg 344w\" sizes=\"(max-width: 770px) 100vw, 770px\" \/><\/a><\/p>\n\n\t\t<style type=\"text\/css\">\n\t\t\t#gallery-3 {\n\t\t\t\tmargin: auto;\n\t\t\t}\n\t\t\t#gallery-3 .gallery-item {\n\t\t\t\tfloat: left;\n\t\t\t\tmargin-top: 10px;\n\t\t\t\ttext-align: center;\n\t\t\t\twidth: 33%;\n\t\t\t}\n\t\t\t#gallery-3 img {\n\t\t\t\tborder: 2px solid #cfcfcf;\n\t\t\t}\n\t\t\t#gallery-3 .gallery-caption {\n\t\t\t\tmargin-left: 0;\n\t\t\t}\n\t\t\t\/* see gallery_shortcode() in wp-includes\/media.php *\/\n\t\t<\/style>\n\t\t<div id='gallery-3' class='gallery galleryid-1286 gallery-columns-3 gallery-size-thumbnail'><dl class='gallery-item'>\n\t\t\t<dt class='gallery-icon landscape'>\n\t\t\t\t<a href='https:\/\/ecobnb.es\/blog\/2017\/05\/hoteles-ecologicos-bosque\/bosco-delle-terrecotte-monte-monviso1\/#main'><img width=\"270\" height=\"200\" src=\"https:\/\/ecobnb.es\/blog\/app\/uploads\/sites\/6\/2016\/11\/Bosco-delle-Terrecotte-Monte-Monviso1-270x200.jpeg\" class=\"attachment-thumbnail size-thumbnail\" alt=\"Bosco delle Terrecotte Monte Monviso\" \/><\/a>\n\t\t\t<\/dt><\/dl><dl class='gallery-item'>\n\t\t\t<dt class='gallery-icon landscape'>\n\t\t\t\t<a href='https:\/\/ecobnb.es\/blog\/2017\/05\/hoteles-ecologicos-bosque\/bosco-delle-terrecotte-monte-monviso2\/#main'><img width=\"270\" height=\"200\" src=\"https:\/\/ecobnb.es\/blog\/app\/uploads\/sites\/6\/2016\/11\/Bosco-delle-Terrecotte-Monte-Monviso2-270x200.jpeg\" class=\"attachment-thumbnail size-thumbnail\" alt=\"Bosco delle Terrecotte Monte Monviso\" \/><\/a>\n\t\t\t<\/dt><\/dl><dl class='gallery-item'>\n\t\t\t<dt class='gallery-icon landscape'>\n\t\t\t\t<a href='https:\/\/ecobnb.es\/blog\/2017\/05\/hoteles-ecologicos-bosque\/bosco-delle-terrecotte-monte-monviso2-2\/#main'><img width=\"270\" height=\"200\" src=\"https:\/\/ecobnb.es\/blog\/app\/uploads\/sites\/6\/2016\/11\/Bosco-delle-Terrecotte-Monte-Monviso21-270x200.jpeg\" class=\"attachment-thumbnail size-thumbnail\" alt=\"\" \/><\/a>\n\t\t\t<\/dt><\/dl><br style=\"clear: both\" \/>\n\t\t<\/div>\n\n<p>Nos trasladamos a la provincia de Cuneo, a un pueblo de pocos habitantes, sumergido en <strong>espl\u00e9ndidos paisajes del Valle Po<\/strong> y de sus monta\u00f1as. Aqu\u00ed encontraremos <a href=\"https:\/\/ecobnb.es\/IT-cuneo\/bed-breakfast\/il-bosco-delle-terrecotte\/gb7n8\" target=\"_blank\">Il Bosco delle Terrecotte<\/a>, una antigua casa rural convertida en bed and breakfast eco-sostenible, que ofrece dos habitaciones matrimoniales o un apartamento. El alojamiento est\u00e1 envuelto en bosques y vi\u00f1as. Aqu\u00ed es posible realizar cursos de cer\u00e1mica raku, hacer pan en el horno de le\u00f1a, probar su muy variada oferta gastron\u00f3mica t\u00edpica del territorio o descubrir las sorpresas que esta zona de Piamonte nos reserva.<\/p>\n<h2>Uno de los mejores alojamientos ecol\u00f3gicos en el coraz\u00f3n de Carnia<\/h2>\n<p><a href=\"https:\/\/ecobnb.es\/blog\/app\/uploads\/sites\/6\/2016\/11\/Borgo-degli-ElfiCarnia.jpeg\"><img class=\"alignnone size-full wp-image-1300\" src=\"https:\/\/ecobnb.es\/blog\/app\/uploads\/sites\/6\/2016\/11\/Borgo-degli-ElfiCarnia.jpeg\" alt=\"Borgo degli Elfi, Carnia\" width=\"770\" height=\"431\" srcset=\"https:\/\/ecobnb.es\/blog\/app\/uploads\/sites\/6\/2016\/11\/Borgo-degli-ElfiCarnia.jpeg 770w, https:\/\/ecobnb.es\/blog\/app\/uploads\/sites\/6\/2016\/11\/Borgo-degli-ElfiCarnia-536x300.jpeg 536w, https:\/\/ecobnb.es\/blog\/app\/uploads\/sites\/6\/2016\/11\/Borgo-degli-ElfiCarnia-570x320.jpeg 570w, https:\/\/ecobnb.es\/blog\/app\/uploads\/sites\/6\/2016\/11\/Borgo-degli-ElfiCarnia-344x193.jpeg 344w\" sizes=\"(max-width: 770px) 100vw, 770px\" \/><\/a><\/p>\n\n\t\t<style type=\"text\/css\">\n\t\t\t#gallery-4 {\n\t\t\t\tmargin: auto;\n\t\t\t}\n\t\t\t#gallery-4 .gallery-item {\n\t\t\t\tfloat: left;\n\t\t\t\tmargin-top: 10px;\n\t\t\t\ttext-align: center;\n\t\t\t\twidth: 33%;\n\t\t\t}\n\t\t\t#gallery-4 img {\n\t\t\t\tborder: 2px solid #cfcfcf;\n\t\t\t}\n\t\t\t#gallery-4 .gallery-caption {\n\t\t\t\tmargin-left: 0;\n\t\t\t}\n\t\t\t\/* see gallery_shortcode() in wp-includes\/media.php *\/\n\t\t<\/style>\n\t\t<div id='gallery-4' class='gallery galleryid-1286 gallery-columns-3 gallery-size-thumbnail'><dl class='gallery-item'>\n\t\t\t<dt class='gallery-icon landscape'>\n\t\t\t\t<a href='https:\/\/ecobnb.es\/blog\/2017\/05\/hoteles-ecologicos-bosque\/borgo-degli-elfi-carnia1\/#main'><img width=\"270\" height=\"200\" src=\"https:\/\/ecobnb.es\/blog\/app\/uploads\/sites\/6\/2016\/11\/Borgo-degli-Elfi-Carnia1-270x200.jpeg\" class=\"attachment-thumbnail size-thumbnail\" alt=\"Borgo degli Elfi, Carnia\" \/><\/a>\n\t\t\t<\/dt><\/dl><dl class='gallery-item'>\n\t\t\t<dt class='gallery-icon landscape'>\n\t\t\t\t<a href='https:\/\/ecobnb.es\/blog\/2017\/05\/hoteles-ecologicos-bosque\/borgo-degli-elfi-carnia2\/#main'><img width=\"270\" height=\"200\" src=\"https:\/\/ecobnb.es\/blog\/app\/uploads\/sites\/6\/2016\/11\/Borgo-degli-Elfi-Carnia2-270x200.jpeg\" class=\"attachment-thumbnail size-thumbnail\" alt=\"Borgo degli Elfi, Carnia\" \/><\/a>\n\t\t\t<\/dt><\/dl><dl class='gallery-item'>\n\t\t\t<dt class='gallery-icon landscape'>\n\t\t\t\t<a href='https:\/\/ecobnb.es\/blog\/2017\/05\/hoteles-ecologicos-bosque\/borgo-degli-elfi-carnia3\/#main'><img width=\"270\" height=\"200\" src=\"https:\/\/ecobnb.es\/blog\/app\/uploads\/sites\/6\/2016\/11\/Borgo-degli-Elfi-Carnia3-270x200.jpeg\" class=\"attachment-thumbnail size-thumbnail\" alt=\"\" \/><\/a>\n\t\t\t<\/dt><\/dl><br style=\"clear: both\" \/>\n\t\t<\/div>\n\n<p>\u00bfUnas vacaciones en el bosque en Friuli? El <a href=\"https:\/\/ecobnb.es\/IT-udine\/hotel\/borgo-degli-elfi-a-magic-place\/NL6wq\" target=\"_blank\">Borgo degli Elfi<\/a> est\u00e1 hecho para ti, un hotel ecol\u00f3gico y familiar Bike&amp;hike, rodeado de bosque y a pocos pasos de Sauris di Sotto y Sauris di Sopra. Aqu\u00ed la atm\u00f3sfera y hospitalidad son lo primero, junto al respeto por la naturaleza y sus <strong>productos frescos y genuinos<\/strong>. Alquila una bici y descubre las monta\u00f1as y senderos de esta magn\u00edfica zona, o participa en los<strong> eventos<\/strong> organizados en el coraz\u00f3n del bosque.<\/p>\n<h2>Un agroturismo inmerso en un bosque de casta\u00f1as<\/h2>\n<p><a href=\"https:\/\/ecobnb.es\/blog\/app\/uploads\/sites\/6\/2016\/11\/I-boschi-del-castagno-Belluno.jpeg\"><img class=\"alignnone size-full wp-image-1306\" src=\"https:\/\/ecobnb.es\/blog\/app\/uploads\/sites\/6\/2016\/11\/I-boschi-del-castagno-Belluno.jpeg\" alt=\"I boschi del castagno, Belluno\" width=\"770\" height=\"431\" srcset=\"https:\/\/ecobnb.es\/blog\/app\/uploads\/sites\/6\/2016\/11\/I-boschi-del-castagno-Belluno.jpeg 770w, https:\/\/ecobnb.es\/blog\/app\/uploads\/sites\/6\/2016\/11\/I-boschi-del-castagno-Belluno-536x300.jpeg 536w, https:\/\/ecobnb.es\/blog\/app\/uploads\/sites\/6\/2016\/11\/I-boschi-del-castagno-Belluno-570x320.jpeg 570w, https:\/\/ecobnb.es\/blog\/app\/uploads\/sites\/6\/2016\/11\/I-boschi-del-castagno-Belluno-344x193.jpeg 344w\" sizes=\"(max-width: 770px) 100vw, 770px\" \/><\/a><\/p>\n\n\t\t<style type=\"text\/css\">\n\t\t\t#gallery-5 {\n\t\t\t\tmargin: auto;\n\t\t\t}\n\t\t\t#gallery-5 .gallery-item {\n\t\t\t\tfloat: left;\n\t\t\t\tmargin-top: 10px;\n\t\t\t\ttext-align: center;\n\t\t\t\twidth: 33%;\n\t\t\t}\n\t\t\t#gallery-5 img {\n\t\t\t\tborder: 2px solid #cfcfcf;\n\t\t\t}\n\t\t\t#gallery-5 .gallery-caption {\n\t\t\t\tmargin-left: 0;\n\t\t\t}\n\t\t\t\/* see gallery_shortcode() in wp-includes\/media.php *\/\n\t\t<\/style>\n\t\t<div id='gallery-5' class='gallery galleryid-1286 gallery-columns-3 gallery-size-thumbnail'><dl class='gallery-item'>\n\t\t\t<dt class='gallery-icon landscape'>\n\t\t\t\t<a href='https:\/\/ecobnb.es\/blog\/2017\/05\/hoteles-ecologicos-bosque\/i-boschi-del-castagno-belluno1\/#main'><img width=\"270\" height=\"200\" src=\"https:\/\/ecobnb.es\/blog\/app\/uploads\/sites\/6\/2016\/11\/I-boschi-del-castagno-Belluno1-270x200.jpeg\" class=\"attachment-thumbnail size-thumbnail\" alt=\"I boschi del castagno, Belluno\" \/><\/a>\n\t\t\t<\/dt><\/dl><dl class='gallery-item'>\n\t\t\t<dt class='gallery-icon landscape'>\n\t\t\t\t<a href='https:\/\/ecobnb.es\/blog\/2017\/05\/hoteles-ecologicos-bosque\/i-boschi-del-castagno-belluno2\/#main'><img width=\"270\" height=\"200\" src=\"https:\/\/ecobnb.es\/blog\/app\/uploads\/sites\/6\/2016\/11\/I-boschi-del-castagno-Belluno2-270x200.jpeg\" class=\"attachment-thumbnail size-thumbnail\" alt=\"I boschi del castagno, Belluno\" \/><\/a>\n\t\t\t<\/dt><\/dl><dl class='gallery-item'>\n\t\t\t<dt class='gallery-icon landscape'>\n\t\t\t\t<a href='https:\/\/ecobnb.es\/blog\/2017\/05\/hoteles-ecologicos-bosque\/i-boschi-del-castagno-belluno3\/#main'><img width=\"270\" height=\"200\" src=\"https:\/\/ecobnb.es\/blog\/app\/uploads\/sites\/6\/2016\/11\/I-boschi-del-castagno-Belluno3-270x200.jpeg\" class=\"attachment-thumbnail size-thumbnail\" alt=\"I boschi del castagno, Belluno\" \/><\/a>\n\t\t\t<\/dt><\/dl><br style=\"clear: both\" \/>\n\t\t<\/div>\n\n<p>En la provincia de Belluno podemos dormir en esta bonita <a href=\"https:\/\/ecobnb.es\/IT-belluno\/farm-house\/i-boschi-del-castagno\/kb7Lh\" target=\"_blank\">casa col\u00f3nica y granja de monta\u00f1a<\/a>, situada en el coraz\u00f3n de\u00a0un bosque de casta\u00f1as. El alojamiento ofrece a sus hu\u00e9spedes tres c\u00f3modas habitaciones decoradas con gusto. Te espera un oasis de paz y tranquilidad, hecho de peque\u00f1os y \u00fanicos detalles: el desayuno, el cielo estrellado, <strong>los productos del huerto<\/strong>, <strong>una amplia biblioteca<\/strong>.<\/p>\n<h2>Una granja de madera y piedra en el Parque del Stelvio<\/h2>\n<p><a href=\"https:\/\/ecobnb.es\/blog\/app\/uploads\/sites\/6\/2016\/11\/Maso-Coler-Parque-nacional-del-Stelvio.jpeg\"><img class=\"alignnone size-full wp-image-1310\" src=\"https:\/\/ecobnb.es\/blog\/app\/uploads\/sites\/6\/2016\/11\/Maso-Coler-Parque-nacional-del-Stelvio.jpeg\" alt=\"Maso Coler, Parque nacional del Stelvio\" width=\"770\" height=\"431\" srcset=\"https:\/\/ecobnb.es\/blog\/app\/uploads\/sites\/6\/2016\/11\/Maso-Coler-Parque-nacional-del-Stelvio.jpeg 770w, https:\/\/ecobnb.es\/blog\/app\/uploads\/sites\/6\/2016\/11\/Maso-Coler-Parque-nacional-del-Stelvio-536x300.jpeg 536w, https:\/\/ecobnb.es\/blog\/app\/uploads\/sites\/6\/2016\/11\/Maso-Coler-Parque-nacional-del-Stelvio-570x320.jpeg 570w, https:\/\/ecobnb.es\/blog\/app\/uploads\/sites\/6\/2016\/11\/Maso-Coler-Parque-nacional-del-Stelvio-344x193.jpeg 344w\" sizes=\"(max-width: 770px) 100vw, 770px\" \/><\/a><\/p>\n\n\t\t<style type=\"text\/css\">\n\t\t\t#gallery-6 {\n\t\t\t\tmargin: auto;\n\t\t\t}\n\t\t\t#gallery-6 .gallery-item {\n\t\t\t\tfloat: left;\n\t\t\t\tmargin-top: 10px;\n\t\t\t\ttext-align: center;\n\t\t\t\twidth: 33%;\n\t\t\t}\n\t\t\t#gallery-6 img {\n\t\t\t\tborder: 2px solid #cfcfcf;\n\t\t\t}\n\t\t\t#gallery-6 .gallery-caption {\n\t\t\t\tmargin-left: 0;\n\t\t\t}\n\t\t\t\/* see gallery_shortcode() in wp-includes\/media.php *\/\n\t\t<\/style>\n\t\t<div id='gallery-6' class='gallery galleryid-1286 gallery-columns-3 gallery-size-thumbnail'><dl class='gallery-item'>\n\t\t\t<dt class='gallery-icon landscape'>\n\t\t\t\t<a href='https:\/\/ecobnb.es\/blog\/2017\/05\/hoteles-ecologicos-bosque\/maso-coler-parque-nacional-del-stelvio1\/#main'><img width=\"270\" height=\"200\" src=\"https:\/\/ecobnb.es\/blog\/app\/uploads\/sites\/6\/2016\/11\/Maso-Coler-Parque-nacional-del-Stelvio1-270x200.jpeg\" class=\"attachment-thumbnail size-thumbnail\" alt=\"Maso Coler, Parque nacional del Stelvio\" \/><\/a>\n\t\t\t<\/dt><\/dl><dl class='gallery-item'>\n\t\t\t<dt class='gallery-icon landscape'>\n\t\t\t\t<a href='https:\/\/ecobnb.es\/blog\/2017\/05\/hoteles-ecologicos-bosque\/maso-coler-parque-nacional-del-stelvio2\/#main'><img width=\"270\" height=\"200\" src=\"https:\/\/ecobnb.es\/blog\/app\/uploads\/sites\/6\/2016\/11\/Maso-Coler-Parque-nacional-del-Stelvio2-270x200.jpeg\" class=\"attachment-thumbnail size-thumbnail\" alt=\"Maso Coler, Parque nacional del Stelvio\" \/><\/a>\n\t\t\t<\/dt><\/dl><dl class='gallery-item'>\n\t\t\t<dt class='gallery-icon landscape'>\n\t\t\t\t<a href='https:\/\/ecobnb.es\/blog\/2017\/05\/hoteles-ecologicos-bosque\/maso-coler-parque-nacional-del-stelvio3\/#main'><img width=\"270\" height=\"200\" src=\"https:\/\/ecobnb.es\/blog\/app\/uploads\/sites\/6\/2016\/11\/Maso-Coler-Parque-nacional-del-Stelvio3-270x200.jpeg\" class=\"attachment-thumbnail size-thumbnail\" alt=\"Maso Coler, Parque nacional del Stelvio\" \/><\/a>\n\t\t\t<\/dt><\/dl><br style=\"clear: both\" \/>\n\t\t<\/div>\n\n<p>Rabbi es un pueblo de 1000 habitantes del Trentino, que se encuentra en el coraz\u00f3n del hermoso Parque Nacional del Stelvio. Aqu\u00ed, inmerso en la naturaleza y rodeado de bosques, si encuentra el chalet <a href=\"https:\/\/ecobnb.es\/IT-trento\/farm-house\/maso-coler\/g28dT\" target=\"_blank\">Maso Coler<\/a>, que tiempo atr\u00e1s fue una granja y ahora se ha transformado en un lugar especial donde pasar unas vacaciones relajadas en contacto directo con la naturaleza. Rodeado de verdes prados y sumergido en la quietud, Maso Coler dispone de un jard\u00edn, sol\u00e1rium y una amplia \u00e1rea de picnic enmarcada en el bosque y que delimita con una fresca corriente.<\/p>\n<h2>Un lujo salvaje en Toscana<\/h2>\n<p><a href=\"https:\/\/ecobnb.es\/blog\/app\/uploads\/sites\/6\/2016\/11\/Azienda-Agricola-Tassobarbasso-Toscana.jpeg\"><img class=\"alignnone size-full wp-image-1314\" src=\"https:\/\/ecobnb.es\/blog\/app\/uploads\/sites\/6\/2016\/11\/Azienda-Agricola-Tassobarbasso-Toscana.jpeg\" alt=\"Azienda Agricola Tassobarbasso, Toscana\" width=\"770\" height=\"431\" srcset=\"https:\/\/ecobnb.es\/blog\/app\/uploads\/sites\/6\/2016\/11\/Azienda-Agricola-Tassobarbasso-Toscana.jpeg 770w, https:\/\/ecobnb.es\/blog\/app\/uploads\/sites\/6\/2016\/11\/Azienda-Agricola-Tassobarbasso-Toscana-536x300.jpeg 536w, https:\/\/ecobnb.es\/blog\/app\/uploads\/sites\/6\/2016\/11\/Azienda-Agricola-Tassobarbasso-Toscana-570x320.jpeg 570w, https:\/\/ecobnb.es\/blog\/app\/uploads\/sites\/6\/2016\/11\/Azienda-Agricola-Tassobarbasso-Toscana-344x193.jpeg 344w\" sizes=\"(max-width: 770px) 100vw, 770px\" \/><\/a><\/p>\n\n\t\t<style type=\"text\/css\">\n\t\t\t#gallery-7 {\n\t\t\t\tmargin: auto;\n\t\t\t}\n\t\t\t#gallery-7 .gallery-item {\n\t\t\t\tfloat: left;\n\t\t\t\tmargin-top: 10px;\n\t\t\t\ttext-align: center;\n\t\t\t\twidth: 33%;\n\t\t\t}\n\t\t\t#gallery-7 img {\n\t\t\t\tborder: 2px solid #cfcfcf;\n\t\t\t}\n\t\t\t#gallery-7 .gallery-caption {\n\t\t\t\tmargin-left: 0;\n\t\t\t}\n\t\t\t\/* see gallery_shortcode() in wp-includes\/media.php *\/\n\t\t<\/style>\n\t\t<div id='gallery-7' class='gallery galleryid-1286 gallery-columns-3 gallery-size-thumbnail'><dl class='gallery-item'>\n\t\t\t<dt class='gallery-icon portrait'>\n\t\t\t\t<a href='https:\/\/ecobnb.es\/blog\/2017\/05\/hoteles-ecologicos-bosque\/azienda-agricola-tassobarbasso-toscana1\/#main'><img width=\"270\" height=\"200\" src=\"https:\/\/ecobnb.es\/blog\/app\/uploads\/sites\/6\/2016\/11\/Azienda-Agricola-Tassobarbasso-Toscana1-270x200.jpeg\" class=\"attachment-thumbnail size-thumbnail\" alt=\"Azienda Agricola Tassobarbasso, Toscana\" \/><\/a>\n\t\t\t<\/dt><\/dl><dl class='gallery-item'>\n\t\t\t<dt class='gallery-icon portrait'>\n\t\t\t\t<a href='https:\/\/ecobnb.es\/blog\/2017\/05\/hoteles-ecologicos-bosque\/azienda-agricola-tassobarbasso-toscana2\/#main'><img width=\"270\" height=\"200\" src=\"https:\/\/ecobnb.es\/blog\/app\/uploads\/sites\/6\/2016\/11\/Azienda-Agricola-Tassobarbasso-Toscana2-270x200.jpeg\" class=\"attachment-thumbnail size-thumbnail\" alt=\"Azienda Agricola Tassobarbasso, Toscana\" \/><\/a>\n\t\t\t<\/dt><\/dl><dl class='gallery-item'>\n\t\t\t<dt class='gallery-icon landscape'>\n\t\t\t\t<a href='https:\/\/ecobnb.es\/blog\/2017\/05\/hoteles-ecologicos-bosque\/azienda-agricola-tassobarbasso-toscana3\/#main'><img width=\"270\" height=\"200\" src=\"https:\/\/ecobnb.es\/blog\/app\/uploads\/sites\/6\/2016\/11\/Azienda-Agricola-Tassobarbasso-Toscana3-270x200.jpeg\" class=\"attachment-thumbnail size-thumbnail\" alt=\"Azienda Agricola Tassobarbasso, Toscana\" \/><\/a>\n\t\t\t<\/dt><\/dl><br style=\"clear: both\" \/>\n\t\t<\/div>\n\n<p>La <a href=\"https:\/\/ecobnb.es\/IT-pisa\/farm-house\/azienda-agricola-tassobarbasso\/CSWhX\" target=\"_blank\">Azienda Agricola Tassobarbasso<\/a> ofrece un ambiente acogedor, dise\u00f1ado con gusto, pero que mantiene la autenticidad y sencillez. Pasar\u00e1s tus noches\u00a0en dos magn\u00edficos apartamentos. En sus inmediaciones surgen senderos, que invitan a silenciosos paseos y excursiones para descubrir peque\u00f1os pueblos escondidos, iglesias, olivos centenarios y casas del siglo XVII en Crespina.<\/p>\n<h2>Alojamientos ecol\u00f3gicos en las alturas de G\u00e9nova<\/h2>\n<p><a href=\"https:\/\/ecobnb.es\/blog\/app\/uploads\/sites\/6\/2016\/11\/Una-casa-nel-Bosco-G\u00e9nova.jpeg\"><img class=\"alignnone size-full wp-image-1318\" src=\"https:\/\/ecobnb.es\/blog\/app\/uploads\/sites\/6\/2016\/11\/Una-casa-nel-Bosco-G\u00e9nova.jpeg\" alt=\"Una casa nel Bosco, G\u00e9nova\" width=\"770\" height=\"431\" srcset=\"https:\/\/ecobnb.es\/blog\/app\/uploads\/sites\/6\/2016\/11\/Una-casa-nel-Bosco-G\u00e9nova.jpeg 770w, https:\/\/ecobnb.es\/blog\/app\/uploads\/sites\/6\/2016\/11\/Una-casa-nel-Bosco-G\u00e9nova-536x300.jpeg 536w, https:\/\/ecobnb.es\/blog\/app\/uploads\/sites\/6\/2016\/11\/Una-casa-nel-Bosco-G\u00e9nova-570x320.jpeg 570w, https:\/\/ecobnb.es\/blog\/app\/uploads\/sites\/6\/2016\/11\/Una-casa-nel-Bosco-G\u00e9nova-344x193.jpeg 344w\" sizes=\"(max-width: 770px) 100vw, 770px\" \/><\/a><\/p>\n\n\t\t<style type=\"text\/css\">\n\t\t\t#gallery-8 {\n\t\t\t\tmargin: auto;\n\t\t\t}\n\t\t\t#gallery-8 .gallery-item {\n\t\t\t\tfloat: left;\n\t\t\t\tmargin-top: 10px;\n\t\t\t\ttext-align: center;\n\t\t\t\twidth: 33%;\n\t\t\t}\n\t\t\t#gallery-8 img {\n\t\t\t\tborder: 2px solid #cfcfcf;\n\t\t\t}\n\t\t\t#gallery-8 .gallery-caption {\n\t\t\t\tmargin-left: 0;\n\t\t\t}\n\t\t\t\/* see gallery_shortcode() in wp-includes\/media.php *\/\n\t\t<\/style>\n\t\t<div id='gallery-8' class='gallery galleryid-1286 gallery-columns-3 gallery-size-thumbnail'><dl class='gallery-item'>\n\t\t\t<dt class='gallery-icon landscape'>\n\t\t\t\t<a href='https:\/\/ecobnb.es\/blog\/2017\/05\/hoteles-ecologicos-bosque\/una-casa-nel-bosco-genova1\/#main'><img width=\"270\" height=\"200\" src=\"https:\/\/ecobnb.es\/blog\/app\/uploads\/sites\/6\/2016\/11\/Una-casa-nel-Bosco-G\u00e9nova1-270x200.jpeg\" class=\"attachment-thumbnail size-thumbnail\" alt=\"Una casa nel Bosco, G\u00e9nova\" \/><\/a>\n\t\t\t<\/dt><\/dl><dl class='gallery-item'>\n\t\t\t<dt class='gallery-icon landscape'>\n\t\t\t\t<a href='https:\/\/ecobnb.es\/blog\/2017\/05\/hoteles-ecologicos-bosque\/una-casa-nel-bosco-genova2\/#main'><img width=\"270\" height=\"200\" src=\"https:\/\/ecobnb.es\/blog\/app\/uploads\/sites\/6\/2016\/11\/Una-casa-nel-Bosco-G\u00e9nova2-270x200.jpeg\" class=\"attachment-thumbnail size-thumbnail\" alt=\"Una casa nel Bosco, G\u00e9nova\" \/><\/a>\n\t\t\t<\/dt><\/dl><dl class='gallery-item'>\n\t\t\t<dt class='gallery-icon landscape'>\n\t\t\t\t<a href='https:\/\/ecobnb.es\/blog\/2017\/05\/hoteles-ecologicos-bosque\/una-casa-nel-bosco-genova3\/#main'><img width=\"270\" height=\"200\" src=\"https:\/\/ecobnb.es\/blog\/app\/uploads\/sites\/6\/2016\/11\/Una-casa-nel-Bosco-G\u00e9nova3-270x200.jpeg\" class=\"attachment-thumbnail size-thumbnail\" alt=\"Una casa nel Bosco, G\u00e9nova\" \/><\/a>\n\t\t\t<\/dt><\/dl><br style=\"clear: both\" \/>\n\t\t<\/div>\n\n<p>Una casita situada en un bosque encantado de abetos, alerces, robles, cedros del L\u00edbano y casta\u00f1os, donde viven cervatillos, jabal\u00edes, liebres y otros animales: hablamos del <a href=\"https:\/\/ecobnb.es\/IT-chieti\/bed-breakfast\/casa-vacanza-il-bosco-dei-daini\/gJs53\" target=\"_blank\">b&amp;b Una casa nel Bosco<\/a>, una caba\u00f1a de dos plantas en la localidad de Mele, en Liguria.<\/p>\n<h2>En el coraz\u00f3n silencioso del Parque nacional de la Majella<\/h2>\n<p><a href=\"https:\/\/ecobnb.es\/blog\/app\/uploads\/sites\/6\/2016\/11\/Casa-Vacanza-Il-Bosco-dei-Daini-Parque-Nacional-de-la-Majella.jpeg\"><img class=\"alignnone size-full wp-image-1324\" src=\"https:\/\/ecobnb.es\/blog\/app\/uploads\/sites\/6\/2016\/11\/Casa-Vacanza-Il-Bosco-dei-Daini-Parque-Nacional-de-la-Majella.jpeg\" alt=\"Casa Vacanza Il Bosco dei Daini, Parque Nacional de la Majella\" width=\"770\" height=\"431\" srcset=\"https:\/\/ecobnb.es\/blog\/app\/uploads\/sites\/6\/2016\/11\/Casa-Vacanza-Il-Bosco-dei-Daini-Parque-Nacional-de-la-Majella.jpeg 770w, https:\/\/ecobnb.es\/blog\/app\/uploads\/sites\/6\/2016\/11\/Casa-Vacanza-Il-Bosco-dei-Daini-Parque-Nacional-de-la-Majella-536x300.jpeg 536w, https:\/\/ecobnb.es\/blog\/app\/uploads\/sites\/6\/2016\/11\/Casa-Vacanza-Il-Bosco-dei-Daini-Parque-Nacional-de-la-Majella-570x320.jpeg 570w, https:\/\/ecobnb.es\/blog\/app\/uploads\/sites\/6\/2016\/11\/Casa-Vacanza-Il-Bosco-dei-Daini-Parque-Nacional-de-la-Majella-344x193.jpeg 344w\" sizes=\"(max-width: 770px) 100vw, 770px\" \/><\/a><\/p>\n\n\t\t<style type=\"text\/css\">\n\t\t\t#gallery-9 {\n\t\t\t\tmargin: auto;\n\t\t\t}\n\t\t\t#gallery-9 .gallery-item {\n\t\t\t\tfloat: left;\n\t\t\t\tmargin-top: 10px;\n\t\t\t\ttext-align: center;\n\t\t\t\twidth: 33%;\n\t\t\t}\n\t\t\t#gallery-9 img {\n\t\t\t\tborder: 2px solid #cfcfcf;\n\t\t\t}\n\t\t\t#gallery-9 .gallery-caption {\n\t\t\t\tmargin-left: 0;\n\t\t\t}\n\t\t\t\/* see gallery_shortcode() in wp-includes\/media.php *\/\n\t\t<\/style>\n\t\t<div id='gallery-9' class='gallery galleryid-1286 gallery-columns-3 gallery-size-thumbnail'><dl class='gallery-item'>\n\t\t\t<dt class='gallery-icon landscape'>\n\t\t\t\t<a href='https:\/\/ecobnb.es\/blog\/2017\/05\/hoteles-ecologicos-bosque\/casa-vacanza-il-bosco-dei-daini-parque-nacional-de-la-majella1\/#main'><img width=\"270\" height=\"200\" src=\"https:\/\/ecobnb.es\/blog\/app\/uploads\/sites\/6\/2016\/11\/Casa-Vacanza-Il-Bosco-dei-Daini-Parque-Nacional-de-la-Majella1-270x200.jpeg\" class=\"attachment-thumbnail size-thumbnail\" alt=\"Casa Vacanza Il Bosco dei Daini, Parque Nacional de la Majella\" \/><\/a>\n\t\t\t<\/dt><\/dl><dl class='gallery-item'>\n\t\t\t<dt class='gallery-icon landscape'>\n\t\t\t\t<a href='https:\/\/ecobnb.es\/blog\/2017\/05\/hoteles-ecologicos-bosque\/casa-vacanza-il-bosco-dei-daini-parque-nacional-de-la-majella2\/#main'><img width=\"270\" height=\"200\" src=\"https:\/\/ecobnb.es\/blog\/app\/uploads\/sites\/6\/2016\/11\/Casa-Vacanza-Il-Bosco-dei-Daini-Parque-Nacional-de-la-Majella2-270x200.jpeg\" class=\"attachment-thumbnail size-thumbnail\" alt=\"Casa Vacanza Il Bosco dei Daini, Parque Nacional de la Majella\" \/><\/a>\n\t\t\t<\/dt><\/dl><dl class='gallery-item'>\n\t\t\t<dt class='gallery-icon landscape'>\n\t\t\t\t<a href='https:\/\/ecobnb.es\/blog\/2017\/05\/hoteles-ecologicos-bosque\/casa-vacanza-il-bosco-dei-daini-parque-nacional-de-la-majella3\/#main'><img width=\"270\" height=\"200\" src=\"https:\/\/ecobnb.es\/blog\/app\/uploads\/sites\/6\/2016\/11\/Casa-Vacanza-Il-Bosco-dei-Daini-Parque-Nacional-de-la-Majella3-270x200.jpeg\" class=\"attachment-thumbnail size-thumbnail\" alt=\"Casa Vacanza Il Bosco dei Daini, Parque Nacional de la Majella\" \/><\/a>\n\t\t\t<\/dt><\/dl><br style=\"clear: both\" \/>\n\t\t<\/div>\n\n<p>La<a href=\"https:\/\/ecobnb.es\/IT-chieti\/bed-breakfast\/casa-vacanza-il-bosco-dei-daini\/gJs53\" target=\"_blank\"> Casa Vacanza Il bosco dei Daini<\/a> se sit\u00faa a 800 metros sobre el nivel del mar, en el coraz\u00f3n del <strong>Parque nacional de la Majella Oriental<\/strong>, en Abruzos. La inmensa finca con bosques y prados est\u00e1 completamente cercada y en ella viven los ciervos. As\u00ed podr\u00e1s despertarte y admirarlos desde tu ventana, viviendo d\u00edas inolvidables en este lugar tan especial, un lugar en el que podr\u00e1s saborear una pausa regenerativa e interesante entre las maravillas del silencio, en el calor de una chimenea.<\/p>\n<h2>Un pueblo ecol\u00f3gico en el coraz\u00f3n de Umbr\u00eda<\/h2>\n<p><a href=\"https:\/\/ecobnb.es\/blog\/app\/uploads\/sites\/6\/2016\/11\/Alcatraz-Umbr\u00eda.jpeg\"><img class=\"alignnone size-full wp-image-1329\" src=\"https:\/\/ecobnb.es\/blog\/app\/uploads\/sites\/6\/2016\/11\/Alcatraz-Umbr\u00eda.jpeg\" alt=\"Hotel ecol\u00f3gico Alcatraz, Umbr\u00eda\" width=\"770\" height=\"431\" srcset=\"https:\/\/ecobnb.es\/blog\/app\/uploads\/sites\/6\/2016\/11\/Alcatraz-Umbr\u00eda.jpeg 770w, https:\/\/ecobnb.es\/blog\/app\/uploads\/sites\/6\/2016\/11\/Alcatraz-Umbr\u00eda-536x300.jpeg 536w, https:\/\/ecobnb.es\/blog\/app\/uploads\/sites\/6\/2016\/11\/Alcatraz-Umbr\u00eda-570x320.jpeg 570w, https:\/\/ecobnb.es\/blog\/app\/uploads\/sites\/6\/2016\/11\/Alcatraz-Umbr\u00eda-344x193.jpeg 344w\" sizes=\"(max-width: 770px) 100vw, 770px\" \/><\/a><\/p>\n\n\t\t<style type=\"text\/css\">\n\t\t\t#gallery-10 {\n\t\t\t\tmargin: auto;\n\t\t\t}\n\t\t\t#gallery-10 .gallery-item {\n\t\t\t\tfloat: left;\n\t\t\t\tmargin-top: 10px;\n\t\t\t\ttext-align: center;\n\t\t\t\twidth: 33%;\n\t\t\t}\n\t\t\t#gallery-10 img {\n\t\t\t\tborder: 2px solid #cfcfcf;\n\t\t\t}\n\t\t\t#gallery-10 .gallery-caption {\n\t\t\t\tmargin-left: 0;\n\t\t\t}\n\t\t\t\/* see gallery_shortcode() in wp-includes\/media.php *\/\n\t\t<\/style>\n\t\t<div id='gallery-10' class='gallery galleryid-1286 gallery-columns-3 gallery-size-thumbnail'><dl class='gallery-item'>\n\t\t\t<dt class='gallery-icon landscape'>\n\t\t\t\t<a href='https:\/\/ecobnb.es\/blog\/2017\/05\/hoteles-ecologicos-bosque\/alcatraz-umbria1\/#main'><img width=\"270\" height=\"200\" src=\"https:\/\/ecobnb.es\/blog\/app\/uploads\/sites\/6\/2016\/11\/Alcatraz-Umbr\u00eda1-270x200.jpeg\" class=\"attachment-thumbnail size-thumbnail\" alt=\"Alcatraz, en Umbr\u00eda\" \/><\/a>\n\t\t\t<\/dt><\/dl><dl class='gallery-item'>\n\t\t\t<dt class='gallery-icon landscape'>\n\t\t\t\t<a href='https:\/\/ecobnb.es\/blog\/2017\/05\/hoteles-ecologicos-bosque\/alcatraz-umbria2\/#main'><img width=\"270\" height=\"200\" src=\"https:\/\/ecobnb.es\/blog\/app\/uploads\/sites\/6\/2016\/11\/Alcatraz-Umbr\u00eda2-270x200.jpeg\" class=\"attachment-thumbnail size-thumbnail\" alt=\"Alcatraz, en Umbr\u00eda\" \/><\/a>\n\t\t\t<\/dt><\/dl><dl class='gallery-item'>\n\t\t\t<dt class='gallery-icon landscape'>\n\t\t\t\t<a href='https:\/\/ecobnb.es\/blog\/2017\/05\/hoteles-ecologicos-bosque\/alcatraz-umbria3\/#main'><img width=\"270\" height=\"200\" src=\"https:\/\/ecobnb.es\/blog\/app\/uploads\/sites\/6\/2016\/11\/Alcatraz-Umbr\u00eda3-270x200.jpeg\" class=\"attachment-thumbnail size-thumbnail\" alt=\"Alcatraz, en Umbr\u00eda\" \/><\/a>\n\t\t\t<\/dt><\/dl><br style=\"clear: both\" \/>\n\t\t<\/div>\n\n<p>Casitas y bungal\u00f3s colocadas al lado de la colina, un restaurante ecol\u00f3gico, olivos, dos piscinas, un huerto sin\u00e9rgico, un r\u00edo y mucho m\u00e1s: <a href=\"https:\/\/ecobnb.es\/IT-perugia\/farm-house\/libera-universita-di-alcatraz\/rxNkC\" target=\"_blank\">Alcatraz<\/a> es un lugar especial con cerca de cuatro millones de metros cuadrados de verde y 20 Km de traves\u00edas en el bosque. Se encuentra a poca distancia de la maravillosa ciudad de Gubbio (22 Km), Perugia (25 Km), As\u00eds (35 Km), Spello (42 Km). Es el lugar perfecto para unas vacaciones dedicadas al relax, para encontrar la armon\u00eda con la naturaleza y<strong> comer sano y biol\u00f3gico<\/strong>.<\/p>\n<h3>Tambi\u00e9n podr\u00edan interesarte:<\/h3>\n<h3><a class=\"featured\" href=\"https:\/\/ecobnb.es\/blog\/2016\/10\/verde-urbano-salud\/\">Verde urbano, nuestra salud depende de los \u00e1rboles<\/a><\/h3>\n<h3><a class=\"featured\" href=\"https:\/\/ecobnb.es\/blog\/2016\/10\/inteligencia-emocional-viajando\/\">Desarrollar nuestra inteligencia emocional viajando<\/a><\/h3>\n<h3><a class=\"featured\" href=\"https:\/\/ecobnb.es\/blog\/2016\/09\/caminar-bosque\/\">Caminar por el bosque previene los pensamientos negativos<\/a><\/h3>\n","protected":false},"excerpt":{"rendered":"<p>El silencio, la naturaleza salvaje, pisadas de animales: el bosque es un lugar m\u00e1gico, en el que cada paseo se vuelve una experiencia incre\u00edble. Pasar unas vacaciones en alojamientos ecol\u00f3gicos situados en lo m\u00e1s profundo del bosque y dormir rodeados de naturaleza nos redescubre, nos ayuda a encontrar un bienestar perdido, una profunda conexi\u00f3n con [&hellip;]<\/p>\n","protected":false},"author":62,"featured_media":1287,"comment_status":"closed","ping_status":"open","sticky":false,"template":"","format":"standard","meta":[],"categories":[40],"tags":[612,296,171,400,386,532,613,38,325,67,614,257,352],"acf":[],"yoast_head":"<!-- This site is optimized with the Yoast SEO plugin v19.9 - https:\/\/yoast.com\/wordpress\/plugins\/seo\/ -->\n<title>Alojamientos ecol\u00f3gicos para descubrir las maravillas del bosque - Ecobnb<\/title>\n<meta name=\"description\" content=\"Descubre los mejores alojamientos ecol\u00f3gicos inmersos en el bosque, para pasar unas vacaciones inolvidables en pleno contacto con la naturaleza.\" \/>\n<meta name=\"robots\" content=\"index, follow, max-snippet:-1, max-image-preview:large, max-video-preview:-1\" \/>\n<link rel=\"canonical\" href=\"https:\/\/ecobnb.es\/blog\/2017\/05\/hoteles-ecologicos-bosque\/\" \/>\n<meta property=\"og:locale\" content=\"es_ES\" \/>\n<meta property=\"og:type\" content=\"article\" \/>\n<meta property=\"og:title\" content=\"Alojamientos ecol\u00f3gicos para descubrir las maravillas del bosque - Ecobnb\" \/>\n<meta property=\"og:description\" content=\"Descubre los mejores alojamientos ecol\u00f3gicos inmersos en el bosque, para pasar unas vacaciones inolvidables en pleno contacto con la naturaleza.\" \/>\n<meta property=\"og:url\" content=\"https:\/\/ecobnb.es\/blog\/2017\/05\/hoteles-ecologicos-bosque\/\" \/>\n<meta property=\"og:site_name\" content=\"Ecobnb\" \/>\n<meta property=\"article:published_time\" content=\"2017-05-25T07:44:34+00:00\" \/>\n<meta property=\"article:modified_time\" content=\"2017-05-25T07:46:38+00:00\" \/>\n<meta property=\"og:image\" content=\"https:\/\/ecobnb.es\/blog\/app\/uploads\/sites\/6\/2016\/11\/Portada-bosque.jpeg\" \/>\n\t<meta property=\"og:image:width\" content=\"1170\" \/>\n\t<meta property=\"og:image:height\" content=\"490\" \/>\n\t<meta property=\"og:image:type\" content=\"image\/jpeg\" \/>\n<meta name=\"author\" content=\"Isabel Gaval\" \/>\n<meta name=\"twitter:card\" content=\"summary_large_image\" \/>\n<meta name=\"twitter:label1\" content=\"Written by\" \/>\n\t<meta name=\"twitter:data1\" content=\"Isabel Gaval\" \/>\n\t<meta name=\"twitter:label2\" content=\"Est. reading time\" \/>\n\t<meta name=\"twitter:data2\" content=\"5 minutes\" \/>\n<!-- \/ Yoast SEO plugin. -->","yoast_head_json":{"title":"Alojamientos ecol\u00f3gicos para descubrir las maravillas del bosque - Ecobnb","description":"Descubre los mejores alojamientos ecol\u00f3gicos inmersos en el bosque, para pasar unas vacaciones inolvidables en pleno contacto con la naturaleza.","robots":{"index":"index","follow":"follow","max-snippet":"max-snippet:-1","max-image-preview":"max-image-preview:large","max-video-preview":"max-video-preview:-1"},"canonical":"https:\/\/ecobnb.es\/blog\/2017\/05\/hoteles-ecologicos-bosque\/","og_locale":"es_ES","og_type":"article","og_title":"Alojamientos ecol\u00f3gicos para descubrir las maravillas del bosque - Ecobnb","og_description":"Descubre los mejores alojamientos ecol\u00f3gicos inmersos en el bosque, para pasar unas vacaciones inolvidables en pleno contacto con la naturaleza.","og_url":"https:\/\/ecobnb.es\/blog\/2017\/05\/hoteles-ecologicos-bosque\/","og_site_name":"Ecobnb","article_published_time":"2017-05-25T07:44:34+00:00","article_modified_time":"2017-05-25T07:46:38+00:00","og_image":[{"width":1170,"height":490,"url":"https:\/\/ecobnb.es\/blog\/app\/uploads\/sites\/6\/2016\/11\/Portada-bosque.jpeg","type":"image\/jpeg"}],"author":"Isabel Gaval","twitter_card":"summary_large_image","twitter_misc":{"Written by":"Isabel Gaval","Est. reading time":"5 minutes"},"schema":{"@context":"https:\/\/schema.org","@graph":[{"@type":"WebPage","@id":"https:\/\/ecobnb.es\/blog\/2017\/05\/hoteles-ecologicos-bosque\/","url":"https:\/\/ecobnb.es\/blog\/2017\/05\/hoteles-ecologicos-bosque\/","name":"Alojamientos ecol\u00f3gicos para descubrir las maravillas del bosque - Ecobnb","isPartOf":{"@id":"https:\/\/ecobnb.es\/blog\/#website"},"datePublished":"2017-05-25T07:44:34+00:00","dateModified":"2017-05-25T07:46:38+00:00","author":{"@id":"https:\/\/ecobnb.es\/blog\/#\/schema\/person\/328fbcbc31ff5918842f18633ac2c6fa"},"description":"Descubre los mejores alojamientos ecol\u00f3gicos inmersos en el bosque, para pasar unas vacaciones inolvidables en pleno contacto con la naturaleza.","breadcrumb":{"@id":"https:\/\/ecobnb.es\/blog\/2017\/05\/hoteles-ecologicos-bosque\/#breadcrumb"},"inLanguage":"es-ES","potentialAction":[{"@type":"ReadAction","target":["https:\/\/ecobnb.es\/blog\/2017\/05\/hoteles-ecologicos-bosque\/"]}]},{"@type":"BreadcrumbList","@id":"https:\/\/ecobnb.es\/blog\/2017\/05\/hoteles-ecologicos-bosque\/#breadcrumb","itemListElement":[{"@type":"ListItem","position":1,"name":"Home","item":"https:\/\/ecobnb.es\/blog\/"},{"@type":"ListItem","position":2,"name":"Alojamientos ecol\u00f3gicos para descubrir las maravillas del bosque"}]},{"@type":"WebSite","@id":"https:\/\/ecobnb.es\/blog\/#website","url":"https:\/\/ecobnb.es\/blog\/","name":"Ecobnb","description":"Find sustainable accommodation","potentialAction":[{"@type":"SearchAction","target":{"@type":"EntryPoint","urlTemplate":"https:\/\/ecobnb.es\/blog\/?s={search_term_string}"},"query-input":"required name=search_term_string"}],"inLanguage":"es-ES"},{"@type":"Person","@id":"https:\/\/ecobnb.es\/blog\/#\/schema\/person\/328fbcbc31ff5918842f18633ac2c6fa","name":"Isabel Gaval","image":{"@type":"ImageObject","inLanguage":"es-ES","@id":"https:\/\/ecobnb.es\/blog\/#\/schema\/person\/image\/","url":"https:\/\/secure.gravatar.com\/avatar\/202916cf62cc2b37edf5a28f71bab540?s=96&d=monsterid&r=g","contentUrl":"https:\/\/secure.gravatar.com\/avatar\/202916cf62cc2b37edf5a28f71bab540?s=96&d=monsterid&r=g","caption":"Isabel Gaval"},"description":"Trips, literature and the different languages and cultures which exist inspire me. I\u2019ve studied a degree in Translation, and then I\u2019ve decided to use my knowledge to work in sustainable tourism all around the planet. Professional traveller, always looking for sustainability, I\u2019ve decided to explore the planet and, all together, make our best for improving it.","url":"https:\/\/ecobnb.es\/blog\/author\/isabel\/"}]}},"_links":{"self":[{"href":"https:\/\/ecobnb.es\/blog\/wp-json\/wp\/v2\/posts\/1286"}],"collection":[{"href":"https:\/\/ecobnb.es\/blog\/wp-json\/wp\/v2\/posts"}],"about":[{"href":"https:\/\/ecobnb.es\/blog\/wp-json\/wp\/v2\/types\/post"}],"author":[{"embeddable":true,"href":"https:\/\/ecobnb.es\/blog\/wp-json\/wp\/v2\/users\/62"}],"replies":[{"embeddable":true,"href":"https:\/\/ecobnb.es\/blog\/wp-json\/wp\/v2\/comments?post=1286"}],"version-history":[{"count":9,"href":"https:\/\/ecobnb.es\/blog\/wp-json\/wp\/v2\/posts\/1286\/revisions"}],"predecessor-version":[{"id":1337,"href":"https:\/\/ecobnb.es\/blog\/wp-json\/wp\/v2\/posts\/1286\/revisions\/1337"}],"wp:featuredmedia":[{"embeddable":true,"href":"https:\/\/ecobnb.es\/blog\/wp-json\/wp\/v2\/media\/1287"}],"wp:attachment":[{"href":"https:\/\/ecobnb.es\/blog\/wp-json\/wp\/v2\/media?parent=1286"}],"wp:term":[{"taxonomy":"category","embeddable":true,"href":"https:\/\/ecobnb.es\/blog\/wp-json\/wp\/v2\/categories?post=1286"},{"taxonomy":"post_tag","embeddable":true,"href":"https:\/\/ecobnb.es\/blog\/wp-json\/wp\/v2\/tags?post=1286"}],"curies":[{"name":"wp","href":"https:\/\/api.w.org\/{rel}","templated":true}]}}