{"id":1252,"date":"2020-01-25T08:00:01","date_gmt":"2020-01-25T08:00:01","guid":{"rendered":"https:\/\/ecobnb.es\/blog\/?p=1252"},"modified":"2021-07-13T14:45:20","modified_gmt":"2021-07-13T14:45:20","slug":"rutas-raquetas-nieve-italia","status":"publish","type":"post","link":"https:\/\/ecobnb.es\/blog\/2020\/01\/rutas-raquetas-nieve-italia\/","title":{"rendered":"5 Alucinantes Rutas con Raquetas de Nieve en Italia"},"content":{"rendered":"<p><strong>Las raquetas de nieve<\/strong> probablemente se inventaron en Canad\u00e1, en tiempos muy lejanos, tal vez ya en el 6000 aC. Desde entonces los habitantes\u00a0de las zonas \u00e1rticas los utilizaron para moverse por los pueblos de las monta\u00f1as asi\u00e1ticas, para cazar y\u00a0para recoger le\u00f1a en los Alpes.<\/p>\n<p>Hoy en d\u00eda\u00a0las raquetas de nieve ya no est\u00e1n hechas de madera, sino de metal y pl\u00e1stico y son una <strong>alternativa m\u00e1s verde<\/strong> a otros deportes de invierno como el esqu\u00ed. El senderismo de invierno con raquetas de nieve te permitir\u00e1 descubrir la naturaleza de la manera m\u00e1s aut\u00e9ntica: caminar en el bosque rodeado de \u00e1rboles cubiertos de nieve, por un <strong>paisaje de cuento de hadas<\/strong> escuchando\u00a0el silencio del invierno. Estas son experiencias \u00fanicas que deber\u00edas hacer al menos una vez en la vida.<\/p>\n<p>Adem\u00e1s, es f\u00e1cil de aprender y apto para todos. Incluso los menos atl\u00e9ticos, los ni\u00f1os y los ancianos podr\u00e1n disfrutar plenamente de la<strong> monta\u00f1a<\/strong> con paseos maravillosos.<\/p>\n<p>\u00a1Descubre las <strong>5 rutas<\/strong> que hemos seleccionado para ti!<\/p>\n<h2>1. Las vistas del valle de Funes (Tirol del Sur)<\/h2>\n<p>Estamos en Tirol del Sur, en una de las zonas <strong>menos contaminadas<\/strong>. El itinerario comienza desde Malga Zannes, a 1686 metros sobre el nivel del mar, a lo largo de una amplia <strong>pista forestal<\/strong>. La primera parte de la ruta es adecuada para todos, las se\u00f1ales son claras y la subida no es demasiado empinada. Entramos en el bosque hasta llegar a los pastos de Malga Gampen, estamos a 2062 metros sobre el nivel del mar. Esta parte la sugerimos s\u00f3lo a aquellos que tienen alguna experiencia en las monta\u00f1as. Dejando el pasto a la izquierda nos dirigimos al Refugio de Genvoa, ubicado en el centro de la ladera. Ya estamos a 2340 metros sobre el nivel del mar y s\u00f3lo queda el \u00faltimo tramo para llegar al paso de Poma; Desde aqu\u00ed las vistas sobre la <strong>cadena de Geisler Funes<\/strong> son verdaderamente impresionantes.<\/p>\n<p><strong>D\u00f3nde alojarse:<\/strong> a\u00a0los pies de los Dolomitas, declaradas Patrimonio de la Humanidad por la UNESCO, en el borde de un bosque id\u00edlico, hay <a href=\"https:\/\/ecobnb.es\/IT-bolzano\/apartment\/appartamento-schatzer\/FBz8K\" target=\"_blank\" rel=\"noopener\">apartamentos ecol\u00f3gicos y luminosos<\/a>, amueblados con muebles de madera.<\/p>\n<p><strong>Datos curiosos:<\/strong> Peter, el propietario, es, entre otras cosas, un instructor de esqu\u00ed y gu\u00eda para excursiones y \u00e9l mismo puede recomendar otros paseos en los que, a petici\u00f3n,\u00a0le acompa\u00f1ar\u00e1.<\/p>\n<p><a href=\"https:\/\/ecobnb.es\/blog\/app\/uploads\/sites\/6\/2016\/11\/Odle-de-Funes.jpg\"><img class=\"size-full wp-image-1263 alignleft\" src=\"https:\/\/ecobnb.es\/blog\/app\/uploads\/sites\/6\/2016\/11\/Odle-de-Funes.jpg\" alt=\"Las vistas del valle de Funes\" width=\"870\" height=\"490\" srcset=\"https:\/\/ecobnb.es\/blog\/app\/uploads\/sites\/6\/2016\/11\/Odle-de-Funes.jpg 870w, https:\/\/ecobnb.es\/blog\/app\/uploads\/sites\/6\/2016\/11\/Odle-de-Funes-536x302.jpg 536w, https:\/\/ecobnb.es\/blog\/app\/uploads\/sites\/6\/2016\/11\/Odle-de-Funes-570x320.jpg 570w, https:\/\/ecobnb.es\/blog\/app\/uploads\/sites\/6\/2016\/11\/Odle-de-Funes-344x194.jpg 344w\" sizes=\"(max-width: 870px) 100vw, 870px\" \/><\/a><\/p>\n\n\t\t<style type=\"text\/css\">\n\t\t\t#gallery-1 {\n\t\t\t\tmargin: auto;\n\t\t\t}\n\t\t\t#gallery-1 .gallery-item {\n\t\t\t\tfloat: left;\n\t\t\t\tmargin-top: 10px;\n\t\t\t\ttext-align: center;\n\t\t\t\twidth: 33%;\n\t\t\t}\n\t\t\t#gallery-1 img {\n\t\t\t\tborder: 2px solid #cfcfcf;\n\t\t\t}\n\t\t\t#gallery-1 .gallery-caption {\n\t\t\t\tmargin-left: 0;\n\t\t\t}\n\t\t\t\/* see gallery_shortcode() in wp-includes\/media.php *\/\n\t\t<\/style>\n\t\t<div id='gallery-1' class='gallery galleryid-1252 gallery-columns-3 gallery-size-thumbnail'><dl class='gallery-item'>\n\t\t\t<dt class='gallery-icon landscape'>\n\t\t\t\t<a href='https:\/\/ecobnb.es\/blog\/2020\/01\/rutas-raquetas-nieve-italia\/val-di-funes-alto-adigeappartamento-schatzer-della\/#main'><img width=\"270\" height=\"200\" src=\"https:\/\/ecobnb.es\/blog\/app\/uploads\/sites\/6\/2016\/11\/Val-di-Funes-Alto-AdigeAppartamento-Schatzer\u201d-della--270x200.jpg\" class=\"attachment-thumbnail size-thumbnail\" alt=\"Valle de Funes\" \/><\/a>\n\t\t\t<\/dt><\/dl><dl class='gallery-item'>\n\t\t\t<dt class='gallery-icon landscape'>\n\t\t\t\t<a href='https:\/\/ecobnb.es\/blog\/2020\/01\/rutas-raquetas-nieve-italia\/valle-de-funes-habitacion\/#main'><img width=\"270\" height=\"200\" src=\"https:\/\/ecobnb.es\/blog\/app\/uploads\/sites\/6\/2016\/11\/valle-de-funes-habitacion-270x200.jpeg\" class=\"attachment-thumbnail size-thumbnail\" alt=\"Habitaci\u00f3n en casa del valle de Funes\" \/><\/a>\n\t\t\t<\/dt><\/dl><dl class='gallery-item'>\n\t\t\t<dt class='gallery-icon landscape'>\n\t\t\t\t<a href='https:\/\/ecobnb.es\/blog\/2020\/01\/rutas-raquetas-nieve-italia\/valle-de-funes-panoramica_odle_dolomiti_001mtl\/#main'><img width=\"270\" height=\"200\" src=\"https:\/\/ecobnb.es\/blog\/app\/uploads\/sites\/6\/2016\/11\/valle-de-Funes-panoramica_odle_dolomiti_001mtl-270x200.jpg\" class=\"attachment-thumbnail size-thumbnail\" alt=\"Panor\u00e1mica del valle de Funes\" \/><\/a>\n\t\t\t<\/dt><\/dl><br style=\"clear: both\" \/>\n\t\t<\/div>\n\n<p>&nbsp;<\/p>\n<h2>2. Un balc\u00f3n con una vista de 360\u00ba en tus raquetas de nieve (V\u00e9neto)<\/h2>\n<p>Nos movemos en Veneto para alcanzar la cima del <strong>Monte Rito<\/strong>. Desde Forno di Zoldo, subimos hacia el paso de Cibiana, parando en Quattro Tabi\u00e0. Desde aqu\u00ed seguimos el sendero n\u00ba 494 que nos lleva a un hermoso <strong>bosque<\/strong>. Llegamos a la bifurcaci\u00f3n de Valle Inferna y continuamos por el sendero n\u00ba 478 que nos llevar\u00e1 a la cima. En este punto, se sube bastante r\u00e1pido hasta la horquilla Deona, a 2053 metros. La escena comienza a abrirse y podemos admirar el Valle Boite y el Monte Pelmo. En la parte superior encontramos ante nuestros ojos una vista \u00fanica: un verdadero balc\u00f3n de las <strong>Dolomitas<\/strong> que nos permite admirar el Antelao, Val Boite, Sorapiss, M. Pelmo, Marmolada, Croda da Lago y la cuenca Cortina.<\/p>\n<p><strong>D\u00f3nde alojarse:<\/strong> justo en Forno di Zoldo se encuentra el <a href=\"https:\/\/ecobnb.es\/IT-belluno\/bed-breakfast\/dormi-e-disna\/z0rbc\" target=\"_blank\" rel=\"noopener\">B&amp;B Dorm\u00ec e Disn\u00e0<\/a>, una antigua casa de monta\u00f1a del a\u00f1o 1700 hecha de madera y piedra restaurada seg\u00fan los criterios de la arquitectura ecol\u00f3gica.<\/p>\n<p><strong>Datos curiosos:<\/strong> durante la Primera Guerra Mundial el ej\u00e9rcito italiano, por su posici\u00f3n panor\u00e1mica, eligi\u00f3 el Monte Rite como fortaleza de artiller\u00eda. A d\u00eda de hoy\u00a0la Fortaleza ha sido restaurada y alberga el Museo de la Monta\u00f1a Messner (the Messner Mountain Museum), tambi\u00e9n conocido como el Museo de las nubes.<\/p>\n<p><a href=\"https:\/\/ecobnb.es\/blog\/app\/uploads\/sites\/6\/2016\/11\/Un-balc\u00f3n-con-360\u00ba-en-V\u00e9neto.jpg\"><img class=\"alignnone size-full wp-image-1268\" src=\"https:\/\/ecobnb.es\/blog\/app\/uploads\/sites\/6\/2016\/11\/Un-balc\u00f3n-con-360\u00ba-en-V\u00e9neto.jpg\" alt=\"Un balc\u00f3n con 360\u00ba en V\u00e9neto\" width=\"870\" height=\"490\" srcset=\"https:\/\/ecobnb.es\/blog\/app\/uploads\/sites\/6\/2016\/11\/Un-balc\u00f3n-con-360\u00ba-en-V\u00e9neto.jpg 870w, https:\/\/ecobnb.es\/blog\/app\/uploads\/sites\/6\/2016\/11\/Un-balc\u00f3n-con-360\u00ba-en-V\u00e9neto-536x302.jpg 536w, https:\/\/ecobnb.es\/blog\/app\/uploads\/sites\/6\/2016\/11\/Un-balc\u00f3n-con-360\u00ba-en-V\u00e9neto-570x320.jpg 570w, https:\/\/ecobnb.es\/blog\/app\/uploads\/sites\/6\/2016\/11\/Un-balc\u00f3n-con-360\u00ba-en-V\u00e9neto-344x194.jpg 344w\" sizes=\"(max-width: 870px) 100vw, 870px\" \/><\/a><\/p>\n\n\t\t<style type=\"text\/css\">\n\t\t\t#gallery-2 {\n\t\t\t\tmargin: auto;\n\t\t\t}\n\t\t\t#gallery-2 .gallery-item {\n\t\t\t\tfloat: left;\n\t\t\t\tmargin-top: 10px;\n\t\t\t\ttext-align: center;\n\t\t\t\twidth: 33%;\n\t\t\t}\n\t\t\t#gallery-2 img {\n\t\t\t\tborder: 2px solid #cfcfcf;\n\t\t\t}\n\t\t\t#gallery-2 .gallery-caption {\n\t\t\t\tmargin-left: 0;\n\t\t\t}\n\t\t\t\/* see gallery_shortcode() in wp-includes\/media.php *\/\n\t\t<\/style>\n\t\t<div id='gallery-2' class='gallery galleryid-1252 gallery-columns-3 gallery-size-thumbnail'><dl class='gallery-item'>\n\t\t\t<dt class='gallery-icon landscape'>\n\t\t\t\t<a href='https:\/\/ecobnb.es\/blog\/2020\/01\/rutas-raquetas-nieve-italia\/veneto\/#main'><img width=\"270\" height=\"200\" src=\"https:\/\/ecobnb.es\/blog\/app\/uploads\/sites\/6\/2016\/11\/V\u00e9neto-270x200.jpeg\" class=\"attachment-thumbnail size-thumbnail\" alt=\"Casa rural en V\u00e9neto\" \/><\/a>\n\t\t\t<\/dt><\/dl><dl class='gallery-item'>\n\t\t\t<dt class='gallery-icon landscape'>\n\t\t\t\t<a href='https:\/\/ecobnb.es\/blog\/2020\/01\/rutas-raquetas-nieve-italia\/veneto-museo-de-las-nubes\/#main'><img width=\"270\" height=\"200\" src=\"https:\/\/ecobnb.es\/blog\/app\/uploads\/sites\/6\/2016\/11\/V\u00e9neto-museo-de-las-nubes-270x200.jpg\" class=\"attachment-thumbnail size-thumbnail\" alt=\"Museo de las nubes en V\u00e9neto\" \/><\/a>\n\t\t\t<\/dt><\/dl><dl class='gallery-item'>\n\t\t\t<dt class='gallery-icon landscape'>\n\t\t\t\t<a href='https:\/\/ecobnb.es\/blog\/2020\/01\/rutas-raquetas-nieve-italia\/veneto1\/#main'><img width=\"270\" height=\"200\" src=\"https:\/\/ecobnb.es\/blog\/app\/uploads\/sites\/6\/2016\/11\/V\u00e9neto1-270x200.jpeg\" class=\"attachment-thumbnail size-thumbnail\" alt=\"Una habitaci\u00f3n en V\u00e9neto\" \/><\/a>\n\t\t\t<\/dt><\/dl><br style=\"clear: both\" \/>\n\t\t<\/div>\n\n<p>&nbsp;<\/p>\n<h2>3. En el Rastro de Leyendas (Trentino)<\/h2>\n<p>Desde Vigo di Fassa tomamos el <strong>telef\u00e9rico<\/strong> con las raquetas de nieve en la mano. Tardaremos 10 minutos en llegar a Ciampedie. Desde la llegada del telesilla nos mantendremos a la derecha y continuaremos\u00a0por un sendero empinado hacia abajo, hacia Pian Pecei. Las vistas del Rosengarten, el Vajolet y Larsec son realmente espectaculares y parece un<strong> lugar verdaderamente m\u00e1gico<\/strong>, fuera de contacto.<\/p>\n<p><strong>D\u00f3nde alojarse:<\/strong> en\u00a0Vigo di Fassa el<a href=\"https:\/\/ecobnb.es\/IT-trento\/hotel\/active-olympic\/zvBSb\" target=\"_blank\" rel=\"noopener\"> Active Hotel Olympic <\/a>te espera con bonitas\u00a0habitaciones, cocina gourmet y una zona de spa incre\u00edble. \u00a1Y todo est\u00e1 en armon\u00eda con la naturaleza!<\/p>\n<p><strong>Datos curiosos:<\/strong> la ruta se llama Rastro de leyendas y las se\u00f1ales del Rey Laurin, durante su paseo, te contar\u00e1n historias sobre el mundo encantado de su reinado y las<strong> seis leyendas<\/strong> que animan estos lugares.<\/p>\n<p><a href=\"https:\/\/ecobnb.es\/blog\/app\/uploads\/sites\/6\/2016\/11\/Leyendas-Trentino.jpg\"><img class=\"alignnone wp-image-1272 size-full\" src=\"https:\/\/ecobnb.es\/blog\/app\/uploads\/sites\/6\/2016\/11\/Leyendas-Trentino.jpg\" alt=\"Rastro de Leyendas Trentino\" width=\"870\" height=\"490\" srcset=\"https:\/\/ecobnb.es\/blog\/app\/uploads\/sites\/6\/2016\/11\/Leyendas-Trentino.jpg 870w, https:\/\/ecobnb.es\/blog\/app\/uploads\/sites\/6\/2016\/11\/Leyendas-Trentino-536x302.jpg 536w, https:\/\/ecobnb.es\/blog\/app\/uploads\/sites\/6\/2016\/11\/Leyendas-Trentino-570x320.jpg 570w, https:\/\/ecobnb.es\/blog\/app\/uploads\/sites\/6\/2016\/11\/Leyendas-Trentino-344x194.jpg 344w\" sizes=\"(max-width: 870px) 100vw, 870px\" \/><\/a><\/p>\n\n\t\t<style type=\"text\/css\">\n\t\t\t#gallery-3 {\n\t\t\t\tmargin: auto;\n\t\t\t}\n\t\t\t#gallery-3 .gallery-item {\n\t\t\t\tfloat: left;\n\t\t\t\tmargin-top: 10px;\n\t\t\t\ttext-align: center;\n\t\t\t\twidth: 33%;\n\t\t\t}\n\t\t\t#gallery-3 img {\n\t\t\t\tborder: 2px solid #cfcfcf;\n\t\t\t}\n\t\t\t#gallery-3 .gallery-caption {\n\t\t\t\tmargin-left: 0;\n\t\t\t}\n\t\t\t\/* see gallery_shortcode() in wp-includes\/media.php *\/\n\t\t<\/style>\n\t\t<div id='gallery-3' class='gallery galleryid-1252 gallery-columns-3 gallery-size-thumbnail'><dl class='gallery-item'>\n\t\t\t<dt class='gallery-icon landscape'>\n\t\t\t\t<a href='https:\/\/ecobnb.es\/blog\/2020\/01\/rutas-raquetas-nieve-italia\/trentino-malga-suite-1024x681\/#main'><img width=\"270\" height=\"200\" src=\"https:\/\/ecobnb.es\/blog\/app\/uploads\/sites\/6\/2016\/11\/Trentino-malga-suite-1024x681-270x200.jpg\" class=\"attachment-thumbnail size-thumbnail\" alt=\"Maga suite en Trentino\" \/><\/a>\n\t\t\t<\/dt><\/dl><dl class='gallery-item'>\n\t\t\t<dt class='gallery-icon landscape'>\n\t\t\t\t<a href='https:\/\/ecobnb.es\/blog\/2020\/01\/rutas-raquetas-nieve-italia\/trentino-leggenda-lago-dantermoia\/#main'><img width=\"270\" height=\"200\" src=\"https:\/\/ecobnb.es\/blog\/app\/uploads\/sites\/6\/2016\/11\/Trentino-Leggenda-Lago-dAntermoia-270x200.jpg\" class=\"attachment-thumbnail size-thumbnail\" alt=\"Leyenda del Lago de Antermoia\" \/><\/a>\n\t\t\t<\/dt><\/dl><dl class='gallery-item'>\n\t\t\t<dt class='gallery-icon landscape'>\n\t\t\t\t<a href='https:\/\/ecobnb.es\/blog\/2020\/01\/rutas-raquetas-nieve-italia\/trentino-gelato1-1024x6811\/#main'><img width=\"270\" height=\"200\" src=\"https:\/\/ecobnb.es\/blog\/app\/uploads\/sites\/6\/2016\/11\/Trentino-gelato1-1024x6811-270x200.jpg\" class=\"attachment-thumbnail size-thumbnail\" alt=\"Un helado en Trentino\" \/><\/a>\n\t\t\t<\/dt><\/dl><br style=\"clear: both\" \/>\n\t\t<\/div>\n\n<h2>4.\u00a0Hacia los pastos de Berrier (Valle de Aosta)<\/h2>\n<p>Un <strong>valle<\/strong> completamente cubierto de nieve nos da la bienvenida con el tradicional e id\u00edlico <strong>silencio invernal<\/strong>. Estamos en Valpelline,\u00a0un conocido resort del Valle de Aosta. Empezamos desde Chez des Chenaux, aldea de Bionaz. Nos dirigimos hacia el oeste en una carretera cubierta de nieve. En 45 minutos llegamos a <strong>Grand Rond<\/strong>, que ya ofrece una hermosa vista del valle. Salimos de la pista para aventurarnos en el bosque por una pendiente. Pronto encontramos el sendero que nos conduce cerca del arroyo Moulin. Giramos a la derecha siguiendo la pista y delante de nosotros vemos el <strong>Alpe Berrier<\/strong>. Vamos directamente al pasto que ofrece unas <strong>vistas impresionantes<\/strong> de la Becca de Luseney.<\/p>\n<p><strong>D\u00f3nde alojarse:<\/strong>\u00a0a un corto paseo del punto de partida de nuestro viaje, encontramos el <a href=\"https:\/\/ecobnb.es\/IT-aosta\/bed-breakfast\/alpe-rebelle\/MFjXb\" target=\"_blank\" rel=\"noopener\">B&amp;B ecol\u00f3gico Alpe Rebelle<\/a>. Daniel Pellier, el propietario, lo describe as\u00ed: &#8220;<em>elegimos renovar la casa de los abuelos para abrir un negocio en el <strong>valle m\u00e1s salvaje del Valle de Aosta<\/strong>, el \u00fanico sin ascensores y distante de las influencias del turismo de masas. Era l\u00f3gico crear un alojamiento que se integrase bien con el entorno natural que lo rodea<\/em> &#8220;. Descubre el techo con vigas de madera en las habitaciones y degusta los sabores t\u00edpicos de Valpelline.<\/p>\n<p><strong>Datos curiosos:<\/strong> la zona\u00a0que rodea el chalet \u00a0te da la oportunidad de observar\u00a0cabras salvajes, <strong>\u00e1guilas<\/strong>, gamuzas y <strong>marmotas<\/strong>.<\/p>\n<p><a href=\"https:\/\/ecobnb.es\/blog\/app\/uploads\/sites\/6\/2016\/11\/pastos-de-Berrier-Alpes.jpg\"><img class=\"size-large wp-image-1276 aligncenter\" src=\"https:\/\/ecobnb.es\/blog\/app\/uploads\/sites\/6\/2016\/11\/pastos-de-Berrier-Alpes-760x490.jpg\" alt=\"Los Alpes\" width=\"760\" height=\"490\" srcset=\"https:\/\/ecobnb.es\/blog\/app\/uploads\/sites\/6\/2016\/11\/pastos-de-Berrier-Alpes.jpg 760w, https:\/\/ecobnb.es\/blog\/app\/uploads\/sites\/6\/2016\/11\/pastos-de-Berrier-Alpes-536x346.jpg 536w, https:\/\/ecobnb.es\/blog\/app\/uploads\/sites\/6\/2016\/11\/pastos-de-Berrier-Alpes-344x222.jpg 344w\" sizes=\"(max-width: 760px) 100vw, 760px\" \/><\/a><\/p>\n\n\t\t<style type=\"text\/css\">\n\t\t\t#gallery-4 {\n\t\t\t\tmargin: auto;\n\t\t\t}\n\t\t\t#gallery-4 .gallery-item {\n\t\t\t\tfloat: left;\n\t\t\t\tmargin-top: 10px;\n\t\t\t\ttext-align: center;\n\t\t\t\twidth: 33%;\n\t\t\t}\n\t\t\t#gallery-4 img {\n\t\t\t\tborder: 2px solid #cfcfcf;\n\t\t\t}\n\t\t\t#gallery-4 .gallery-caption {\n\t\t\t\tmargin-left: 0;\n\t\t\t}\n\t\t\t\/* see gallery_shortcode() in wp-includes\/media.php *\/\n\t\t<\/style>\n\t\t<div id='gallery-4' class='gallery galleryid-1252 gallery-columns-3 gallery-size-thumbnail'><dl class='gallery-item'>\n\t\t\t<dt class='gallery-icon landscape'>\n\t\t\t\t<a href='https:\/\/ecobnb.es\/blog\/2020\/01\/rutas-raquetas-nieve-italia\/valle-aosta\/#main'><img width=\"270\" height=\"200\" src=\"https:\/\/ecobnb.es\/blog\/app\/uploads\/sites\/6\/2016\/11\/Valle-Aosta-270x200.jpeg\" class=\"attachment-thumbnail size-thumbnail\" alt=\"Una casa en el valle Aosta\" \/><\/a>\n\t\t\t<\/dt><\/dl><dl class='gallery-item'>\n\t\t\t<dt class='gallery-icon landscape'>\n\t\t\t\t<a href='https:\/\/ecobnb.es\/blog\/2020\/01\/rutas-raquetas-nieve-italia\/valle-aosta-1\/#main'><img width=\"270\" height=\"200\" src=\"https:\/\/ecobnb.es\/blog\/app\/uploads\/sites\/6\/2016\/11\/Valle-Aosta-1-270x200.jpeg\" class=\"attachment-thumbnail size-thumbnail\" alt=\"Raquetas de nieve en el valle Aosta\" \/><\/a>\n\t\t\t<\/dt><\/dl><dl class='gallery-item'>\n\t\t\t<dt class='gallery-icon landscape'>\n\t\t\t\t<a href='https:\/\/ecobnb.es\/blog\/2020\/01\/rutas-raquetas-nieve-italia\/valle-aosta-2\/#main'><img width=\"270\" height=\"200\" src=\"https:\/\/ecobnb.es\/blog\/app\/uploads\/sites\/6\/2016\/11\/Valle-Aosta-2-270x200.jpeg\" class=\"attachment-thumbnail size-thumbnail\" alt=\"Valle Aosta\" \/><\/a>\n\t\t\t<\/dt><\/dl><br style=\"clear: both\" \/>\n\t\t<\/div>\n\n<h2>5. Entre raquetas de nieve, bosques e incre\u00edbles\u00a0vistas (Piamonte)<\/h2>\n<p>Un itinerario perfecto para los que prueban las raquetas por primera vez se sit\u00faa en el <strong>Valle Maira,<\/strong> a la conquista de la Costa Chiggia. Partimos\u00a0de la iglesia parroquial de la aldea de <strong>Marmora<\/strong>, siguiendo el camino nevado que sube hacia los alerces. Siguiendo el camino entramos en el bosque que nos conduce cerca de la iglesia de San Teodoro, donde podemos admirar el Monviso. Continuamos hacia la derecha en el lado oeste de la Costa Chiggia. En 1978 metros encontramos una caba\u00f1a, en la entrada debajo del Monte Buch. Continuamos hacia adelante y los \u00e1rboles empiezan a desaparecer, dando lugar a unas<strong> incre\u00edbles vistas<\/strong>. Encontramos un refugio y continuamos hacia el sur, llegando a la cima de la <strong>Costa Chiggia<\/strong>. A\u00a0lo lejos podr\u00e1s ver los picos de Tilbert y Piovosa y el Monte Giobert.<\/p>\n<p><strong>D\u00f3nde alojarse:<\/strong> un antiguo pueblo de Marmora, Sagna Rotonda, cobr\u00f3 nueva vida. Giovanni y su esposa han renovado los chalets de una manera respetuosa con el medioambiente y lo han convertido en el hermoso <strong><em>Albergo Diffuso<\/em><\/strong>. As\u00ed naci\u00f3 la <a href=\"https:\/\/ecobnb.es\/IT-cuneo\/albergo-diffuso\/borgata-sagna-rotonda\/GlNDT\" target=\"_blank\" rel=\"noopener\">Ecovillage Sagna Rotonda<\/a>, con energ\u00eda verde al 100% y un peque\u00f1o restaurante.<\/p>\n<p><strong>Datos curiosos:<\/strong>\u00a0\u00a1en invierno hasta el \u00faltimo kil\u00f3metro para llegar a la Ecoaldea est\u00e1 lleno de nieve! El tramo de carretera no est\u00e1 despejado. Te llevar\u00e1n el\u00a0equipaje con motos de nieve, y t\u00fa continuar\u00e1s\u00a0tu camino con raquetas de nieve (se pueden alquilar). \u00a1Experimenta la<strong> aut\u00e9ntica vida de monta\u00f1a<\/strong>!<\/p>\n<p><a href=\"https:\/\/ecobnb.es\/blog\/app\/uploads\/sites\/6\/2016\/11\/Piamonte-Bosques-e-incre\u00edbles-vistas.jpg\"><img class=\"alignnone size-full wp-image-1280\" src=\"https:\/\/ecobnb.es\/blog\/app\/uploads\/sites\/6\/2016\/11\/Piamonte-Bosques-e-incre\u00edbles-vistas.jpg\" alt=\"Bosques e incre\u00edbles vistas en Piamonte\" width=\"870\" height=\"490\" srcset=\"https:\/\/ecobnb.es\/blog\/app\/uploads\/sites\/6\/2016\/11\/Piamonte-Bosques-e-incre\u00edbles-vistas.jpg 870w, https:\/\/ecobnb.es\/blog\/app\/uploads\/sites\/6\/2016\/11\/Piamonte-Bosques-e-incre\u00edbles-vistas-536x302.jpg 536w, https:\/\/ecobnb.es\/blog\/app\/uploads\/sites\/6\/2016\/11\/Piamonte-Bosques-e-incre\u00edbles-vistas-570x320.jpg 570w, https:\/\/ecobnb.es\/blog\/app\/uploads\/sites\/6\/2016\/11\/Piamonte-Bosques-e-incre\u00edbles-vistas-344x194.jpg 344w\" sizes=\"(max-width: 870px) 100vw, 870px\" \/><\/a><\/p>\n\n\t\t<style type=\"text\/css\">\n\t\t\t#gallery-5 {\n\t\t\t\tmargin: auto;\n\t\t\t}\n\t\t\t#gallery-5 .gallery-item {\n\t\t\t\tfloat: left;\n\t\t\t\tmargin-top: 10px;\n\t\t\t\ttext-align: center;\n\t\t\t\twidth: 33%;\n\t\t\t}\n\t\t\t#gallery-5 img {\n\t\t\t\tborder: 2px solid #cfcfcf;\n\t\t\t}\n\t\t\t#gallery-5 .gallery-caption {\n\t\t\t\tmargin-left: 0;\n\t\t\t}\n\t\t\t\/* see gallery_shortcode() in wp-includes\/media.php *\/\n\t\t<\/style>\n\t\t<div id='gallery-5' class='gallery galleryid-1252 gallery-columns-3 gallery-size-thumbnail'><dl class='gallery-item'>\n\t\t\t<dt class='gallery-icon landscape'>\n\t\t\t\t<a href='https:\/\/ecobnb.es\/blog\/2020\/01\/rutas-raquetas-nieve-italia\/piamonte-2\/#main'><img width=\"270\" height=\"200\" src=\"https:\/\/ecobnb.es\/blog\/app\/uploads\/sites\/6\/2016\/11\/Piamonte-270x200.jpeg\" class=\"attachment-thumbnail size-thumbnail\" alt=\"Una casa en Piamonte\" \/><\/a>\n\t\t\t<\/dt><\/dl><dl class='gallery-item'>\n\t\t\t<dt class='gallery-icon landscape'>\n\t\t\t\t<a href='https:\/\/ecobnb.es\/blog\/2020\/01\/rutas-raquetas-nieve-italia\/piamonte1-2\/#main'><img width=\"270\" height=\"200\" src=\"https:\/\/ecobnb.es\/blog\/app\/uploads\/sites\/6\/2016\/11\/Piamonte1-270x200.jpeg\" class=\"attachment-thumbnail size-thumbnail\" alt=\"Un paseo en la nieve de Piamonte\" \/><\/a>\n\t\t\t<\/dt><\/dl><dl class='gallery-item'>\n\t\t\t<dt class='gallery-icon landscape'>\n\t\t\t\t<a href='https:\/\/ecobnb.es\/blog\/2020\/01\/rutas-raquetas-nieve-italia\/piamonte2\/#main'><img width=\"270\" height=\"200\" src=\"https:\/\/ecobnb.es\/blog\/app\/uploads\/sites\/6\/2016\/11\/Piamonte2-270x200.png\" class=\"attachment-thumbnail size-thumbnail\" alt=\"\" \/><\/a>\n\t\t\t<\/dt><\/dl><br style=\"clear: both\" \/>\n\t\t<\/div>\n\n","protected":false},"excerpt":{"rendered":"<p>Las raquetas de nieve probablemente se inventaron en Canad\u00e1, en tiempos muy lejanos, tal vez ya en el 6000 aC. Desde entonces los habitantes\u00a0de las zonas \u00e1rticas los utilizaron para moverse por los pueblos de las monta\u00f1as asi\u00e1ticas, para cazar y\u00a0para recoger le\u00f1a en los Alpes. Hoy en d\u00eda\u00a0las raquetas de nieve ya no est\u00e1n [&hellip;]<\/p>\n","protected":false},"author":62,"featured_media":1262,"comment_status":"closed","ping_status":"open","sticky":false,"template":"","format":"standard","meta":[],"categories":[92,222],"tags":[432,33,38,483,6,607,67,7,1368,609,610,608],"acf":[],"yoast_head":"<!-- This site is optimized with the Yoast SEO plugin v19.9 - https:\/\/yoast.com\/wordpress\/plugins\/seo\/ -->\n<title>5 Alucinantes Rutas con Raquetas de Nieve en Italia - Ecobnb<\/title>\n<meta name=\"description\" content=\"Las raquetas de nieve te permitir\u00e1n disfrutar de la aut\u00e9ntica naturaleza de una forma m\u00e1s ecol\u00f3gica. Descubre 5 itinerarios con raquetas de nieve en Italia.\" \/>\n<meta name=\"robots\" content=\"index, follow, max-snippet:-1, max-image-preview:large, max-video-preview:-1\" \/>\n<link rel=\"canonical\" href=\"https:\/\/ecobnb.es\/blog\/2020\/01\/rutas-raquetas-nieve-italia\/\" \/>\n<meta property=\"og:locale\" content=\"es_ES\" \/>\n<meta property=\"og:type\" content=\"article\" \/>\n<meta property=\"og:title\" content=\"5 Alucinantes Rutas con Raquetas de Nieve en Italia - Ecobnb\" \/>\n<meta property=\"og:description\" content=\"Las raquetas de nieve te permitir\u00e1n disfrutar de la aut\u00e9ntica naturaleza de una forma m\u00e1s ecol\u00f3gica. Descubre 5 itinerarios con raquetas de nieve en Italia.\" \/>\n<meta property=\"og:url\" content=\"https:\/\/ecobnb.es\/blog\/2020\/01\/rutas-raquetas-nieve-italia\/\" \/>\n<meta property=\"og:site_name\" content=\"Ecobnb\" \/>\n<meta property=\"article:published_time\" content=\"2020-01-25T08:00:01+00:00\" \/>\n<meta property=\"article:modified_time\" content=\"2021-07-13T14:45:20+00:00\" \/>\n<meta property=\"og:image\" content=\"https:\/\/ecobnb.es\/blog\/app\/uploads\/sites\/6\/2016\/11\/con-le-ciaspole-sulla-neve-2.jpeg\" \/>\n\t<meta property=\"og:image:width\" content=\"1170\" \/>\n\t<meta property=\"og:image:height\" content=\"490\" \/>\n\t<meta property=\"og:image:type\" content=\"image\/jpeg\" \/>\n<meta name=\"author\" content=\"Isabel Gaval\" \/>\n<meta name=\"twitter:card\" content=\"summary_large_image\" \/>\n<meta name=\"twitter:label1\" content=\"Written by\" \/>\n\t<meta name=\"twitter:data1\" content=\"Isabel Gaval\" \/>\n\t<meta name=\"twitter:label2\" content=\"Est. reading time\" \/>\n\t<meta name=\"twitter:data2\" content=\"6 minutes\" \/>\n<!-- \/ Yoast SEO plugin. -->","yoast_head_json":{"title":"5 Alucinantes Rutas con Raquetas de Nieve en Italia - Ecobnb","description":"Las raquetas de nieve te permitir\u00e1n disfrutar de la aut\u00e9ntica naturaleza de una forma m\u00e1s ecol\u00f3gica. Descubre 5 itinerarios con raquetas de nieve en Italia.","robots":{"index":"index","follow":"follow","max-snippet":"max-snippet:-1","max-image-preview":"max-image-preview:large","max-video-preview":"max-video-preview:-1"},"canonical":"https:\/\/ecobnb.es\/blog\/2020\/01\/rutas-raquetas-nieve-italia\/","og_locale":"es_ES","og_type":"article","og_title":"5 Alucinantes Rutas con Raquetas de Nieve en Italia - Ecobnb","og_description":"Las raquetas de nieve te permitir\u00e1n disfrutar de la aut\u00e9ntica naturaleza de una forma m\u00e1s ecol\u00f3gica. Descubre 5 itinerarios con raquetas de nieve en Italia.","og_url":"https:\/\/ecobnb.es\/blog\/2020\/01\/rutas-raquetas-nieve-italia\/","og_site_name":"Ecobnb","article_published_time":"2020-01-25T08:00:01+00:00","article_modified_time":"2021-07-13T14:45:20+00:00","og_image":[{"width":1170,"height":490,"url":"https:\/\/ecobnb.es\/blog\/app\/uploads\/sites\/6\/2016\/11\/con-le-ciaspole-sulla-neve-2.jpeg","type":"image\/jpeg"}],"author":"Isabel Gaval","twitter_card":"summary_large_image","twitter_misc":{"Written by":"Isabel Gaval","Est. reading time":"6 minutes"},"schema":{"@context":"https:\/\/schema.org","@graph":[{"@type":"WebPage","@id":"https:\/\/ecobnb.es\/blog\/2020\/01\/rutas-raquetas-nieve-italia\/","url":"https:\/\/ecobnb.es\/blog\/2020\/01\/rutas-raquetas-nieve-italia\/","name":"5 Alucinantes Rutas con Raquetas de Nieve en Italia - Ecobnb","isPartOf":{"@id":"https:\/\/ecobnb.es\/blog\/#website"},"datePublished":"2020-01-25T08:00:01+00:00","dateModified":"2021-07-13T14:45:20+00:00","author":{"@id":"https:\/\/ecobnb.es\/blog\/#\/schema\/person\/328fbcbc31ff5918842f18633ac2c6fa"},"description":"Las raquetas de nieve te permitir\u00e1n disfrutar de la aut\u00e9ntica naturaleza de una forma m\u00e1s ecol\u00f3gica. Descubre 5 itinerarios con raquetas de nieve en Italia.","breadcrumb":{"@id":"https:\/\/ecobnb.es\/blog\/2020\/01\/rutas-raquetas-nieve-italia\/#breadcrumb"},"inLanguage":"es-ES","potentialAction":[{"@type":"ReadAction","target":["https:\/\/ecobnb.es\/blog\/2020\/01\/rutas-raquetas-nieve-italia\/"]}]},{"@type":"BreadcrumbList","@id":"https:\/\/ecobnb.es\/blog\/2020\/01\/rutas-raquetas-nieve-italia\/#breadcrumb","itemListElement":[{"@type":"ListItem","position":1,"name":"Home","item":"https:\/\/ecobnb.es\/blog\/"},{"@type":"ListItem","position":2,"name":"5 Alucinantes Rutas con Raquetas de Nieve en Italia"}]},{"@type":"WebSite","@id":"https:\/\/ecobnb.es\/blog\/#website","url":"https:\/\/ecobnb.es\/blog\/","name":"Ecobnb","description":"Find sustainable accommodation","potentialAction":[{"@type":"SearchAction","target":{"@type":"EntryPoint","urlTemplate":"https:\/\/ecobnb.es\/blog\/?s={search_term_string}"},"query-input":"required name=search_term_string"}],"inLanguage":"es-ES"},{"@type":"Person","@id":"https:\/\/ecobnb.es\/blog\/#\/schema\/person\/328fbcbc31ff5918842f18633ac2c6fa","name":"Isabel Gaval","image":{"@type":"ImageObject","inLanguage":"es-ES","@id":"https:\/\/ecobnb.es\/blog\/#\/schema\/person\/image\/","url":"https:\/\/secure.gravatar.com\/avatar\/202916cf62cc2b37edf5a28f71bab540?s=96&d=monsterid&r=g","contentUrl":"https:\/\/secure.gravatar.com\/avatar\/202916cf62cc2b37edf5a28f71bab540?s=96&d=monsterid&r=g","caption":"Isabel Gaval"},"description":"Trips, literature and the different languages and cultures which exist inspire me. I\u2019ve studied a degree in Translation, and then I\u2019ve decided to use my knowledge to work in sustainable tourism all around the planet. Professional traveller, always looking for sustainability, I\u2019ve decided to explore the planet and, all together, make our best for improving it.","url":"https:\/\/ecobnb.es\/blog\/author\/isabel\/"}]}},"_links":{"self":[{"href":"https:\/\/ecobnb.es\/blog\/wp-json\/wp\/v2\/posts\/1252"}],"collection":[{"href":"https:\/\/ecobnb.es\/blog\/wp-json\/wp\/v2\/posts"}],"about":[{"href":"https:\/\/ecobnb.es\/blog\/wp-json\/wp\/v2\/types\/post"}],"author":[{"embeddable":true,"href":"https:\/\/ecobnb.es\/blog\/wp-json\/wp\/v2\/users\/62"}],"replies":[{"embeddable":true,"href":"https:\/\/ecobnb.es\/blog\/wp-json\/wp\/v2\/comments?post=1252"}],"version-history":[{"count":7,"href":"https:\/\/ecobnb.es\/blog\/wp-json\/wp\/v2\/posts\/1252\/revisions"}],"predecessor-version":[{"id":3864,"href":"https:\/\/ecobnb.es\/blog\/wp-json\/wp\/v2\/posts\/1252\/revisions\/3864"}],"wp:featuredmedia":[{"embeddable":true,"href":"https:\/\/ecobnb.es\/blog\/wp-json\/wp\/v2\/media\/1262"}],"wp:attachment":[{"href":"https:\/\/ecobnb.es\/blog\/wp-json\/wp\/v2\/media?parent=1252"}],"wp:term":[{"taxonomy":"category","embeddable":true,"href":"https:\/\/ecobnb.es\/blog\/wp-json\/wp\/v2\/categories?post=1252"},{"taxonomy":"post_tag","embeddable":true,"href":"https:\/\/ecobnb.es\/blog\/wp-json\/wp\/v2\/tags?post=1252"}],"curies":[{"name":"wp","href":"https:\/\/api.w.org\/{rel}","templated":true}]}}