{"id":10946,"date":"2026-04-27T16:30:56","date_gmt":"2026-04-27T16:30:56","guid":{"rendered":"https:\/\/ecobnb.es\/blog\/?p=10946"},"modified":"2026-04-27T16:32:56","modified_gmt":"2026-04-27T16:32:56","slug":"colombia-almaloca-viaje-regenera-alma-naturaleza","status":"publish","type":"post","link":"https:\/\/ecobnb.es\/blog\/2026\/04\/colombia-almaloca-viaje-regenera-alma-naturaleza\/","title":{"rendered":"Turismo regenerativo en Colombia: el proyecto ALMALOCA donde el viaje se convierte en transformaci\u00f3n"},"content":{"rendered":"\n<h2>En las monta\u00f1as colombianas, ALMALOCA es un proyecto que entrelaza naturaleza, comunidad y crecimiento personal, redefiniendo la forma de viajar<\/h2>\n\n\n\n<p>En el coraz\u00f3n de las <strong>monta\u00f1as colombianas<\/strong>, entre bosques andinos y <strong>antiguas tradiciones ind\u00edgenas<\/strong>, existe un proyecto de hospitalidad sostenible que es tambi\u00e9n un verdadero <strong>estilo de vida regenerativo<\/strong>. Se llama <strong>ALMALOCA<\/strong>, y su lema \u2014 <em>regeneraci\u00f3n en movimiento<\/em> \u2014 lo dice todo: no se trata solo de acoger viajeros, sino de <strong>transformar la manera en que habitamos el mundo<\/strong>.<\/p>\n\n\n\n<p>ALMALOCA es un proyecto que entrelaza <strong>ecolog\u00eda<\/strong>, comunidad y <strong>transformaci\u00f3n personal<\/strong>. Un lugar donde <strong><a href=\"https:\/\/ecobnb.it\/blog\/2026\/01\/turismo-rigenerativo\/\" target=\"_blank\" rel=\"noreferrer noopener\">el turismo se convierte en una herramienta de regeneraci\u00f3n<\/a><\/strong> y donde cada experiencia est\u00e1 pensada para reconectar a las personas con la tierra, con los dem\u00e1s y consigo mismas.<\/p>\n\n\n\n<p>Hemos entrevistado a <strong>Andr\u00e9s<\/strong> y <strong>Nat<\/strong>, fundadores de ALMALOCA, para que nos cuenten c\u00f3mo nace y toma forma este proyecto de turismo regenerativo en Colombia.<\/p>\n\n\n\n<figure class=\"wp-block-image size-full\"><img width=\"870\" height=\"490\" src=\"https:\/\/ecobnb.es\/blog\/app\/uploads\/sites\/6\/2026\/04\/Almaloca-sunrise.png\" alt=\"Almaloca, amanecer\" class=\"wp-image-10947\" srcset=\"https:\/\/ecobnb.es\/blog\/app\/uploads\/sites\/6\/2026\/04\/Almaloca-sunrise.png 870w, https:\/\/ecobnb.es\/blog\/app\/uploads\/sites\/6\/2026\/04\/Almaloca-sunrise-536x302.png 536w, https:\/\/ecobnb.es\/blog\/app\/uploads\/sites\/6\/2026\/04\/Almaloca-sunrise-768x433.png 768w, https:\/\/ecobnb.es\/blog\/app\/uploads\/sites\/6\/2026\/04\/Almaloca-sunrise-570x320.png 570w, https:\/\/ecobnb.es\/blog\/app\/uploads\/sites\/6\/2026\/04\/Almaloca-sunrise-344x194.png 344w\" sizes=\"(max-width: 870px) 100vw, 870px\" \/><\/figure>\n\n\n\n<h2>\u00bfC\u00f3mo nace Almaloca?<\/h2>\n\n\n\n<p>Naty y yo nos conocimos en la monta\u00f1a, nos reconocimos en el encuentro de nuestras visiones. Todo comenz\u00f3 en una maloca en Cocorn\u00e1 Antioquia, un <strong>espacio de pensamiento ind\u00edgena<\/strong> donde nos conectamos desde el primer encuentro. Al d\u00eda siguiente, frente a una piedra sagrada en la Cascada Coraz\u00f3n, compartimos nuestros sue\u00f1os m\u00e1s profundos y descubrimos que est\u00e1bamos caminando hacia el mismo prop\u00f3sito. Desde ese momento elegimos el camino de entrelazar confianza, fusionando nuestros recorridos para <strong>co-crear un proyecto<\/strong> que es, ante todo, una <strong>expresi\u00f3n de nuestro estilo de vida<\/strong>.<\/p>\n\n\n\n<p>El nombre ALMALOCA lleg\u00f3 a Nat como una visi\u00f3n clara y potente durante una ceremonia de medicina ancestral. Al recibir este regalo, comprendi\u00f3 que el mensaje integraba nuestra esencia fundamental: el \u201calma\u201d, la <strong>libertad<\/strong> expansiva que algunos llaman \u201cloca\u201d, y la \u201cmaloca\u201d, nuestro refugio sagrado de pensamiento. Naci\u00f3 de nuestra decisi\u00f3n de confiarnos al proceso y de <strong>confiar plenamente en esa se\u00f1al<\/strong>, transformando esa inspiraci\u00f3n en nuestro camino de coherencia interior.<\/p>\n\n\n\n<p>ALMALOCA no nace como una empresa tur\u00edstica tradicional con estructuras r\u00edgidas, sino como un <strong>estilo de vida profundo<\/strong>. Es el camino del sentido de coherencia interior, basado en la voluntad y en la filosof\u00eda del \u201cSER desde el hacer y hacer para el SER\u201d.<\/p>\n\n\n\n<p>ALMALOCA naci\u00f3 en el momento en que decidimos que nuestra empresa ser\u00eda una <strong>extensi\u00f3n de nuestra propia experiencia de evoluci\u00f3n<\/strong>. Surgi\u00f3 de la voluntad pura y de nuestro coraje de transformarnos constantemente. Entendimos que este camino no requer\u00eda adaptarse a modelos tradicionales.<\/p>\n\n\n\n<p>Comenzamos a materializar esta energ\u00eda en \u201c<strong><a href=\"https:\/\/ecobnb.es\/CO-medellin\/rifugio\/refugio-en-la-montana-networking-con-proposito\/PQVcR\" target=\"_blank\" rel=\"noreferrer noopener\">ALMALOCA House<\/a><\/strong>\u201d, nuestro <strong>apartamento en la ciudad de Medell\u00edn<\/strong>, donde cada decisi\u00f3n se ha convertido en una celebraci\u00f3n de nuestra autenticidad.<\/p>\n\n\n\n<h2>\u00bfQu\u00e9 pr\u00e1cticas eco-sostenibles han adoptado?<\/h2>\n\n\n\n<h3>Arquitectura regenerativa y dise\u00f1o bioclim\u00e1tico<\/h3>\n\n\n\n<figure class=\"wp-block-image size-full\"><img width=\"870\" height=\"490\" src=\"https:\/\/ecobnb.es\/blog\/app\/uploads\/sites\/6\/2026\/04\/3-4.png\" alt=\"Almaloca eco-house\" class=\"wp-image-10948\" srcset=\"https:\/\/ecobnb.es\/blog\/app\/uploads\/sites\/6\/2026\/04\/3-4.png 870w, https:\/\/ecobnb.es\/blog\/app\/uploads\/sites\/6\/2026\/04\/3-4-536x302.png 536w, https:\/\/ecobnb.es\/blog\/app\/uploads\/sites\/6\/2026\/04\/3-4-768x433.png 768w, https:\/\/ecobnb.es\/blog\/app\/uploads\/sites\/6\/2026\/04\/3-4-570x320.png 570w, https:\/\/ecobnb.es\/blog\/app\/uploads\/sites\/6\/2026\/04\/3-4-344x194.png 344w\" sizes=\"(max-width: 870px) 100vw, 870px\" \/><\/figure>\n\n\n\n<p>Nos encontramos en un <strong>terreno de 9 hect\u00e1reas<\/strong> en la <strong>Vereda Astilleros<\/strong> (San Antonio de Prado, Medell\u00edn), <strong>a 2.300 metros de altitud<\/strong>, donde la \u201c<strong>Casita Amarilla<\/strong>\u201d \u2014nuestro primer refugio\u2014 ha sido transformada respetando la estructura original heredada del anterior propietario.<\/p>\n\n\n\n<h3>Reforestaci\u00f3n activa y recuperaci\u00f3n de ecosistemas<\/h3>\n\n\n\n<p>Estamos comprometidos con la <strong>reforestaci\u00f3n activa<\/strong> de un corredor verde estrat\u00e9gico que se conecta con la <strong>Reserva Forestal Astilleros<\/strong> y el <strong>Cerro del Padre Amaya<\/strong>. Este territorio alberga m\u00e1s de <strong>2.000 especies de aves<\/strong> y 32 sitios arqueol\u00f3gicos.<\/p>\n\n\n\n<p>Cada hu\u00e9sped que nos visita se convierte en un \u201c<strong>constructor de bosque<\/strong>\u201d, participando en la recuperaci\u00f3n del bosque andino que estamos plantando desde cero.<\/p>\n\n\n\n<h3>Econom\u00eda circular y transformaci\u00f3n de residuos org\u00e1nicos<\/h3>\n\n\n\n<p>Estamos dise\u00f1ando una <em>biof\u00e1brica<\/em>, un sistema de valorizaci\u00f3n de residuos org\u00e1nicos que transforma lo que otros consideran desecho en recursos valiosos.<\/p>\n\n\n\n<p>Siguiendo modelos de <a href=\"https:\/\/ecobnb.es\/blog\/2021\/10\/turismo-sostenible-consumo-consciente\/\" target=\"_blank\" rel=\"noreferrer noopener\">econom\u00eda circular<\/a>, desarrollamos procesos de <strong>compostaje<\/strong> que devuelven nutrientes al territorio. El 61,5% de los residuos dom\u00e9sticos en Colombia es compostable, y nos reconocemos como parte de la soluci\u00f3n desde la ruralidad.<\/p>\n\n\n\n<h3>Agricultura regenerativa sin qu\u00edmicos<\/h3>\n\n\n\n<p>El proyecto incluye el acompa\u00f1amiento a los <strong>campesinos locales<\/strong> en la <strong>transici\u00f3n hacia cultivos org\u00e1nicos<\/strong>, eliminando pesticidas y venenos. Nuestra mesa se alimenta de lo que ellos cultivan, creando una <strong>cadena de suministro directa<\/strong>, justa y transparente.<\/p>\n\n\n\n<h3>Turismo regenerativo<\/h3>\n\n\n\n<figure class=\"wp-block-image size-full\"><img width=\"870\" height=\"490\" src=\"https:\/\/ecobnb.es\/blog\/app\/uploads\/sites\/6\/2026\/04\/1-3.png\" alt=\"turismo regenerativo en Colombia\" class=\"wp-image-10949\" srcset=\"https:\/\/ecobnb.es\/blog\/app\/uploads\/sites\/6\/2026\/04\/1-3.png 870w, https:\/\/ecobnb.es\/blog\/app\/uploads\/sites\/6\/2026\/04\/1-3-536x302.png 536w, https:\/\/ecobnb.es\/blog\/app\/uploads\/sites\/6\/2026\/04\/1-3-768x433.png 768w, https:\/\/ecobnb.es\/blog\/app\/uploads\/sites\/6\/2026\/04\/1-3-570x320.png 570w, https:\/\/ecobnb.es\/blog\/app\/uploads\/sites\/6\/2026\/04\/1-3-344x194.png 344w\" sizes=\"(max-width: 870px) 100vw, 870px\" \/><\/figure>\n\n\n\n<p>Cada experiencia est\u00e1 pensada para que el <strong>visitante se convierta en un agente activo de regeneraci\u00f3n<\/strong>: participa en siembras, aprende restauraci\u00f3n ecol\u00f3gica y <strong>contribuye directamente a la econom\u00eda local<\/strong>.<\/p>\n\n\n\n<h3>Integraci\u00f3n comunitaria y gobernanza local<\/h3>\n\n\n\n<p>Somos parte de la Junta de Acci\u00f3n Comunal y participamos activamente en las decisiones del territorio, apoyando a los emprendedores locales y creando alianzas con l\u00edderes comunitarios.<\/p>\n\n\n\n<h3>Educaci\u00f3n y transferencia de conocimiento<\/h3>\n\n\n\n<p>Estamos desarrollando la Escuela de Regeneraci\u00f3n en Movimiento, compartiendo metodolog\u00edas regenerativas con emprendedores y comunidades locales.<\/p>\n\n\n\n<h3>Alianzas estrat\u00e9gicas<\/h3>\n\n\n\n<p>Colaboramos con instituciones p\u00fablicas y movimientos sociales para fortalecer pr\u00e1cticas sostenibles y pol\u00edticas de econom\u00eda circular.<\/p>\n\n\n\n<h3>Plataforma digital para viajeros regenerativos<\/h3>\n\n\n\n<p>Estamos desarrollando un e-commerce que conecta productos locales regenerativos con consumidores conscientes.<\/p>\n\n\n\n<h3>Respeto a los saberes ancestrales<\/h3>\n\n\n\n<p>Mantenemos un v\u00ednculo vivo con las comunidades <strong>Kogui<\/strong> y <strong>Arhuaco<\/strong>, de las cuales hemos aprendido el <strong>respeto por el pensamiento y la Madre Tierra<\/strong>.<\/p>\n\n\n\n<h2>\u00bfQu\u00e9 valoran m\u00e1s los hu\u00e9spedes de la experiencia Almaloca?<\/h2>\n\n\n\n<figure class=\"wp-block-image size-full\"><img width=\"870\" height=\"490\" src=\"https:\/\/ecobnb.es\/blog\/app\/uploads\/sites\/6\/2026\/04\/7-1.png\" alt=\"Inmersi\u00f3n en la naturaleza y descanso en Almaloca, Colombia\" class=\"wp-image-10950\" srcset=\"https:\/\/ecobnb.es\/blog\/app\/uploads\/sites\/6\/2026\/04\/7-1.png 870w, https:\/\/ecobnb.es\/blog\/app\/uploads\/sites\/6\/2026\/04\/7-1-536x302.png 536w, https:\/\/ecobnb.es\/blog\/app\/uploads\/sites\/6\/2026\/04\/7-1-768x433.png 768w, https:\/\/ecobnb.es\/blog\/app\/uploads\/sites\/6\/2026\/04\/7-1-570x320.png 570w, https:\/\/ecobnb.es\/blog\/app\/uploads\/sites\/6\/2026\/04\/7-1-344x194.png 344w\" sizes=\"(max-width: 870px) 100vw, 870px\" \/><\/figure>\n\n\n\n<p>\u201cEn ALMALOCA acompa\u00f1amos almas viajeras que llegan buscando algo que a\u00fan no saben nombrar, y se van habi\u00e9ndolo encontrado.\u201d<\/p>\n\n\n\n<h3>El reencuentro con uno mismo<\/h3>\n\n\n\n<p>Lo que m\u00e1s valoran los hu\u00e9spedes es el espacio sagrado de reconocimiento personal. \u201cla peque\u00f1a casa de mi alma\u201d, donde se encuentra una calma que no es solo silencio, sino presencia.<\/p>\n\n\n\n<h3>Inspiraci\u00f3n transformadora<\/h3>\n\n\n\n<figure class=\"wp-block-image size-full\"><img width=\"870\" height=\"490\" src=\"https:\/\/ecobnb.es\/blog\/app\/uploads\/sites\/6\/2026\/04\/4-2-1.png\" alt=\"Viajeros viviendo experiencias transformadoras en Almaloca\" class=\"wp-image-10951\" srcset=\"https:\/\/ecobnb.es\/blog\/app\/uploads\/sites\/6\/2026\/04\/4-2-1.png 870w, https:\/\/ecobnb.es\/blog\/app\/uploads\/sites\/6\/2026\/04\/4-2-1-536x302.png 536w, https:\/\/ecobnb.es\/blog\/app\/uploads\/sites\/6\/2026\/04\/4-2-1-768x433.png 768w, https:\/\/ecobnb.es\/blog\/app\/uploads\/sites\/6\/2026\/04\/4-2-1-570x320.png 570w, https:\/\/ecobnb.es\/blog\/app\/uploads\/sites\/6\/2026\/04\/4-2-1-344x194.png 344w\" sizes=\"(max-width: 870px) 100vw, 870px\" \/><\/figure>\n\n\n\n<p>\u201cUn viajero que vive una experiencia Almaloca se inspira\u201d: a cambiar, a crear, a vivir de forma m\u00e1s aut\u00e9ntica.<\/p>\n\n\n\n<h3>Contraste entre monta\u00f1a y visi\u00f3n<\/h3>\n\n\n\n<p>Aprecian el encuentro entre la sabidur\u00eda ancestral y la innovaci\u00f3n regenerativa.<\/p>\n\n\n\n<h3>Simplicidad esencial<\/h3>\n\n\n\n<p>Aire puro, silencio, conexi\u00f3n: la simplicidad se convierte en abundancia.<\/p>\n\n\n\n<h3>Co-creaci\u00f3n<\/h3>\n\n\n\n<p>Cada hu\u00e9sped contribuye a la reforestaci\u00f3n y a la econom\u00eda local.<\/p>\n\n\n\n<h3>Comunidad de almas afines<\/h3>\n\n\n\n<p>Un encuentro entre personas que comparten el mismo camino de transformaci\u00f3n.<\/p>\n\n\n\n<h2>\u00bfQu\u00e9 experiencias recomiendan no perderse en los alrededores?<\/h2>\n\n\n\n<figure class=\"wp-block-image size-full\"><img width=\"870\" height=\"490\" src=\"https:\/\/ecobnb.es\/blog\/app\/uploads\/sites\/6\/2026\/04\/5-2-1.png\" alt=\"Bosques y naturaleza intacta cerca de Almaloca\" class=\"wp-image-10952\" srcset=\"https:\/\/ecobnb.es\/blog\/app\/uploads\/sites\/6\/2026\/04\/5-2-1.png 870w, https:\/\/ecobnb.es\/blog\/app\/uploads\/sites\/6\/2026\/04\/5-2-1-536x302.png 536w, https:\/\/ecobnb.es\/blog\/app\/uploads\/sites\/6\/2026\/04\/5-2-1-768x433.png 768w, https:\/\/ecobnb.es\/blog\/app\/uploads\/sites\/6\/2026\/04\/5-2-1-570x320.png 570w, https:\/\/ecobnb.es\/blog\/app\/uploads\/sites\/6\/2026\/04\/5-2-1-344x194.png 344w\" sizes=\"(max-width: 870px) 100vw, 870px\" \/><\/figure>\n\n\n\n<p>Excursiones en los <strong><a href=\"https:\/\/ecobnb.es\/blog\/2016\/09\/caminar-bosque\/\" target=\"_blank\" rel=\"noreferrer noopener\">bosques<\/a><\/strong>, inmersiones en <strong>cascadas<\/strong>, trekking panor\u00e1mico, rituales al atardecer y <strong>recorridos experienciales en la naturaleza<\/strong>.<\/p>\n\n\n\n<p>Desde los Andes colombianos hasta Ecuador, Bolivia y Per\u00fa, cada itinerario est\u00e1 pensado como un viaje transformador entre naturaleza y conciencia.<\/p>\n\n\n\n<h2>\u00bfQu\u00e9 significa formar parte de Ecobnb?<\/h2>\n\n\n\n<p>\u201cPara Almaloca, formar parte de Ecobnb es un encuentro de c\u00f3mplices regenerativos.\u201d<\/p>\n\n\n\n<p>Ecobnb representa el reconocimiento de una <strong>comunidad de valores compartidos<\/strong>, un puente entre viajeros conscientes y proyectos que creen en el turismo regenerativo. Es un espacio de co-creaci\u00f3n donde la regeneraci\u00f3n personal y territorial se vuelven una sola cosa.<\/p>\n\n\n\n<figure class=\"wp-block-image size-full\"><img width=\"870\" height=\"490\" src=\"https:\/\/ecobnb.es\/blog\/app\/uploads\/sites\/6\/2026\/04\/6-2.png\" alt=\"atardecer sobre el paisaje natural de Almaloca, Colombia\" class=\"wp-image-10953\" srcset=\"https:\/\/ecobnb.es\/blog\/app\/uploads\/sites\/6\/2026\/04\/6-2.png 870w, https:\/\/ecobnb.es\/blog\/app\/uploads\/sites\/6\/2026\/04\/6-2-536x302.png 536w, https:\/\/ecobnb.es\/blog\/app\/uploads\/sites\/6\/2026\/04\/6-2-768x433.png 768w, https:\/\/ecobnb.es\/blog\/app\/uploads\/sites\/6\/2026\/04\/6-2-570x320.png 570w, https:\/\/ecobnb.es\/blog\/app\/uploads\/sites\/6\/2026\/04\/6-2-344x194.png 344w\" sizes=\"(max-width: 870px) 100vw, 870px\" \/><\/figure>\n\n\n\n<p>\u00a1Gracias Andr\u00e9s y Nat por esta entrevista!<\/p>\n\n\n\n<p>ALMALOCA es la prueba concreta de que <strong>otra forma de viajar<\/strong> es posible, y ya est\u00e1 ocurriendo.<\/p>\n\n\n\n<p>En un mundo donde el turismo a menudo consume territorios y culturas, proyectos como este demuestran que es posible otro camino: el de la regeneraci\u00f3n, la comunidad y la conciencia.<\/p>\n\n\n\n<p>Entrar en contacto con realidades como <a href=\"https:\/\/ecobnb.es\/CO-medellin\/rifugio\/refugio-en-la-montana-networking-con-proposito\/PQVcR\" target=\"_blank\" rel=\"noreferrer noopener\"><strong>ALMALOCA<\/strong><\/a> significa redescubrir el <strong>sentido m\u00e1s profundo de viajar<\/strong>: no solo explorar el mundo, sino transformarlo \u2014 y transformarnos, paso a paso, junto a \u00e9l.<\/p>\n","protected":false},"excerpt":{"rendered":"<p>En las monta\u00f1as colombianas, ALMALOCA es un proyecto que entrelaza naturaleza, comunidad y crecimiento personal, redefiniendo la forma de viajar En el coraz\u00f3n de las monta\u00f1as colombianas, entre bosques andinos y antiguas tradiciones ind\u00edgenas, existe un proyecto de hospitalidad sostenible que es tambi\u00e9n un verdadero estilo de vida regenerativo. Se llama ALMALOCA, y su lema [&hellip;]<\/p>\n","protected":false},"author":3,"featured_media":10957,"comment_status":"closed","ping_status":"closed","sticky":false,"template":"","format":"standard","meta":[],"categories":[40],"tags":[128,1492,6,1474,352],"acf":[],"yoast_head":"<!-- This site is optimized with the Yoast SEO plugin v19.9 - https:\/\/yoast.com\/wordpress\/plugins\/seo\/ -->\n<title>Colombia: ALMALOCA y el viaje que regenera alma y naturaleza<\/title>\n<meta name=\"description\" content=\"En el coraz\u00f3n de Colombia, ALMALOCA transforma el viaje en una experiencia regenerativa entre naturaleza, comunidad y crecimiento personal. Descubre m\u00e1s.\" \/>\n<meta name=\"robots\" content=\"index, follow, max-snippet:-1, max-image-preview:large, max-video-preview:-1\" \/>\n<link rel=\"canonical\" href=\"https:\/\/ecobnb.es\/blog\/2026\/04\/colombia-almaloca-viaje-regenera-alma-naturaleza\/\" \/>\n<meta property=\"og:locale\" content=\"es_ES\" \/>\n<meta property=\"og:type\" content=\"article\" \/>\n<meta property=\"og:title\" content=\"Colombia: ALMALOCA y el viaje que regenera alma y naturaleza\" \/>\n<meta property=\"og:description\" content=\"En el coraz\u00f3n de Colombia, ALMALOCA transforma el viaje en una experiencia regenerativa entre naturaleza, comunidad y crecimiento personal. Descubre m\u00e1s.\" \/>\n<meta property=\"og:url\" content=\"https:\/\/ecobnb.es\/blog\/2026\/04\/colombia-almaloca-viaje-regenera-alma-naturaleza\/\" \/>\n<meta property=\"og:site_name\" content=\"Ecobnb\" \/>\n<meta property=\"article:author\" content=\"https:\/\/www.facebook.com\/silvia.ombellini\" \/>\n<meta property=\"article:published_time\" content=\"2026-04-27T16:30:56+00:00\" \/>\n<meta property=\"article:modified_time\" content=\"2026-04-27T16:32:56+00:00\" \/>\n<meta property=\"og:image\" content=\"https:\/\/ecobnb.es\/blog\/app\/uploads\/sites\/6\/2026\/04\/Turismo-rigenerativo-in-Colombia.jpg\" \/>\n\t<meta property=\"og:image:width\" content=\"1170\" \/>\n\t<meta property=\"og:image:height\" content=\"490\" \/>\n\t<meta property=\"og:image:type\" content=\"image\/jpeg\" \/>\n<meta name=\"author\" content=\"Silvia Ombellini\" \/>\n<meta name=\"twitter:card\" content=\"summary_large_image\" \/>\n<meta name=\"twitter:label1\" content=\"Written by\" \/>\n\t<meta name=\"twitter:data1\" content=\"Silvia Ombellini\" \/>\n\t<meta name=\"twitter:label2\" content=\"Est. reading time\" \/>\n\t<meta name=\"twitter:data2\" content=\"7 minutes\" \/>\n<!-- \/ Yoast SEO plugin. -->","yoast_head_json":{"title":"Colombia: ALMALOCA y el viaje que regenera alma y naturaleza","description":"En el coraz\u00f3n de Colombia, ALMALOCA transforma el viaje en una experiencia regenerativa entre naturaleza, comunidad y crecimiento personal. Descubre m\u00e1s.","robots":{"index":"index","follow":"follow","max-snippet":"max-snippet:-1","max-image-preview":"max-image-preview:large","max-video-preview":"max-video-preview:-1"},"canonical":"https:\/\/ecobnb.es\/blog\/2026\/04\/colombia-almaloca-viaje-regenera-alma-naturaleza\/","og_locale":"es_ES","og_type":"article","og_title":"Colombia: ALMALOCA y el viaje que regenera alma y naturaleza","og_description":"En el coraz\u00f3n de Colombia, ALMALOCA transforma el viaje en una experiencia regenerativa entre naturaleza, comunidad y crecimiento personal. Descubre m\u00e1s.","og_url":"https:\/\/ecobnb.es\/blog\/2026\/04\/colombia-almaloca-viaje-regenera-alma-naturaleza\/","og_site_name":"Ecobnb","article_author":"https:\/\/www.facebook.com\/silvia.ombellini","article_published_time":"2026-04-27T16:30:56+00:00","article_modified_time":"2026-04-27T16:32:56+00:00","og_image":[{"width":1170,"height":490,"url":"https:\/\/ecobnb.es\/blog\/app\/uploads\/sites\/6\/2026\/04\/Turismo-rigenerativo-in-Colombia.jpg","type":"image\/jpeg"}],"author":"Silvia Ombellini","twitter_card":"summary_large_image","twitter_misc":{"Written by":"Silvia Ombellini","Est. reading time":"7 minutes"},"schema":{"@context":"https:\/\/schema.org","@graph":[{"@type":"WebPage","@id":"https:\/\/ecobnb.es\/blog\/2026\/04\/colombia-almaloca-viaje-regenera-alma-naturaleza\/","url":"https:\/\/ecobnb.es\/blog\/2026\/04\/colombia-almaloca-viaje-regenera-alma-naturaleza\/","name":"Colombia: ALMALOCA y el viaje que regenera alma y naturaleza","isPartOf":{"@id":"https:\/\/ecobnb.es\/blog\/#website"},"datePublished":"2026-04-27T16:30:56+00:00","dateModified":"2026-04-27T16:32:56+00:00","author":{"@id":"https:\/\/ecobnb.es\/blog\/#\/schema\/person\/19e19858147b03b742b90f7f41adfab6"},"description":"En el coraz\u00f3n de Colombia, ALMALOCA transforma el viaje en una experiencia regenerativa entre naturaleza, comunidad y crecimiento personal. Descubre m\u00e1s.","breadcrumb":{"@id":"https:\/\/ecobnb.es\/blog\/2026\/04\/colombia-almaloca-viaje-regenera-alma-naturaleza\/#breadcrumb"},"inLanguage":"es-ES","potentialAction":[{"@type":"ReadAction","target":["https:\/\/ecobnb.es\/blog\/2026\/04\/colombia-almaloca-viaje-regenera-alma-naturaleza\/"]}]},{"@type":"BreadcrumbList","@id":"https:\/\/ecobnb.es\/blog\/2026\/04\/colombia-almaloca-viaje-regenera-alma-naturaleza\/#breadcrumb","itemListElement":[{"@type":"ListItem","position":1,"name":"Home","item":"https:\/\/ecobnb.es\/blog\/"},{"@type":"ListItem","position":2,"name":"Turismo regenerativo en Colombia: el proyecto ALMALOCA donde el viaje se convierte en transformaci\u00f3n"}]},{"@type":"WebSite","@id":"https:\/\/ecobnb.es\/blog\/#website","url":"https:\/\/ecobnb.es\/blog\/","name":"Ecobnb","description":"Find sustainable accommodation","potentialAction":[{"@type":"SearchAction","target":{"@type":"EntryPoint","urlTemplate":"https:\/\/ecobnb.es\/blog\/?s={search_term_string}"},"query-input":"required name=search_term_string"}],"inLanguage":"es-ES"},{"@type":"Person","@id":"https:\/\/ecobnb.es\/blog\/#\/schema\/person\/19e19858147b03b742b90f7f41adfab6","name":"Silvia Ombellini","image":{"@type":"ImageObject","inLanguage":"es-ES","@id":"https:\/\/ecobnb.es\/blog\/#\/schema\/person\/image\/","url":"https:\/\/secure.gravatar.com\/avatar\/4e00652aff1cc45ba9b112fc1a118938?s=96&d=monsterid&r=g","contentUrl":"https:\/\/secure.gravatar.com\/avatar\/4e00652aff1cc45ba9b112fc1a118938?s=96&d=monsterid&r=g","caption":"Silvia Ombellini"},"description":"I am an architect with a passion for travel. I think it is urgent to be able to live in harmony with the ecosystem we are part of. After the birth of my second baby, Leo, I began to work at Ecobnb, an adventure undertaken to change the way we travel, to make it more sustainable, respectful of the environment, places and people.","sameAs":["https:\/\/www.facebook.com\/silvia.ombellini"],"url":"https:\/\/ecobnb.es\/blog\/author\/silvia\/"}]}},"_links":{"self":[{"href":"https:\/\/ecobnb.es\/blog\/wp-json\/wp\/v2\/posts\/10946"}],"collection":[{"href":"https:\/\/ecobnb.es\/blog\/wp-json\/wp\/v2\/posts"}],"about":[{"href":"https:\/\/ecobnb.es\/blog\/wp-json\/wp\/v2\/types\/post"}],"author":[{"embeddable":true,"href":"https:\/\/ecobnb.es\/blog\/wp-json\/wp\/v2\/users\/3"}],"replies":[{"embeddable":true,"href":"https:\/\/ecobnb.es\/blog\/wp-json\/wp\/v2\/comments?post=10946"}],"version-history":[{"count":2,"href":"https:\/\/ecobnb.es\/blog\/wp-json\/wp\/v2\/posts\/10946\/revisions"}],"predecessor-version":[{"id":10956,"href":"https:\/\/ecobnb.es\/blog\/wp-json\/wp\/v2\/posts\/10946\/revisions\/10956"}],"wp:featuredmedia":[{"embeddable":true,"href":"https:\/\/ecobnb.es\/blog\/wp-json\/wp\/v2\/media\/10957"}],"wp:attachment":[{"href":"https:\/\/ecobnb.es\/blog\/wp-json\/wp\/v2\/media?parent=10946"}],"wp:term":[{"taxonomy":"category","embeddable":true,"href":"https:\/\/ecobnb.es\/blog\/wp-json\/wp\/v2\/categories?post=10946"},{"taxonomy":"post_tag","embeddable":true,"href":"https:\/\/ecobnb.es\/blog\/wp-json\/wp\/v2\/tags?post=10946"}],"curies":[{"name":"wp","href":"https:\/\/api.w.org\/{rel}","templated":true}]}}