{"id":10716,"date":"2026-01-26T15:39:00","date_gmt":"2026-01-26T15:39:00","guid":{"rendered":"https:\/\/ecobnb.es\/blog\/?p=10716"},"modified":"2026-01-26T15:39:27","modified_gmt":"2026-01-26T15:39:27","slug":"guia-ecologica-cortona-pueblo-toscano","status":"publish","type":"post","link":"https:\/\/ecobnb.es\/blog\/2026\/01\/guia-ecologica-cortona-pueblo-toscano\/","title":{"rendered":"Gu\u00eda Verde de Cortona: un Pueblo M\u00e1gico Toscano que te Espera"},"content":{"rendered":"\n<p>Cortona es un&nbsp;<strong>encantador pueblo toscano<\/strong>&nbsp;situado en la&nbsp;<strong>Valdichiana<\/strong>, un valle que se extiende entre&nbsp;<strong><a href=\"https:\/\/ecobnb.es\/toscana-1\" target=\"_blank\" rel=\"noreferrer noopener\">Toscana<\/a><\/strong>&nbsp;y Umbr\u00eda. Caracterizada por&nbsp;<strong>una arquitectura medieval<\/strong>&nbsp;perfectamente conservada y profundas ra\u00edces etruscas, Cortona es un destino capaz de conquistar a cualquiera que ame&nbsp;<strong>viajar despacio<\/strong>, con respeto y curiosidad.<\/p>\n\n\n\n<p>Tanto si planeas un&nbsp;<strong>fin de semana<\/strong>&nbsp;como unas vacaciones cortas y regenerantes, Cortona es el lugar ideal para un&nbsp;<a href=\"https:\/\/ecobnb.es\/blog\/2019\/12\/huella-ecologica-vacaciones\/\" target=\"_blank\" rel=\"noreferrer noopener\">viaje verde<\/a>&nbsp;a trav\u00e9s de la historia, la tradici\u00f3n y los paisajes atemporales. Pasear por sus calles significa sumergirse en un ambiente aut\u00e9ntico, donde la cultura local se entrelaza armoniosamente con la naturaleza que lo rodea.<\/p>\n\n\n\n<p>\u00bfNo sabes por d\u00f3nde empezar? Aqu\u00ed tienes una&nbsp;<strong>selecci\u00f3n de lugares y eventos imprescindibles<\/strong>&nbsp;para descubrir Cortona de forma sostenible, experimentando el pueblo paso a paso.<\/p>\n\n\n\n<h2>1. El Encanto del Casco Antiguo<\/h2>\n\n\n\n<figure class=\"wp-container-2 wp-block-gallery-1 wp-block-gallery has-nested-images columns-default is-cropped\">\n<figure class=\"wp-block-image size-large\"><img width=\"870\" height=\"490\" data-id=\"10718\"  src=\"https:\/\/ecobnb.es\/blog\/app\/uploads\/sites\/6\/2026\/01\/Progetto-senza-titolo.png\" alt=\"Cortona and the streets of the historic center\" class=\"wp-image-10718\" srcset=\"https:\/\/ecobnb.es\/blog\/app\/uploads\/sites\/6\/2026\/01\/Progetto-senza-titolo.png 870w, https:\/\/ecobnb.es\/blog\/app\/uploads\/sites\/6\/2026\/01\/Progetto-senza-titolo-536x302.png 536w, https:\/\/ecobnb.es\/blog\/app\/uploads\/sites\/6\/2026\/01\/Progetto-senza-titolo-768x433.png 768w, https:\/\/ecobnb.es\/blog\/app\/uploads\/sites\/6\/2026\/01\/Progetto-senza-titolo-570x320.png 570w, https:\/\/ecobnb.es\/blog\/app\/uploads\/sites\/6\/2026\/01\/Progetto-senza-titolo-344x194.png 344w\" sizes=\"(max-width: 870px) 100vw, 870px\" \/><figcaption>Cortona and the streets of the historic center, photo by CanvaPro<\/figcaption><\/figure>\n<\/figure>\n\n\n\n<p>Para conocer realmente Cortona, la mejor manera es&nbsp;<strong>perderse en su centro hist\u00f3rico<\/strong>. Las antiguas murallas, las calles de piedra y las vistas panor\u00e1micas cuentan siglos de historia.<\/p>\n\n\n\n<p>Durante tu itinerario de caminata, no te pierdas:<\/p>\n\n\n\n<ul><li><strong>Piazza della Repubblica<\/strong>, el coraz\u00f3n palpitante del pueblo<\/li><li><strong>Palazzo Comunale<\/strong>, s\u00edmbolo del poder c\u00edvico medieval<\/li><li><strong>Piazza della Loggetta<\/strong>, dominada por el sugerente\u00a0<strong>Palazzo Passerini<\/strong>, un edificio t\u00edpico de los municipios medievales<\/li><\/ul>\n\n\n\n<figure class=\"wp-container-4 wp-block-gallery-3 wp-block-gallery has-nested-images columns-default is-cropped\">\n<figure class=\"wp-block-image size-large\"><img width=\"870\" height=\"490\" data-id=\"10719\"  src=\"https:\/\/ecobnb.es\/blog\/app\/uploads\/sites\/6\/2026\/01\/Progetto-senza-titolo-1.png\" alt=\"rutas y verduras de temporada\" class=\"wp-image-10719\" srcset=\"https:\/\/ecobnb.es\/blog\/app\/uploads\/sites\/6\/2026\/01\/Progetto-senza-titolo-1.png 870w, https:\/\/ecobnb.es\/blog\/app\/uploads\/sites\/6\/2026\/01\/Progetto-senza-titolo-1-536x302.png 536w, https:\/\/ecobnb.es\/blog\/app\/uploads\/sites\/6\/2026\/01\/Progetto-senza-titolo-1-768x433.png 768w, https:\/\/ecobnb.es\/blog\/app\/uploads\/sites\/6\/2026\/01\/Progetto-senza-titolo-1-570x320.png 570w, https:\/\/ecobnb.es\/blog\/app\/uploads\/sites\/6\/2026\/01\/Progetto-senza-titolo-1-344x194.png 344w\" sizes=\"(max-width: 870px) 100vw, 870px\" \/><figcaption>Mercado agr\u00edcola con frutas y verduras de temporada, foto CanvaPro<\/figcaption><\/figure>\n<\/figure>\n\n\n\n<p>A pocos pasos se encuentra\u00a0<strong>la Piazza Signorelli<\/strong>, uno de los principales hitos art\u00edsticos y culturales de Cortona. Aqu\u00ed y en otras plazas del centro suelen celebrarse\u00a0mercados semanales, perfectos para comprar productos locales, de temporada y de cero kil\u00f3metros, apoyando la econom\u00eda de la zona.<\/p>\n\n\n\n<h2>2. Un Viaje a la Civilizaci\u00f3n Etrusca: el MAEC<\/h2>\n\n\n\n<figure class=\"wp-container-6 wp-block-gallery-5 wp-block-gallery has-nested-images columns-default is-cropped\">\n<figure class=\"wp-block-image size-large\"><img width=\"870\" height=\"490\" data-id=\"10721\"  src=\"https:\/\/ecobnb.es\/blog\/app\/uploads\/sites\/6\/2026\/01\/Progetto-senza-titolo-2.png\" alt=\"Museo dell\u2019Accademia Etrusca\" class=\"wp-image-10721\" srcset=\"https:\/\/ecobnb.es\/blog\/app\/uploads\/sites\/6\/2026\/01\/Progetto-senza-titolo-2.png 870w, https:\/\/ecobnb.es\/blog\/app\/uploads\/sites\/6\/2026\/01\/Progetto-senza-titolo-2-536x302.png 536w, https:\/\/ecobnb.es\/blog\/app\/uploads\/sites\/6\/2026\/01\/Progetto-senza-titolo-2-768x433.png 768w, https:\/\/ecobnb.es\/blog\/app\/uploads\/sites\/6\/2026\/01\/Progetto-senza-titolo-2-570x320.png 570w, https:\/\/ecobnb.es\/blog\/app\/uploads\/sites\/6\/2026\/01\/Progetto-senza-titolo-2-344x194.png 344w\" sizes=\"(max-width: 870px) 100vw, 870px\" \/><figcaption>MAEC-Museo Accademia Etrusca, foto CanvaPro\n<\/figcaption><\/figure>\n<\/figure>\n\n\n\n<p>Una parada fundamental para admirar la belleza de la civilizaci\u00f3n etrusca es, sin duda, el&nbsp;<a href=\"https:\/\/cortonamaec.org\/it\/\" target=\"_blank\" rel=\"noreferrer noopener\">Museo MAEC de la Academia Etrusca y la ciudad de Cortona<\/a>. Las salas de exposici\u00f3n de este museo albergan colecciones muy ricas que re\u00fanen materiales encontrados en el territorio de Cortona desde el siglo XIX hasta la actualidad.<\/p>\n\n\n\n<p>El edificio se extiende en cuatro plantas, dos de las cuales son subterr\u00e1neas, y se caracteriza por una heterogeneidad de los materiales expuestos que permiten al visitante adentrarse plenamente en la magn\u00edfica historia de Cortona.<\/p>\n\n\n\n<h2>3. La Fortaleza de Girifalco: Historia con Vista<\/h2>\n\n\n\n<figure class=\"wp-container-8 wp-block-gallery-7 wp-block-gallery has-nested-images columns-default is-cropped\">\n<figure class=\"wp-block-image size-large\"><img width=\"870\" height=\"490\" data-id=\"10722\"  src=\"https:\/\/ecobnb.es\/blog\/app\/uploads\/sites\/6\/2026\/01\/Progetto-senza-titolo-3.png\" alt=\"La Fortaleza del Girifalco\" class=\"wp-image-10722\" srcset=\"https:\/\/ecobnb.es\/blog\/app\/uploads\/sites\/6\/2026\/01\/Progetto-senza-titolo-3.png 870w, https:\/\/ecobnb.es\/blog\/app\/uploads\/sites\/6\/2026\/01\/Progetto-senza-titolo-3-536x302.png 536w, https:\/\/ecobnb.es\/blog\/app\/uploads\/sites\/6\/2026\/01\/Progetto-senza-titolo-3-768x433.png 768w, https:\/\/ecobnb.es\/blog\/app\/uploads\/sites\/6\/2026\/01\/Progetto-senza-titolo-3-570x320.png 570w, https:\/\/ecobnb.es\/blog\/app\/uploads\/sites\/6\/2026\/01\/Progetto-senza-titolo-3-344x194.png 344w\" sizes=\"(max-width: 870px) 100vw, 870px\" \/><figcaption>La Fortaleza del Girifalco, foto CanvaPro<\/figcaption><\/figure>\n<\/figure>\n\n\n\n<p>La&nbsp;<strong><a href=\"https:\/\/www.fortezzadelgirifalco.it\/\" target=\"_blank\" rel=\"noreferrer noopener\">fortaleza de Girifalco<\/a><\/strong>&nbsp;es un complejo monumental que data de alrededor del a\u00f1o 1200 y, a lo largo de los siglos, ha experimentado varios cambios y variaciones. Se encuentra en un punto panor\u00e1mico de Cortona, con una&nbsp;<strong>visita impresionante<\/strong>&nbsp;al pueblo.<\/p>\n\n\n\n<p>Un lugar de&nbsp;<strong>cultura<\/strong>&nbsp;que&nbsp;<strong>contiene en<\/strong>&nbsp;sus&nbsp;<strong>muros historia y tradiciones centenarias<\/strong>. Gracias a diversas intervenciones de restauraci\u00f3n, hoy la fortaleza tambi\u00e9n se ha transformado en un espacio cultural. En su interior, de hecho, se montan&nbsp;<strong>exposiciones temporales<\/strong>, eventos y eventos culturales.<\/p>\n\n\n\n<h2>4. Arte Toscana en el Museo Diocesano<\/h2>\n\n\n\n<figure class=\"wp-container-10 wp-block-gallery-9 wp-block-gallery has-nested-images columns-default is-cropped\">\n<figure class=\"wp-block-image size-large\"><img width=\"870\" height=\"490\" data-id=\"10723\"  src=\"https:\/\/ecobnb.es\/blog\/app\/uploads\/sites\/6\/2026\/01\/eo-7.png\" alt=\"Museo Diocesano de Cortona\" class=\"wp-image-10723\" srcset=\"https:\/\/ecobnb.es\/blog\/app\/uploads\/sites\/6\/2026\/01\/eo-7.png 870w, https:\/\/ecobnb.es\/blog\/app\/uploads\/sites\/6\/2026\/01\/eo-7-536x302.png 536w, https:\/\/ecobnb.es\/blog\/app\/uploads\/sites\/6\/2026\/01\/eo-7-768x433.png 768w, https:\/\/ecobnb.es\/blog\/app\/uploads\/sites\/6\/2026\/01\/eo-7-570x320.png 570w, https:\/\/ecobnb.es\/blog\/app\/uploads\/sites\/6\/2026\/01\/eo-7-344x194.png 344w\" sizes=\"(max-width: 870px) 100vw, 870px\" \/><figcaption>Visitaci\u00f3n Museo Diocesano de Cortona, Beato Angelico<\/figcaption><\/figure>\n<\/figure>\n\n\n\n<p>El&nbsp;<a href=\"https:\/\/www.cortonatuseibellezza.it\/museo-diocesano\/\" target=\"_blank\" rel=\"noreferrer noopener\">Museo Diocesano de Cortona<\/a>&nbsp;fue creado al final de la Segunda Guerra Mundial y se encuentra dentro de un antiguo complejo religioso, la&nbsp;<strong>Iglesia del Ges\u00f9<\/strong>. El complejo fue creado para proteger y preservar las extraordinarias obras maestras de las iglesias y conventos de Cortona.<\/p>\n\n\n\n<p>Este museo es realmente un peque\u00f1o custodio de joyas de&nbsp;<strong>espl\u00e9ndidas obras de arte<\/strong>&nbsp;y cultura, de varios artistas, como&nbsp;<strong>Luca Signorelli<\/strong>&nbsp;y&nbsp;<strong>el beato Angelico<\/strong>. Contiene un inmenso patrimonio art\u00edstico y cultural que definitivamente merece la pena visitar y conocer.<\/p>\n\n\n\n<h2>5. Catedral de Santa Mar\u00eda Assunta<\/h2>\n\n\n\n<figure class=\"wp-container-12 wp-block-gallery-11 wp-block-gallery has-nested-images columns-default is-cropped\">\n<figure class=\"wp-block-image size-large\"><img width=\"870\" height=\"490\" data-id=\"10724\"  src=\"https:\/\/ecobnb.es\/blog\/app\/uploads\/sites\/6\/2026\/01\/eo-2.png\" alt=\"Catedral de Santa Mar\u00eda Assunta\" class=\"wp-image-10724\" srcset=\"https:\/\/ecobnb.es\/blog\/app\/uploads\/sites\/6\/2026\/01\/eo-2.png 870w, https:\/\/ecobnb.es\/blog\/app\/uploads\/sites\/6\/2026\/01\/eo-2-536x302.png 536w, https:\/\/ecobnb.es\/blog\/app\/uploads\/sites\/6\/2026\/01\/eo-2-768x433.png 768w, https:\/\/ecobnb.es\/blog\/app\/uploads\/sites\/6\/2026\/01\/eo-2-570x320.png 570w, https:\/\/ecobnb.es\/blog\/app\/uploads\/sites\/6\/2026\/01\/eo-2-344x194.png 344w\" sizes=\"(max-width: 870px) 100vw, 870px\" \/><figcaption>Catedral de Santa Mar\u00eda Assunta, fachada exterior, Cortona<\/figcaption><\/figure>\n<\/figure>\n\n\n\n<p>A lo largo de tu itinerario para descubrir el territorio de Cortona, otro punto que sin duda merece la pena visitar es la&nbsp;<strong>Catedral de Santa Mar\u00eda Assunta<\/strong>.<\/p>\n\n\n\n<p>Otra parada esencial, especialmente desde un punto de vista hist\u00f3rico-cultural, es esta iglesia construida sobre las ruinas de un templo romano. Algunos restos de la estructura original a\u00fan son parcialmente visibles en la fachada del edificio y dan testimonio de su presencia anterior.<\/p>\n\n\n\n<p>Incluso dentro de esta iglesia se pueden encontrar maravillosas obras de arte que hacen que el interior del edificio sea a\u00fan m\u00e1s elegante y solemne.<\/p>\n\n\n\n<h2>6. Un Edificio de Novela: Villa Bramasole<\/h2>\n\n\n\n<p><strong>Toscana<\/strong>&nbsp;ha sido a menudo objeto de obras cinematogr\u00e1ficas y literarias, como en el libro autobiogr\u00e1fico de la escritora estadounidense&nbsp;<strong>Frances Mayes &#8220;<em>Bajo el sol toscano<\/em>&#8220;,<\/strong>&nbsp;ambientado en el pueblo de Cortona.<\/p>\n\n\n\n<figure class=\"wp-container-14 wp-block-gallery-13 wp-block-gallery has-nested-images columns-default is-cropped\">\n<figure class=\"wp-block-image size-large\"><img width=\"870\" height=\"490\" data-id=\"10725\"  src=\"https:\/\/ecobnb.es\/blog\/app\/uploads\/sites\/6\/2026\/01\/eo-3.png\" alt=\"Villa Bramasole, Cortona, escenario central de la novela de la escritora estadounidense Frances Mayes \u00abBajo el sol de la Toscana\u00bb. \" class=\"wp-image-10725\" srcset=\"https:\/\/ecobnb.es\/blog\/app\/uploads\/sites\/6\/2026\/01\/eo-3.png 870w, https:\/\/ecobnb.es\/blog\/app\/uploads\/sites\/6\/2026\/01\/eo-3-536x302.png 536w, https:\/\/ecobnb.es\/blog\/app\/uploads\/sites\/6\/2026\/01\/eo-3-768x433.png 768w, https:\/\/ecobnb.es\/blog\/app\/uploads\/sites\/6\/2026\/01\/eo-3-570x320.png 570w, https:\/\/ecobnb.es\/blog\/app\/uploads\/sites\/6\/2026\/01\/eo-3-344x194.png 344w\" sizes=\"(max-width: 870px) 100vw, 870px\" \/><figcaption>Villa Bramasole, Cortona, escenario central de la novela de la escritora estadounidense Frances Mayes \u00abBajo el sol de la Toscana\u00bb. Foto CanvaPro<\/figcaption><\/figure>\n<\/figure>\n\n\n\n<p>A poca distancia a pie, esta&nbsp;<strong>villa de 800<\/strong>&nbsp;habitantes, mencionada en la novela del escritor estadounidense, recibe el nombre de &#8216;Bramasole&#8217;. Este nombre proviene de que est\u00e1 situada al este y solo recibe el sol por la ma\u00f1ana, mientras que por la tarde la colina detr\u00e1s no deja entrar la luz del sol y, por tanto, la Villa la anhela durante la mayor parte del d\u00eda.<\/p>\n\n\n\n<p>Sin duda merece la pena visitarlo por su belleza, interna y externa, que nos recuerda el placer de una vida sencilla marcada por los ritmos del&nbsp;<strong>campo<\/strong>&nbsp;con sus aromas y sonidos.<\/p>\n\n\n\n<h2>7. Parque Arqueol\u00f3gico Sodo<\/h2>\n\n\n\n<figure class=\"wp-container-16 wp-block-gallery-15 wp-block-gallery has-nested-images columns-default is-cropped\">\n<figure class=\"wp-block-image size-large\"><img width=\"870\" height=\"490\" data-id=\"10726\"  src=\"https:\/\/ecobnb.es\/blog\/app\/uploads\/sites\/6\/2026\/01\/eo-4.png\" alt=\"Parque Arqueol\u00f3gico del Sodo\" class=\"wp-image-10726\" srcset=\"https:\/\/ecobnb.es\/blog\/app\/uploads\/sites\/6\/2026\/01\/eo-4.png 870w, https:\/\/ecobnb.es\/blog\/app\/uploads\/sites\/6\/2026\/01\/eo-4-536x302.png 536w, https:\/\/ecobnb.es\/blog\/app\/uploads\/sites\/6\/2026\/01\/eo-4-768x433.png 768w, https:\/\/ecobnb.es\/blog\/app\/uploads\/sites\/6\/2026\/01\/eo-4-570x320.png 570w, https:\/\/ecobnb.es\/blog\/app\/uploads\/sites\/6\/2026\/01\/eo-4-344x194.png 344w\" sizes=\"(max-width: 870px) 100vw, 870px\" \/><figcaption>Parque Arqueol\u00f3gico del Sodo, Cortona, foto de cortonamaec.org<\/figcaption><\/figure>\n<\/figure>\n\n\n\n<p>Parque arqueol\u00f3gico reci\u00e9n nacido que alberga dos&nbsp;<strong>t\u00famulos<\/strong>&nbsp;de la edad arcaica, con tumbas etruscas que datan del&nbsp;<strong>siglo VI<\/strong>, pertenecientes a pr\u00edncipes etruscos.<\/p>\n\n\n\n<p>Un lugar de&nbsp;<strong>considerable inter\u00e9s arqueol\u00f3gico<\/strong>&nbsp;donde se llevan a cabo durante todo el a\u00f1o iniciativas y actividades aptas para todas las edades, tanto para adultos como para ni\u00f1os.<\/p>\n\n\n\n<h2>8. Eventos Imperdibles en Cortona: Giostra dell&#8217;Archidado y Cortona On The Move<\/h2>\n\n\n\n<figure class=\"wp-container-18 wp-block-gallery-17 wp-block-gallery has-nested-images columns-default is-cropped\">\n<figure class=\"wp-block-image size-large\"><img width=\"870\" height=\"490\" data-id=\"10727\"  src=\"https:\/\/ecobnb.es\/blog\/app\/uploads\/sites\/6\/2026\/01\/eo-5.png\" alt=\"Eventos imperdibles en Cortona\" class=\"wp-image-10727\" srcset=\"https:\/\/ecobnb.es\/blog\/app\/uploads\/sites\/6\/2026\/01\/eo-5.png 870w, https:\/\/ecobnb.es\/blog\/app\/uploads\/sites\/6\/2026\/01\/eo-5-536x302.png 536w, https:\/\/ecobnb.es\/blog\/app\/uploads\/sites\/6\/2026\/01\/eo-5-768x433.png 768w, https:\/\/ecobnb.es\/blog\/app\/uploads\/sites\/6\/2026\/01\/eo-5-570x320.png 570w, https:\/\/ecobnb.es\/blog\/app\/uploads\/sites\/6\/2026\/01\/eo-5-344x194.png 344w\" sizes=\"(max-width: 870px) 100vw, 870px\" \/><figcaption>Eventos imperdibles en Cortona: Giostra dell\u2019Archidado y Cortona On The Move<\/figcaption><\/figure>\n<\/figure>\n\n\n\n<p>Durante el a\u00f1o, Cortona cobra vida gracias a eventos de gran atractivo:<\/p>\n\n\n\n<ul><li><strong><a href=\"https:\/\/www.giostraarchidado.com\/it.aspx\" target=\"_blank\" rel=\"noreferrer noopener\">Giostra dell&#8217;Archidado<\/a><\/strong>: una evocadora recreaci\u00f3n medieval que tiene lugar entre mayo y junio, transportando al pueblo al pasado entre costumbres, colores y tradiciones.<\/li><li><strong><a href=\"https:\/\/www.cortonaonthemove.com\/\" target=\"_blank\" rel=\"noreferrer noopener\">Cortona On The Move<\/a><\/strong>: festival internacional de fotograf\u00eda contempor\u00e1nea, que anima el verano cortonazo con exposiciones, encuentros e instalaciones amplias.<\/li><\/ul>\n\n\n\n<p>Ambos eventos realzan el patrimonio cultural del pueblo e involucran activamente a la comunidad local.<\/p>\n\n\n\n<h2>D\u00f3nde Dormir Verde en Cortona y sus Alrededores<\/h2>\n\n\n\n<p>Si eliges Cortona como destino para unas vacaciones sostenibles, el alojamiento tambi\u00e9n se convierte en una parte integral de la experiencia. De hecho, este territorio entre Toscana y Umbr\u00eda ofrece varias <strong><a href=\"https:\/\/ecobnb.es\/s\/Cortona,+AR,+Italia?adults=2&amp;bounds=43.277442,11.99582,43.270236,11.982122&amp;place_id=ChIJ14KngXj5KxMRTnNw3KF_zyc&amp;search_type=locality&amp;extension=25e3\" target=\"_blank\" rel=\"noreferrer noopener\">estructuras ecol\u00f3gicas<\/a><\/strong>&nbsp;capaces de combinar respeto al medio ambiente, recuperaci\u00f3n del patrimonio hist\u00f3rico y un profundo enriquecimiento del paisaje.<\/p>\n\n\n\n<h3><a href=\"https:\/\/ecobnb.es\/IT-arezzo\/granja\/convento-di-novole\/1x3jl\" target=\"_blank\" rel=\"noreferrer noopener\">Convento de Novole<\/a><\/h3>\n\n\n\n<figure class=\"wp-container-20 wp-block-gallery-19 wp-block-gallery has-nested-images columns-default is-cropped\">\n<figure class=\"wp-block-image size-large\"><img width=\"870\" height=\"490\" data-id=\"10728\"  src=\"https:\/\/ecobnb.es\/blog\/app\/uploads\/sites\/6\/2026\/01\/novole.png\" alt=\"Convento de Novole\" class=\"wp-image-10728\" srcset=\"https:\/\/ecobnb.es\/blog\/app\/uploads\/sites\/6\/2026\/01\/novole.png 870w, https:\/\/ecobnb.es\/blog\/app\/uploads\/sites\/6\/2026\/01\/novole-536x302.png 536w, https:\/\/ecobnb.es\/blog\/app\/uploads\/sites\/6\/2026\/01\/novole-768x433.png 768w, https:\/\/ecobnb.es\/blog\/app\/uploads\/sites\/6\/2026\/01\/novole-570x320.png 570w, https:\/\/ecobnb.es\/blog\/app\/uploads\/sites\/6\/2026\/01\/novole-344x194.png 344w\" sizes=\"(max-width: 870px) 100vw, 870px\" \/><figcaption>Convento de Novole, entre las colinas de Cortona<\/figcaption><\/figure>\n<\/figure>\n\n\n\n<p>Ubicado en las&nbsp;<strong>colinas a pocos kil\u00f3metros de Cortona<\/strong>, el&nbsp;<strong>Convento de Novole<\/strong>&nbsp;es una invitaci\u00f3n a bajar el ritmo. Aqu\u00ed duermes dentro de los muros de un antiguo complejo del siglo XV, rodeado de vegetaci\u00f3n, con la posibilidad de salir a pie o<strong>&nbsp;en bicicleta<\/strong>&nbsp;para descubrir la zona.  Adem\u00e1s, los edificios hist\u00f3ricos, ahora&nbsp;<strong>apartamentos independientes<\/strong>, ofrecen un lugar ideal para quienes buscan tranquilidad, naturaleza y unas vacaciones verdaderamente sostenibles.<\/p>\n\n\n\n<figure class=\"wp-container-22 wp-block-gallery-21 wp-block-gallery has-nested-images columns-default is-cropped\">\n<figure class=\"wp-block-image size-large\"><img width=\"870\" height=\"490\" data-id=\"10729\"  src=\"https:\/\/ecobnb.es\/blog\/app\/uploads\/sites\/6\/2026\/01\/borgo-torale.png\" alt=\"panoramas de colinas\" class=\"wp-image-10729\" srcset=\"https:\/\/ecobnb.es\/blog\/app\/uploads\/sites\/6\/2026\/01\/borgo-torale.png 870w, https:\/\/ecobnb.es\/blog\/app\/uploads\/sites\/6\/2026\/01\/borgo-torale-536x302.png 536w, https:\/\/ecobnb.es\/blog\/app\/uploads\/sites\/6\/2026\/01\/borgo-torale-768x433.png 768w, https:\/\/ecobnb.es\/blog\/app\/uploads\/sites\/6\/2026\/01\/borgo-torale-570x320.png 570w, https:\/\/ecobnb.es\/blog\/app\/uploads\/sites\/6\/2026\/01\/borgo-torale-344x194.png 344w\" sizes=\"(max-width: 870px) 100vw, 870px\" \/><figcaption>Relais Borgo Torale, a orillas del lago Trasimeno, a media hora de Cortona<\/figcaption><\/figure>\n<\/figure>\n\n\n\n<h3><a href=\"https:\/\/ecobnb.es\/IT-province-of-perugia\/granja\/relais-borgo-torale-con-vista-lago\/7kqGm\" target=\"_blank\" rel=\"noreferrer noopener\">Relais Borgo Torale<\/a><\/h3>\n\n\n\n<p>Alojarse en&nbsp;el Relais Borgo Torale&nbsp;significa dejarse conquistar por las vistas del&nbsp;lago Trasimeno, a media hora de Cortona. Los apartamentos panor\u00e1micos, obtenidos de un pueblo campesino del siglo XVII y alimentados por&nbsp;fuentes renovables, ofrecen silencio y vistas abiertas. As\u00ed como un ambiente ideal para relajarse y experimentar el paisaje de forma aut\u00e9ntica y sostenible.<\/p>\n\n\n\n<figure class=\"wp-container-24 wp-block-gallery-23 wp-block-gallery has-nested-images columns-default is-cropped\">\n<figure class=\"wp-block-image size-large\"><img width=\"870\" height=\"490\" data-id=\"10730\"  src=\"https:\/\/ecobnb.es\/blog\/app\/uploads\/sites\/6\/2026\/01\/cantico-nella-natura.png\" alt=\"alojamiento ecol\u00f3gico sostenible\" class=\"wp-image-10730\" srcset=\"https:\/\/ecobnb.es\/blog\/app\/uploads\/sites\/6\/2026\/01\/cantico-nella-natura.png 870w, https:\/\/ecobnb.es\/blog\/app\/uploads\/sites\/6\/2026\/01\/cantico-nella-natura-536x302.png 536w, https:\/\/ecobnb.es\/blog\/app\/uploads\/sites\/6\/2026\/01\/cantico-nella-natura-768x433.png 768w, https:\/\/ecobnb.es\/blog\/app\/uploads\/sites\/6\/2026\/01\/cantico-nella-natura-570x320.png 570w, https:\/\/ecobnb.es\/blog\/app\/uploads\/sites\/6\/2026\/01\/cantico-nella-natura-344x194.png 344w\" sizes=\"(max-width: 870px) 100vw, 870px\" \/><\/figure>\n<\/figure>\n\n\n\n<h3><a href=\"https:\/\/ecobnb.es\/IT-perugia\/recurso\/ecoresort-il-cantico-della-natura\/g2kP1\" target=\"_blank\" rel=\"noreferrer noopener\">Ecoresort Il Cantico della Natura<\/a><\/h3>\n\n\n\n<p>A unos treinta minutos de Cortona, rodeado de bosques y olivares,&nbsp;<strong>el Ecoresort Il Cantico della Natura<\/strong>&nbsp;da la bienvenida a los hu\u00e9spedes en un ambiente de tranquilidad y armon\u00eda. De hecho, las habitaciones y suites, inspiradas por los ciclos de la naturaleza, te invitan a un descanso profundo. Adem\u00e1s, los servicios dedicados al&nbsp;<strong>bienestar&nbsp;<\/strong>y una&nbsp;<strong>cocina atenta a los productos locales<\/strong>&nbsp;transforman la estancia en una experiencia regenerativa, en armon\u00eda con el paisaje.<\/p>\n\n\n\n<figure class=\"wp-container-26 wp-block-gallery-25 wp-block-gallery has-nested-images columns-default is-cropped\">\n<figure class=\"wp-block-image size-large\"><img width=\"870\" height=\"490\" data-id=\"10731\"  src=\"https:\/\/ecobnb.es\/blog\/app\/uploads\/sites\/6\/2026\/01\/cortona-dettaglio.png\" alt=\"vista desde lo alto del pueblo toscano Cortona\" class=\"wp-image-10731\" srcset=\"https:\/\/ecobnb.es\/blog\/app\/uploads\/sites\/6\/2026\/01\/cortona-dettaglio.png 870w, https:\/\/ecobnb.es\/blog\/app\/uploads\/sites\/6\/2026\/01\/cortona-dettaglio-536x302.png 536w, https:\/\/ecobnb.es\/blog\/app\/uploads\/sites\/6\/2026\/01\/cortona-dettaglio-768x433.png 768w, https:\/\/ecobnb.es\/blog\/app\/uploads\/sites\/6\/2026\/01\/cortona-dettaglio-570x320.png 570w, https:\/\/ecobnb.es\/blog\/app\/uploads\/sites\/6\/2026\/01\/cortona-dettaglio-344x194.png 344w\" sizes=\"(max-width: 870px) 100vw, 870px\" \/><figcaption>Cortona, vista desde lo alto del pueblo toscano, foto CanvaPro<\/figcaption><\/figure>\n<\/figure>\n\n\n\n<p>Cortona es el destino perfecto para un itinerario lento, inmerso en el campo toscano. Aqu\u00ed puedes avanzar al ritmo tranquilo de la naturaleza y rodearte de la historia y la cultura que hacen \u00fanico este lugar.&nbsp;<a href=\"https:\/\/ecobnb.es\/s\/Cortona,+AR,+Italia?adults=2&amp;bounds=43.277442,11.99582,43.270236,11.982122&amp;place_id=ChIJ14KngXj5KxMRTnNw3KF_zyc&amp;search_type=locality&amp;extension=25e3\" target=\"_blank\" rel=\"noreferrer noopener\">Reserva tu alojamiento sostenible ahora<\/a>&nbsp;y d\u00e9jate envolver por la magia, la tranquilidad y la energ\u00eda de la naturaleza en este encantador pueblo.<\/p>\n\n\n\n<p><em>Foto de Portada: CanvaPro<\/em><\/p>\n","protected":false},"excerpt":{"rendered":"<p>Cortona es un&nbsp;encantador pueblo toscano&nbsp;situado en la&nbsp;Valdichiana, un valle que se extiende entre&nbsp;Toscana&nbsp;y Umbr\u00eda. Caracterizada por&nbsp;una arquitectura medieval&nbsp;perfectamente conservada y profundas ra\u00edces etruscas, Cortona es un destino capaz de conquistar a cualquiera que ame&nbsp;viajar despacio, con respeto y curiosidad. Tanto si planeas un&nbsp;fin de semana&nbsp;como unas vacaciones cortas y regenerantes, Cortona es el lugar ideal [&hellip;]<\/p>\n","protected":false},"author":148,"featured_media":10717,"comment_status":"closed","ping_status":"closed","sticky":false,"template":"","format":"standard","meta":[],"categories":[222],"tags":[67,87,352],"acf":[],"yoast_head":"<!-- This site is optimized with the Yoast SEO plugin v19.9 - https:\/\/yoast.com\/wordpress\/plugins\/seo\/ -->\n<title>Gu\u00eda Verde de Cortona: un Pueblo M\u00e1gico Toscano que te Espera<\/title>\n<meta name=\"description\" content=\"Cortona es un encantador pueblo situado en la zona de Valdichiana, entre la Toscana y Umbr\u00eda, destino ideal para una estancia ecosostenible\" \/>\n<meta name=\"robots\" content=\"index, follow, max-snippet:-1, max-image-preview:large, max-video-preview:-1\" \/>\n<link rel=\"canonical\" href=\"https:\/\/ecobnb.es\/blog\/2026\/01\/guia-ecologica-cortona-pueblo-toscano\/\" \/>\n<meta property=\"og:locale\" content=\"es_ES\" \/>\n<meta property=\"og:type\" content=\"article\" \/>\n<meta property=\"og:title\" content=\"Gu\u00eda Verde de Cortona: un Pueblo M\u00e1gico Toscano que te Espera\" \/>\n<meta property=\"og:description\" content=\"Cortona es un encantador pueblo situado en la zona de Valdichiana, entre la Toscana y Umbr\u00eda, destino ideal para una estancia ecosostenible\" \/>\n<meta property=\"og:url\" content=\"https:\/\/ecobnb.es\/blog\/2026\/01\/guia-ecologica-cortona-pueblo-toscano\/\" \/>\n<meta property=\"og:site_name\" content=\"Ecobnb\" \/>\n<meta property=\"article:published_time\" content=\"2026-01-26T15:39:00+00:00\" \/>\n<meta property=\"article:modified_time\" content=\"2026-01-26T15:39:27+00:00\" \/>\n<meta property=\"og:image\" content=\"https:\/\/ecobnb.es\/blog\/app\/uploads\/sites\/6\/2026\/01\/eo-6.png\" \/>\n\t<meta property=\"og:image:width\" content=\"870\" \/>\n\t<meta property=\"og:image:height\" content=\"490\" \/>\n\t<meta property=\"og:image:type\" content=\"image\/png\" \/>\n<meta name=\"author\" content=\"Chiara Grottola\" \/>\n<meta name=\"twitter:card\" content=\"summary_large_image\" \/>\n<meta name=\"twitter:label1\" content=\"Written by\" \/>\n\t<meta name=\"twitter:data1\" content=\"Chiara Grottola\" \/>\n\t<meta name=\"twitter:label2\" content=\"Est. reading time\" \/>\n\t<meta name=\"twitter:data2\" content=\"9 minutes\" \/>\n<!-- \/ Yoast SEO plugin. -->","yoast_head_json":{"title":"Gu\u00eda Verde de Cortona: un Pueblo M\u00e1gico Toscano que te Espera","description":"Cortona es un encantador pueblo situado en la zona de Valdichiana, entre la Toscana y Umbr\u00eda, destino ideal para una estancia ecosostenible","robots":{"index":"index","follow":"follow","max-snippet":"max-snippet:-1","max-image-preview":"max-image-preview:large","max-video-preview":"max-video-preview:-1"},"canonical":"https:\/\/ecobnb.es\/blog\/2026\/01\/guia-ecologica-cortona-pueblo-toscano\/","og_locale":"es_ES","og_type":"article","og_title":"Gu\u00eda Verde de Cortona: un Pueblo M\u00e1gico Toscano que te Espera","og_description":"Cortona es un encantador pueblo situado en la zona de Valdichiana, entre la Toscana y Umbr\u00eda, destino ideal para una estancia ecosostenible","og_url":"https:\/\/ecobnb.es\/blog\/2026\/01\/guia-ecologica-cortona-pueblo-toscano\/","og_site_name":"Ecobnb","article_published_time":"2026-01-26T15:39:00+00:00","article_modified_time":"2026-01-26T15:39:27+00:00","og_image":[{"width":870,"height":490,"url":"https:\/\/ecobnb.es\/blog\/app\/uploads\/sites\/6\/2026\/01\/eo-6.png","type":"image\/png"}],"author":"Chiara Grottola","twitter_card":"summary_large_image","twitter_misc":{"Written by":"Chiara Grottola","Est. reading time":"9 minutes"},"schema":{"@context":"https:\/\/schema.org","@graph":[{"@type":"WebPage","@id":"https:\/\/ecobnb.es\/blog\/2026\/01\/guia-ecologica-cortona-pueblo-toscano\/","url":"https:\/\/ecobnb.es\/blog\/2026\/01\/guia-ecologica-cortona-pueblo-toscano\/","name":"Gu\u00eda Verde de Cortona: un Pueblo M\u00e1gico Toscano que te Espera","isPartOf":{"@id":"https:\/\/ecobnb.es\/blog\/#website"},"datePublished":"2026-01-26T15:39:00+00:00","dateModified":"2026-01-26T15:39:27+00:00","author":{"@id":"https:\/\/ecobnb.es\/blog\/#\/schema\/person\/0c04421fe15e562bd4657aa61e7c4ac8"},"description":"Cortona es un encantador pueblo situado en la zona de Valdichiana, entre la Toscana y Umbr\u00eda, destino ideal para una estancia ecosostenible","breadcrumb":{"@id":"https:\/\/ecobnb.es\/blog\/2026\/01\/guia-ecologica-cortona-pueblo-toscano\/#breadcrumb"},"inLanguage":"es-ES","potentialAction":[{"@type":"ReadAction","target":["https:\/\/ecobnb.es\/blog\/2026\/01\/guia-ecologica-cortona-pueblo-toscano\/"]}]},{"@type":"BreadcrumbList","@id":"https:\/\/ecobnb.es\/blog\/2026\/01\/guia-ecologica-cortona-pueblo-toscano\/#breadcrumb","itemListElement":[{"@type":"ListItem","position":1,"name":"Home","item":"https:\/\/ecobnb.es\/blog\/"},{"@type":"ListItem","position":2,"name":"Gu\u00eda Verde de Cortona: un Pueblo M\u00e1gico Toscano que te Espera"}]},{"@type":"WebSite","@id":"https:\/\/ecobnb.es\/blog\/#website","url":"https:\/\/ecobnb.es\/blog\/","name":"Ecobnb","description":"Find sustainable accommodation","potentialAction":[{"@type":"SearchAction","target":{"@type":"EntryPoint","urlTemplate":"https:\/\/ecobnb.es\/blog\/?s={search_term_string}"},"query-input":"required name=search_term_string"}],"inLanguage":"es-ES"},{"@type":"Person","@id":"https:\/\/ecobnb.es\/blog\/#\/schema\/person\/0c04421fe15e562bd4657aa61e7c4ac8","name":"Chiara Grottola","image":{"@type":"ImageObject","inLanguage":"es-ES","@id":"https:\/\/ecobnb.es\/blog\/#\/schema\/person\/image\/","url":"https:\/\/secure.gravatar.com\/avatar\/6453ff0568101f7617e817e13215bf01?s=96&d=monsterid&r=g","contentUrl":"https:\/\/secure.gravatar.com\/avatar\/6453ff0568101f7617e817e13215bf01?s=96&d=monsterid&r=g","caption":"Chiara Grottola"},"description":"Ciao! Mi chiamo Chiara, sono cresciuta tra le terre del buon vino e della pear\u00e1. Quando non sono impegnata ad interpretare qualche cavillo giuridico mi piace immaginarmi in qualche posto remoto in mezzo alla natura. Non ho un gran senso dell'orientamento, per questo mi perdo spesso, ma la maggior parte delle volte trovo strade alternative meravigliose. Mi piace avventurarmi e scoprire che il mondo \u00e8 pieno di volti e luoghi familiari. Perch\u00e9 non cercarli facendo attenzione a preservare l'ambiente e ci\u00f2 che ci circonda? Ne vale la pena, ve lo garantisco.","url":"https:\/\/ecobnb.es\/blog\/author\/chiaragrottola\/"}]}},"_links":{"self":[{"href":"https:\/\/ecobnb.es\/blog\/wp-json\/wp\/v2\/posts\/10716"}],"collection":[{"href":"https:\/\/ecobnb.es\/blog\/wp-json\/wp\/v2\/posts"}],"about":[{"href":"https:\/\/ecobnb.es\/blog\/wp-json\/wp\/v2\/types\/post"}],"author":[{"embeddable":true,"href":"https:\/\/ecobnb.es\/blog\/wp-json\/wp\/v2\/users\/148"}],"replies":[{"embeddable":true,"href":"https:\/\/ecobnb.es\/blog\/wp-json\/wp\/v2\/comments?post=10716"}],"version-history":[{"count":5,"href":"https:\/\/ecobnb.es\/blog\/wp-json\/wp\/v2\/posts\/10716\/revisions"}],"predecessor-version":[{"id":10788,"href":"https:\/\/ecobnb.es\/blog\/wp-json\/wp\/v2\/posts\/10716\/revisions\/10788"}],"wp:featuredmedia":[{"embeddable":true,"href":"https:\/\/ecobnb.es\/blog\/wp-json\/wp\/v2\/media\/10717"}],"wp:attachment":[{"href":"https:\/\/ecobnb.es\/blog\/wp-json\/wp\/v2\/media?parent=10716"}],"wp:term":[{"taxonomy":"category","embeddable":true,"href":"https:\/\/ecobnb.es\/blog\/wp-json\/wp\/v2\/categories?post=10716"},{"taxonomy":"post_tag","embeddable":true,"href":"https:\/\/ecobnb.es\/blog\/wp-json\/wp\/v2\/tags?post=10716"}],"curies":[{"name":"wp","href":"https:\/\/api.w.org\/{rel}","templated":true}]}}