{"id":10586,"date":"2025-12-10T18:03:44","date_gmt":"2025-12-10T18:03:44","guid":{"rendered":"https:\/\/ecobnb.es\/blog\/?p=10586"},"modified":"2025-12-10T18:03:54","modified_gmt":"2025-12-10T18:03:54","slug":"vivir-y-aprender-con-una-comunidad-indigena-brasilena","status":"publish","type":"post","link":"https:\/\/ecobnb.es\/blog\/2025\/12\/vivir-y-aprender-con-una-comunidad-indigena-brasilena\/","title":{"rendered":"Vivir y Aprender con Una Comunidad Ind\u00edgena Brasile\u00f1a"},"content":{"rendered":"\n<p>El <a href=\"https:\/\/ecobnb.es\/blog\/2016\/09\/turismo-responsable-desafio\/\" target=\"_blank\" rel=\"noreferrer noopener\">turismo responsable<\/a> puede ir m\u00e1s all\u00e1 de explorar la naturaleza o utilizar medios de transporte ecol\u00f3gicos: tambi\u00e9n puede consistir en conectar con las personas. Viajar de forma consciente significa valorar las culturas locales, proteger el medio ambiente y vivir experiencias que transforman nuestra forma de ver el mundo. Hemos entrevistado a una viajera que se adentr\u00f3 en la selva amaz\u00f3nica, entre r\u00edos y un verde infinito, para convivir con una comunidad ind\u00edgena que muestra de forma maravillosa c\u00f3mo la tradici\u00f3n y la <a href=\"https:\/\/ecobnb.es\/blog\/2021\/08\/ciudad-sostenible-ideas-para-lograr-sostenibilidad\/\" target=\"_blank\" rel=\"noreferrer noopener\">sostenibilidad<\/a> pueden ir de la mano.<\/p>\n\n\n\n<figure class=\"wp-container-2 wp-block-gallery-1 wp-block-gallery has-nested-images columns-default is-cropped\">\n<figure class=\"wp-block-image size-large\"><img width=\"870\" height=\"490\" data-id=\"10591\"  src=\"https:\/\/ecobnb.es\/blog\/app\/uploads\/sites\/6\/2025\/12\/Image-Size-1.png\" alt=\"Vivir y Aprender con Una Comunidad Ind\u00edgena Brasile\u00f1a\" class=\"wp-image-10591\" srcset=\"https:\/\/ecobnb.es\/blog\/app\/uploads\/sites\/6\/2025\/12\/Image-Size-1.png 870w, https:\/\/ecobnb.es\/blog\/app\/uploads\/sites\/6\/2025\/12\/Image-Size-1-536x302.png 536w, https:\/\/ecobnb.es\/blog\/app\/uploads\/sites\/6\/2025\/12\/Image-Size-1-768x433.png 768w, https:\/\/ecobnb.es\/blog\/app\/uploads\/sites\/6\/2025\/12\/Image-Size-1-570x320.png 570w, https:\/\/ecobnb.es\/blog\/app\/uploads\/sites\/6\/2025\/12\/Image-Size-1-344x194.png 344w\" sizes=\"(max-width: 870px) 100vw, 870px\" \/><figcaption>Foto de Alva Shoot (v\u00eda Canva)<\/figcaption><\/figure>\n<\/figure>\n\n\n\n<h2>\u00bfQu\u00e9 Piensa Cuando Imagina a los Pueblos Ind\u00edgenas de la Amazon\u00eda?<\/h2>\n\n\n\n<p>Para mucha gente, la imagen que tienen es la de tribus aisladas que viven en lo profundo del bosque, lejos de la vida moderna. Pero la realidad es mucho m\u00e1s diversa e inspiradora. La Amazon\u00eda brasile\u00f1a es el hogar de m\u00e1s de 400 grupos ind\u00edgenas, con casi 3 millones de personas y m\u00e1s de 160 lenguas distintas.<\/p>\n\n\n\n<p>Solo unos cien grupos viven en aislamiento voluntario. El resto son comunidades vibrantes y conectadas que equilibran la tradici\u00f3n con la innovaci\u00f3n y redefinen lo que significa <a href=\"https:\/\/ecobnb.es\/blog\/2021\/02\/decrecimiento-feliz-consumir-menos-vivir-mejor\/\" target=\"_blank\" rel=\"noreferrer noopener\">vivir de forma sostenible<\/a>.<\/p>\n\n\n\n<p>Para comprender esta realidad, habl\u00e9 con Ana Alberine, una brasile\u00f1a de 36 a\u00f1os que pas\u00f3 un mes viviendo en Tr\u00eas Unidos, una peque\u00f1a comunidad ind\u00edgena del pueblo Kambeba, situada a unos 60 km de Manaos. Solo se puede llegar en barco, a trav\u00e9s de los vastos r\u00edos que sustentan la selva y a sus habitantes.<\/p>\n\n\n\n<figure class=\"wp-container-4 wp-block-gallery-3 wp-block-gallery has-nested-images columns-default is-cropped\">\n<figure class=\"wp-block-image size-large\"><img width=\"870\" height=\"490\" data-id=\"10592\"  src=\"https:\/\/ecobnb.es\/blog\/app\/uploads\/sites\/6\/2025\/12\/Image-Size.png\" alt=\"Ana Alberine con el pueblo ind\u00edgena Tr\u00eas Unidos\" class=\"wp-image-10592\" srcset=\"https:\/\/ecobnb.es\/blog\/app\/uploads\/sites\/6\/2025\/12\/Image-Size.png 870w, https:\/\/ecobnb.es\/blog\/app\/uploads\/sites\/6\/2025\/12\/Image-Size-536x302.png 536w, https:\/\/ecobnb.es\/blog\/app\/uploads\/sites\/6\/2025\/12\/Image-Size-768x433.png 768w, https:\/\/ecobnb.es\/blog\/app\/uploads\/sites\/6\/2025\/12\/Image-Size-570x320.png 570w, https:\/\/ecobnb.es\/blog\/app\/uploads\/sites\/6\/2025\/12\/Image-Size-344x194.png 344w\" sizes=\"(max-width: 870px) 100vw, 870px\" \/><figcaption>Fotos de Ana (viajera)<\/figcaption><\/figure>\n<\/figure>\n\n\n\n<h2>5 Aprendizajes de Vivir con una Comunidad Ind\u00edgena Amaz\u00f3nica en Brasil<\/h2>\n\n\n\n<h3>1) Moverse al Ritmo de la Naturaleza<\/h3>\n\n\n\n<blockquote class=\"wp-block-quote\"><p>&#8220;En la ciudad, vivimos seg\u00fan el reloj. En el bosque, la vida sigue el ritmo de la naturaleza&#8221; , dice Ana<\/p><\/blockquote>\n\n\n\n<p>Tan pronto como lleg\u00f3, Ana fue recibida con los brazos abiertos. En el idioma kambeba, todos son \u00abparientes\u00bb. En cuesti\u00f3n de d\u00edas, se sinti\u00f3 parte de la familia.<\/p>\n\n\n\n<p>Lo que m\u00e1s le llam\u00f3 la atenci\u00f3n fue el ritmo de vida m\u00e1s lento. En Tr\u00eas Unidos, el tiempo no se divide en horas y plazos, sino que fluye con el sol, la lluvia y el r\u00edo. Cuando llueve, las actividades se detienen; la gente espera hasta que el tiempo mejora. Incluso el a\u00f1o escolar sigue las estaciones: durante los meses secos, las clases se suspenden porque los estudiantes cercanos no pueden llegar al pueblo en barco. Esto muestra un ejemplo real de c\u00f3mo la sociedad moderna ha perdido la conexi\u00f3n con la naturaleza y sus ciclos.<\/p>\n\n\n\n<p>En solo unos d\u00edas, Ana hab\u00eda dejado atr\u00e1s el ajetreo de la ciudad y se hab\u00eda sintonizado con un ritmo m\u00e1s tranquilo y natural, guiado por el propio bosque. Una aut\u00e9ntica experiencia de turismo sostenible.<\/p>\n\n\n\n<h3>2) Crecimiento, Identidad y Equilibrio<\/h3>\n\n\n\n<p>El pueblo Kambeba desaf\u00eda los estereotipos. Aunque est\u00e1n rodeados por el bosque, no est\u00e1n desconectados de la vida moderna. Los paneles solares proporcionan electricidad para cocinar, iluminar e incluso para un acceso limitado a Wi-Fi.<\/p>\n\n\n\n<p>Su l\u00edder, conocido como tuxaua, es un visionario que fund\u00f3 la comunidad hace menos de 30 a\u00f1os. Bajo su direcci\u00f3n, Tr\u00eas Unidos ha prosperado: ahora cuenta con dos escuelas, un centro de salud y una asociaci\u00f3n con la Fundaci\u00f3n Amazonas Sostenible (FAS). Incluso cruceros, como el Ibero Star, hacen escala semanalmente para comprar artesan\u00eda local, lo que contribuye a sostener la econom\u00eda local.<\/p>\n\n\n\n<figure class=\"wp-container-6 wp-block-gallery-5 wp-block-gallery has-nested-images columns-default is-cropped\">\n<figure class=\"wp-block-image size-large\"><img width=\"870\" height=\"490\" data-id=\"10593\"  src=\"https:\/\/ecobnb.es\/blog\/app\/uploads\/sites\/6\/2025\/12\/Image-Size-2.png\" alt=\"Barca en el r\u00edo\" class=\"wp-image-10593\" srcset=\"https:\/\/ecobnb.es\/blog\/app\/uploads\/sites\/6\/2025\/12\/Image-Size-2.png 870w, https:\/\/ecobnb.es\/blog\/app\/uploads\/sites\/6\/2025\/12\/Image-Size-2-536x302.png 536w, https:\/\/ecobnb.es\/blog\/app\/uploads\/sites\/6\/2025\/12\/Image-Size-2-768x433.png 768w, https:\/\/ecobnb.es\/blog\/app\/uploads\/sites\/6\/2025\/12\/Image-Size-2-570x320.png 570w, https:\/\/ecobnb.es\/blog\/app\/uploads\/sites\/6\/2025\/12\/Image-Size-2-344x194.png 344w\" sizes=\"(max-width: 870px) 100vw, 870px\" \/><figcaption>Foto de Ana (viajera)<\/figcaption><\/figure>\n<\/figure>\n\n\n\n<p>Sin embargo, el tuxaua se asegura de que el desarrollo moderno nunca borre su cultura. Las historias tradicionales, la gastronom\u00eda, el dialecto, las pinturas corporales (grafismos) y los deportes como el pirag\u00fcismo y el tiro con arco siguen formando parte de la vida cotidiana. \u00c9l y la comunidad defienden que la modernizaci\u00f3n puede producirse de forma sostenible, siempre y cuando el desarrollo respete el bosque, las tradiciones y el bienestar colectivo.<\/p>\n\n\n\n<p>Su forma de vida refleja los principios fundamentales de los Objetivos de Desarrollo Sostenible de las Naciones Unidas, en particular los que promueven comunidades sostenibles, el consumo responsable y la protecci\u00f3n de la vida en la tierra (ODS 11, 12 y 15). En Tr\u00eas Unidos, el desarrollo sostenible no es solo una idea, sino una pr\u00e1ctica cotidiana, donde el progreso y la preservaci\u00f3n evolucionan en paralelo.<\/p>\n\n\n\n<blockquote class=\"wp-block-quote is-style-default\"><p>&#8220;Todas las culturas evolucionan, y eso no las hace menos aut\u00e9nticas\u00bb, reflexion\u00f3 Ana.<\/p><p>&#8220;\u00bfPor qu\u00e9 nos sentimos libres de aceptar otras culturas, pero esperamos que los pueblos ind\u00edgenas permanezcan congelados en el tiempo?&#8221;.<\/p><\/blockquote>\n\n\n\n<h3>3) Empoderamiento: la Fuerza de las Mujeres Kambeba<\/h3>\n\n\n\n<p>Aunque el tuxaua es el l\u00edder principal, las mujeres son el coraz\u00f3n de la econom\u00eda de la comunidad. Crean hermosas joyas con semillas del bosque, tejen adornos tradicionales y son voces activas en los movimientos ind\u00edgenas.<\/p>\n\n\n\n<p>Ana se sinti\u00f3 conmovida por la cantidad de mujeres j\u00f3venes que lideraban iniciativas y hablaban en eventos sociales.<\/p>\n\n\n\n<blockquote class=\"wp-block-quote\"><p>&#8220;Es inspirador verlos tan seguros de s\u00ed mismos, forjando el futuro sin perder de vista sus ra\u00edces&#8221;, afirm\u00f3.<\/p><\/blockquote>\n\n\n\n<p>En Tr\u00eas Unidos, el empoderamiento surge del bosque y de la creencia de la comunidad en la igualdad, la colaboraci\u00f3n y el respeto.<\/p>\n\n\n\n<figure class=\"wp-container-8 wp-block-gallery-7 wp-block-gallery has-nested-images columns-default is-cropped\">\n<figure class=\"wp-block-image size-large\"><img width=\"870\" height=\"490\" data-id=\"10594\"  src=\"https:\/\/ecobnb.es\/blog\/app\/uploads\/sites\/6\/2025\/12\/Image-Size-3.png\" alt=\"Mujeres Ind\u00edgenas\" class=\"wp-image-10594\" srcset=\"https:\/\/ecobnb.es\/blog\/app\/uploads\/sites\/6\/2025\/12\/Image-Size-3.png 870w, https:\/\/ecobnb.es\/blog\/app\/uploads\/sites\/6\/2025\/12\/Image-Size-3-536x302.png 536w, https:\/\/ecobnb.es\/blog\/app\/uploads\/sites\/6\/2025\/12\/Image-Size-3-768x433.png 768w, https:\/\/ecobnb.es\/blog\/app\/uploads\/sites\/6\/2025\/12\/Image-Size-3-570x320.png 570w, https:\/\/ecobnb.es\/blog\/app\/uploads\/sites\/6\/2025\/12\/Image-Size-3-344x194.png 344w\" sizes=\"(max-width: 870px) 100vw, 870px\" \/><figcaption>Foto de Dxine y FG Trade (a trav\u00e9s de Canva)<\/figcaption><\/figure>\n<\/figure>\n\n\n\n<h3>4) Dormir en el Bosque: una Lecci\u00f3n del Tuxaua<\/h3>\n\n\n\n<p>Una noche, el tuxaua invit\u00f3 a Ana a dormir en el bosque, en una hamaca bajo las estrellas, para que sintiera lo mismo que \u00e9l sinti\u00f3 cuando lleg\u00f3 por primera vez.<\/p>\n\n\n\n<blockquote class=\"wp-block-quote\"><p>&#8220;Fue una de las mejores noches de sue\u00f1o que he tenido nunca&#8221;, sonri\u00f3 Ana.<\/p><\/blockquote>\n\n\n\n<p>Esa experiencia le hizo comprender lo que realmente significa la sostenibilidad: no es un concepto ni una lista de tareas, sino una forma de ser, de vivir en equilibrio con la naturaleza, no en contra de ella.<\/p>\n\n\n\n<h3>5) La Sabidur\u00eda del Amazonas: Vivir en Armon\u00eda Junto a la Comunidad Ind\u00edgena<\/h3>\n\n\n\n<p>El mes que Ana pas\u00f3 en Tr\u00eas Unidos revel\u00f3 que el turismo responsable puede ayudar a proteger la cultura, empoderar a las comunidades locales y crear conciencia sobre la importancia del Amazonas.<\/p>\n\n\n\n<p>El pueblo Kambeba es la prueba viviente de que el progreso y la tradici\u00f3n pueden coexistir, y nos muestra que la sostenibilidad es m\u00e1s que la protecci\u00f3n del medio ambiente: se trata de respeto, conexi\u00f3n y reciprocidad.<\/p>\n\n\n\n<p>El Amazonas no es solo el pulm\u00f3n del planeta. Es un aula viviente que nos ense\u00f1a c\u00f3mo la humanidad y la naturaleza pueden prosperar juntas.<\/p>\n\n\n\n<figure class=\"wp-container-10 wp-block-gallery-9 wp-block-gallery has-nested-images columns-default is-cropped\">\n<figure class=\"wp-block-image size-large\"><img width=\"870\" height=\"490\" data-id=\"10595\"  src=\"https:\/\/ecobnb.es\/blog\/app\/uploads\/sites\/6\/2025\/12\/Image-Size-1-2.png\" alt=\"Ana y comunidad ind\u00edgena\" class=\"wp-image-10595\" srcset=\"https:\/\/ecobnb.es\/blog\/app\/uploads\/sites\/6\/2025\/12\/Image-Size-1-2.png 870w, https:\/\/ecobnb.es\/blog\/app\/uploads\/sites\/6\/2025\/12\/Image-Size-1-2-536x302.png 536w, https:\/\/ecobnb.es\/blog\/app\/uploads\/sites\/6\/2025\/12\/Image-Size-1-2-768x433.png 768w, https:\/\/ecobnb.es\/blog\/app\/uploads\/sites\/6\/2025\/12\/Image-Size-1-2-570x320.png 570w, https:\/\/ecobnb.es\/blog\/app\/uploads\/sites\/6\/2025\/12\/Image-Size-1-2-344x194.png 344w\" sizes=\"(max-width: 870px) 100vw, 870px\" \/><figcaption>El mes de Ana con una comunidad ind\u00edgena en la Amazonia brasile\u00f1a. Fotos de Ana (viajera).<\/figcaption><\/figure>\n<\/figure>\n\n\n\n<h2>Consejos Pr\u00e1cticos para Viajar de Forma Responsable por la Amazon\u00eda<\/h2>\n\n\n\n<p>Si sue\u00f1as con visitar el Amazonas de forma responsable, ten en cuenta lo siguiente:<\/p>\n\n\n\n<ol><li>Elige proyectos tur\u00edsticos comunitarios y experiencias dirigidas por ind\u00edgenas.<\/li><li>Viaja con gu\u00edas locales certificados y respeta las normas de acceso.<\/li><li>Apoya a los artesanos y los mercados locales en lugar de comprar recuerdos producidos en masa.<\/li><li>Reduce los residuos y utiliza productos ecol\u00f3gicos: todo vuelve al bosque.<\/li><li>Y lo m\u00e1s importante, escucha y aprende de las personas que viven en el bosque.<\/li><\/ol>\n\n\n\n<p><em>Imagen de portada: foto v\u00eda Canva PRO<\/em><\/p>\n","protected":false},"excerpt":{"rendered":"<p>El turismo responsable puede ir m\u00e1s all\u00e1 de explorar la naturaleza o utilizar medios de transporte ecol\u00f3gicos: tambi\u00e9n puede consistir en conectar con las personas. Viajar de forma consciente significa valorar las culturas locales, proteger el medio ambiente y vivir experiencias que transforman nuestra forma de ver el mundo. Hemos entrevistado a una viajera que [&hellip;]<\/p>\n","protected":false},"author":148,"featured_media":10590,"comment_status":"closed","ping_status":"closed","sticky":false,"template":"","format":"standard","meta":[],"categories":[146,92,221],"tags":[445,67,352],"acf":[],"yoast_head":"<!-- This site is optimized with the Yoast SEO plugin v19.9 - https:\/\/yoast.com\/wordpress\/plugins\/seo\/ -->\n<title>Vivir y Aprender con Una Comunidad Ind\u00edgena Brasile\u00f1a - Ecobnb<\/title>\n<meta name=\"description\" content=\"Hemos entrevistado a una viajera que se adentr\u00f3 en la selva amaz\u00f3nica, entre un verde infinito, para convivir con una comunidad ind\u00edgena\" \/>\n<meta name=\"robots\" content=\"index, follow, max-snippet:-1, max-image-preview:large, max-video-preview:-1\" \/>\n<link rel=\"canonical\" href=\"https:\/\/ecobnb.es\/blog\/2025\/12\/vivir-y-aprender-con-una-comunidad-indigena-brasilena\/\" \/>\n<meta property=\"og:locale\" content=\"es_ES\" \/>\n<meta property=\"og:type\" content=\"article\" \/>\n<meta property=\"og:title\" content=\"Vivir y Aprender con Una Comunidad Ind\u00edgena Brasile\u00f1a - Ecobnb\" \/>\n<meta property=\"og:description\" content=\"Hemos entrevistado a una viajera que se adentr\u00f3 en la selva amaz\u00f3nica, entre un verde infinito, para convivir con una comunidad ind\u00edgena\" \/>\n<meta property=\"og:url\" content=\"https:\/\/ecobnb.es\/blog\/2025\/12\/vivir-y-aprender-con-una-comunidad-indigena-brasilena\/\" \/>\n<meta property=\"og:site_name\" content=\"Ecobnb\" \/>\n<meta property=\"article:published_time\" content=\"2025-12-10T18:03:44+00:00\" \/>\n<meta property=\"article:modified_time\" content=\"2025-12-10T18:03:54+00:00\" \/>\n<meta property=\"og:image\" content=\"https:\/\/ecobnb.es\/blog\/app\/uploads\/sites\/6\/2025\/12\/Cover-Size-1.png\" \/>\n\t<meta property=\"og:image:width\" content=\"1170\" \/>\n\t<meta property=\"og:image:height\" content=\"490\" \/>\n\t<meta property=\"og:image:type\" content=\"image\/png\" \/>\n<meta name=\"author\" content=\"Chiara Grottola\" \/>\n<meta name=\"twitter:card\" content=\"summary_large_image\" \/>\n<meta name=\"twitter:label1\" content=\"Written by\" \/>\n\t<meta name=\"twitter:data1\" content=\"Chiara Grottola\" \/>\n\t<meta name=\"twitter:label2\" content=\"Est. reading time\" \/>\n\t<meta name=\"twitter:data2\" content=\"7 minutes\" \/>\n<!-- \/ Yoast SEO plugin. -->","yoast_head_json":{"title":"Vivir y Aprender con Una Comunidad Ind\u00edgena Brasile\u00f1a - Ecobnb","description":"Hemos entrevistado a una viajera que se adentr\u00f3 en la selva amaz\u00f3nica, entre un verde infinito, para convivir con una comunidad ind\u00edgena","robots":{"index":"index","follow":"follow","max-snippet":"max-snippet:-1","max-image-preview":"max-image-preview:large","max-video-preview":"max-video-preview:-1"},"canonical":"https:\/\/ecobnb.es\/blog\/2025\/12\/vivir-y-aprender-con-una-comunidad-indigena-brasilena\/","og_locale":"es_ES","og_type":"article","og_title":"Vivir y Aprender con Una Comunidad Ind\u00edgena Brasile\u00f1a - Ecobnb","og_description":"Hemos entrevistado a una viajera que se adentr\u00f3 en la selva amaz\u00f3nica, entre un verde infinito, para convivir con una comunidad ind\u00edgena","og_url":"https:\/\/ecobnb.es\/blog\/2025\/12\/vivir-y-aprender-con-una-comunidad-indigena-brasilena\/","og_site_name":"Ecobnb","article_published_time":"2025-12-10T18:03:44+00:00","article_modified_time":"2025-12-10T18:03:54+00:00","og_image":[{"width":1170,"height":490,"url":"https:\/\/ecobnb.es\/blog\/app\/uploads\/sites\/6\/2025\/12\/Cover-Size-1.png","type":"image\/png"}],"author":"Chiara Grottola","twitter_card":"summary_large_image","twitter_misc":{"Written by":"Chiara Grottola","Est. reading time":"7 minutes"},"schema":{"@context":"https:\/\/schema.org","@graph":[{"@type":"WebPage","@id":"https:\/\/ecobnb.es\/blog\/2025\/12\/vivir-y-aprender-con-una-comunidad-indigena-brasilena\/","url":"https:\/\/ecobnb.es\/blog\/2025\/12\/vivir-y-aprender-con-una-comunidad-indigena-brasilena\/","name":"Vivir y Aprender con Una Comunidad Ind\u00edgena Brasile\u00f1a - Ecobnb","isPartOf":{"@id":"https:\/\/ecobnb.es\/blog\/#website"},"datePublished":"2025-12-10T18:03:44+00:00","dateModified":"2025-12-10T18:03:54+00:00","author":{"@id":"https:\/\/ecobnb.es\/blog\/#\/schema\/person\/0c04421fe15e562bd4657aa61e7c4ac8"},"description":"Hemos entrevistado a una viajera que se adentr\u00f3 en la selva amaz\u00f3nica, entre un verde infinito, para convivir con una comunidad ind\u00edgena","breadcrumb":{"@id":"https:\/\/ecobnb.es\/blog\/2025\/12\/vivir-y-aprender-con-una-comunidad-indigena-brasilena\/#breadcrumb"},"inLanguage":"es-ES","potentialAction":[{"@type":"ReadAction","target":["https:\/\/ecobnb.es\/blog\/2025\/12\/vivir-y-aprender-con-una-comunidad-indigena-brasilena\/"]}]},{"@type":"BreadcrumbList","@id":"https:\/\/ecobnb.es\/blog\/2025\/12\/vivir-y-aprender-con-una-comunidad-indigena-brasilena\/#breadcrumb","itemListElement":[{"@type":"ListItem","position":1,"name":"Home","item":"https:\/\/ecobnb.es\/blog\/"},{"@type":"ListItem","position":2,"name":"Vivir y Aprender con Una Comunidad Ind\u00edgena Brasile\u00f1a"}]},{"@type":"WebSite","@id":"https:\/\/ecobnb.es\/blog\/#website","url":"https:\/\/ecobnb.es\/blog\/","name":"Ecobnb","description":"Find sustainable accommodation","potentialAction":[{"@type":"SearchAction","target":{"@type":"EntryPoint","urlTemplate":"https:\/\/ecobnb.es\/blog\/?s={search_term_string}"},"query-input":"required name=search_term_string"}],"inLanguage":"es-ES"},{"@type":"Person","@id":"https:\/\/ecobnb.es\/blog\/#\/schema\/person\/0c04421fe15e562bd4657aa61e7c4ac8","name":"Chiara Grottola","image":{"@type":"ImageObject","inLanguage":"es-ES","@id":"https:\/\/ecobnb.es\/blog\/#\/schema\/person\/image\/","url":"https:\/\/secure.gravatar.com\/avatar\/6453ff0568101f7617e817e13215bf01?s=96&d=monsterid&r=g","contentUrl":"https:\/\/secure.gravatar.com\/avatar\/6453ff0568101f7617e817e13215bf01?s=96&d=monsterid&r=g","caption":"Chiara Grottola"},"description":"Ciao! Mi chiamo Chiara, sono cresciuta tra le terre del buon vino e della pear\u00e1. Quando non sono impegnata ad interpretare qualche cavillo giuridico mi piace immaginarmi in qualche posto remoto in mezzo alla natura. Non ho un gran senso dell'orientamento, per questo mi perdo spesso, ma la maggior parte delle volte trovo strade alternative meravigliose. Mi piace avventurarmi e scoprire che il mondo \u00e8 pieno di volti e luoghi familiari. Perch\u00e9 non cercarli facendo attenzione a preservare l'ambiente e ci\u00f2 che ci circonda? Ne vale la pena, ve lo garantisco.","url":"https:\/\/ecobnb.es\/blog\/author\/chiaragrottola\/"}]}},"_links":{"self":[{"href":"https:\/\/ecobnb.es\/blog\/wp-json\/wp\/v2\/posts\/10586"}],"collection":[{"href":"https:\/\/ecobnb.es\/blog\/wp-json\/wp\/v2\/posts"}],"about":[{"href":"https:\/\/ecobnb.es\/blog\/wp-json\/wp\/v2\/types\/post"}],"author":[{"embeddable":true,"href":"https:\/\/ecobnb.es\/blog\/wp-json\/wp\/v2\/users\/148"}],"replies":[{"embeddable":true,"href":"https:\/\/ecobnb.es\/blog\/wp-json\/wp\/v2\/comments?post=10586"}],"version-history":[{"count":7,"href":"https:\/\/ecobnb.es\/blog\/wp-json\/wp\/v2\/posts\/10586\/revisions"}],"predecessor-version":[{"id":10601,"href":"https:\/\/ecobnb.es\/blog\/wp-json\/wp\/v2\/posts\/10586\/revisions\/10601"}],"wp:featuredmedia":[{"embeddable":true,"href":"https:\/\/ecobnb.es\/blog\/wp-json\/wp\/v2\/media\/10590"}],"wp:attachment":[{"href":"https:\/\/ecobnb.es\/blog\/wp-json\/wp\/v2\/media?parent=10586"}],"wp:term":[{"taxonomy":"category","embeddable":true,"href":"https:\/\/ecobnb.es\/blog\/wp-json\/wp\/v2\/categories?post=10586"},{"taxonomy":"post_tag","embeddable":true,"href":"https:\/\/ecobnb.es\/blog\/wp-json\/wp\/v2\/tags?post=10586"}],"curies":[{"name":"wp","href":"https:\/\/api.w.org\/{rel}","templated":true}]}}